{"id":10631,"date":"2020-11-18T11:36:00","date_gmt":"2020-11-18T10:36:00","guid":{"rendered":"https:\/\/trockendock.one\/158\/?p=10631"},"modified":"2021-10-04T07:41:50","modified_gmt":"2021-10-04T05:41:50","slug":"umbaumassnahmen-esplanade-einzelhaendler-gastronomen-und-hotellerie-rund-um-die-esplanade-unterstuetzen","status":"publish","type":"post","link":"https:\/\/www.cdu-fraktion-hamburg-mitte.de\/cms\/umbaumassnahmen-esplanade-einzelhaendler-gastronomen-und-hotellerie-rund-um-die-esplanade-unterstuetzen\/","title":{"rendered":"Umbauma\u00dfnahmen Esplanade: Einzelh\u00e4ndler, Gastronomen und Hotellerie rund um die Esplanade unterst\u00fctzen"},"content":{"rendered":"\n<p>Die Corona-Pandemie hat auch in Hamburg kaum eine Branche so hart getroffen wie die Gastronomie und Hotellerie. Die Gewerbetreibenden an der Esplanade und in der Dammtorstra\u00dfe, oftmals inhabergef\u00fchrte Unternehmen, befinden sich am Rand ihrer wirtschaftlichen Belastbarkeit. Bereits seit Jahren ist die Erreichbarkeit der Hotels und der gastronomischen Betriebe rund um die Esplanade durch wiederkehrende Baut\u00e4tigkeiten erheblich eingeschr\u00e4nkt. Der derzeit f\u00fcr Fr\u00fchjahr 2021 geplante Umbaubeginn der Esplanade w\u00fcrde die wirtschaftliche Situation der Gewerbetreibenden vor Ort dramatisch verschlechtern und Gesch\u00e4ftsaufgaben zur Folge haben.<\/p>\n\n\n\n<p>Um dies abzuwenden, macht sich die Koalition aus CDU, SPD und FDP daf\u00fcr stark, dass die zust\u00e4ndige Beh\u00f6rde und der Landesbetrieb Stra\u00dfen, Br\u00fccken und Gew\u00e4sser (LSBG) den Beginn der Umbauma\u00dfnahmen der Esplanade zun\u00e4chst bis Mitte 2022 verschiebt. Ein entsprechender Antrag wird am Donnerstag in den Hauptausschuss eingebracht. Bei der dann vorzunehmenden Neubeurteilung eines m\u00f6glichen Baubeginns sollen auch die Planungen anstehender Baut\u00e4tigkeiten im Kreuzungsbereich Neuer Jungfernstieg\/Esplanade mitber\u00fccksichtigt werden.<\/p>\n\n\n\n<p><strong>Zitate der Fraktionen:<\/strong><\/p>\n\n\n\n<p><strong>Daniela Aust,&nbsp;<\/strong>verkehrspolitische Sprecherin der CDU-Bezirksfraktion:<br><em>\u201eDie Gewerbetreibenden im Areal der Esplanade\/Dammtorstra\u00dfe stehen durch die Corona-Pandemie bereits jetzt mit dem R\u00fccken zur Wand. Eine mindestens einj\u00e4hrige Dauer-Baustelle wird Gesch\u00e4ftsaufgaben traditionsreicher, inhabergef\u00fchrter Betriebe zur Folge haben. Um dies zu verhindern und die Arbeitspl\u00e4tze zu sichern, braucht es mehr Solidarit\u00e4t. Der Senat muss die geplanten Umbauma\u00dfnahmen bis Mitte 2022 zur\u00fcckstellen, damit den Betrieben die Chance weiter zu existieren bleibt.\u201c<\/em><\/p>\n\n\n\n<p><strong>David Dworzynski<\/strong>, mobilit\u00e4tspolitischer Sprecher der SPD-Bezirksfraktion:<br><em>\u201eDurch die Corona-Pandemie sowie die bereits andauernde Baustelle an der Esplanade sind Einzelhandel und die Gastronomie an der Esplanade schon jetzt sehr belastet. Durch die Verschiebung der Bauma\u00dfnahme um einige Monate kann den Gewerbetreibenden vor Ort etwas Luft in dieser f\u00fcr sie schwierigen Zeit verschafft werden.\u201c<\/em><\/p>\n\n\n\n<p><strong>Dian Diaman<\/strong>, stv. Fraktionsvorsitzender der FDP-Bezirksfraktion:<br><em>\u201eDie Pandemie trifft die Gewerbetreibenden der Innenstadt in besonderem Ma\u00dfe. Die Auswirkungen der Umbauma\u00dfnahmen am Jungfernstieg sind noch nicht absehbar. Wir wollen die Arbeitspl\u00e4tze sch\u00fctzen. Deshalb muss der Umbau verschoben werden.\u201c<\/em><\/p>\n\n\n\n<p>Hierzu erkl\u00e4rt auch der CDU-Bundestagsabgeordnete&nbsp;<strong>Christoph de Vries<\/strong>, der sich zusammen mit Daniela Aust mit den Anliegern pers\u00f6nlich ausgetauscht hatte:<br><em>\u201eDie Corona-Pandemie verlangt nicht nur den B\u00fcrgern, sondern insbesondere auch vielen Betrieben und Unternehmen in Hamburg extrem viel ab. Mit den Betriebsschlie\u00dfungen im Fr\u00fchjahr und nun erneut im Herbst leisten viele Unternehmen und Betriebe zur Eind\u00e4mmung der Pandemie einen Akt gesellschaftlicher Solidarit\u00e4t, der enorme wirtschaftliche H\u00e4rten bis hin zur Bedrohung der Existenz f\u00fcr sie zur Folge hat. Es ist deshalb ein Gebot staatlicher F\u00fcrsorge und Vernunft, diesen mittelst\u00e4ndischen Unternehmen in n\u00e4chster Zeit keine weiteren Steine in den Weg zu legen und ihre wirtschaftlichen Aktivit\u00e4ten nicht noch zus\u00e4tzlich zu behindern. Deshalb ist der Senat aufgefordert, die an der Esplanade geplanten Bauma\u00dfnahmen solange auszusetzen, bis sich die wirtschaftliche Situation von Hotels, Gastronomiebetrieben und anderen Gewerbetreibenden vor Ort normalisiert hat. Perspektivisch m\u00fcssen Esplanade und das umgebende Quartier so umgestaltet werden, dass ausreichend Fl\u00e4chen f\u00fcr Lieferanten und Reisebusse in unmittelbarer N\u00e4he der Hotels und Gastronomiebetriebe zur Verf\u00fcgung stehen.\u201c<\/em><\/p>\n","protected":false},"excerpt":{"rendered":"<p>Die Corona-Pandemie hat auch in Hamburg kaum eine Branche so hart getroffen wie die Gastronomie und Hotellerie. Die Gewerbetreibenden an der Esplanade und in der Dammtorstra\u00dfe, oftmals inhabergef\u00fchrte Unternehmen, befinden sich am Rand ihrer wirtschaftlichen Belastbarkeit. Bereits seit Jahren ist die Erreichbarkeit der Hotels und der gastronomischen Betriebe rund um&hellip;<\/p>\n","protected":false},"author":42,"featured_media":0,"comment_status":"closed","ping_status":"closed","sticky":false,"template":"","format":"standard","meta":{"inline_featured_image":false,"footnotes":""},"categories":[538],"tags":[519,532,509],"class_list":["post-10631","post","type-post","status-publish","format-standard","hentry","category-kums","tag-daniela-aust","tag-esplanade","tag-mobilitaet"],"yoast_head":"<!-- This site is optimized with the Yoast SEO plugin v27.5 - https:\/\/yoast.com\/product\/yoast-seo-wordpress\/ -->\n<title>Umbauma\u00dfnahmen Esplanade: Einzelh\u00e4ndler, Gastronomen und Hotellerie rund um die Esplanade unterst\u00fctzen &#8226; CDU-Bezirksfraktion Hamburg-Mitte<\/title>\n<meta name=\"robots\" content=\"index, follow, max-snippet:-1, max-image-preview:large, max-video-preview:-1\" \/>\n<link rel=\"canonical\" href=\"https:\/\/www.cdu-fraktion-hamburg-mitte.de\/cms\/umbaumassnahmen-esplanade-einzelhaendler-gastronomen-und-hotellerie-rund-um-die-esplanade-unterstuetzen\/\" \/>\n<meta property=\"og:locale\" content=\"de_DE\" \/>\n<meta property=\"og:type\" content=\"article\" \/>\n<meta property=\"og:title\" content=\"Umbauma\u00dfnahmen Esplanade: Einzelh\u00e4ndler, Gastronomen und Hotellerie rund um die Esplanade unterst\u00fctzen &#8226; CDU-Bezirksfraktion Hamburg-Mitte\" \/>\n<meta property=\"og:description\" content=\"Die Corona-Pandemie hat auch in Hamburg kaum eine Branche so hart getroffen wie die Gastronomie und Hotellerie. Die Gewerbetreibenden an der Esplanade und in der Dammtorstra\u00dfe, oftmals inhabergef\u00fchrte Unternehmen, befinden sich am Rand ihrer wirtschaftlichen Belastbarkeit. Bereits seit Jahren ist die Erreichbarkeit der Hotels und der gastronomischen Betriebe rund um&hellip;\" \/>\n<meta property=\"og:url\" content=\"https:\/\/www.cdu-fraktion-hamburg-mitte.de\/cms\/umbaumassnahmen-esplanade-einzelhaendler-gastronomen-und-hotellerie-rund-um-die-esplanade-unterstuetzen\/\" \/>\n<meta property=\"og:site_name\" content=\"CDU-Bezirksfraktion Hamburg-Mitte\" \/>\n<meta property=\"article:published_time\" content=\"2020-11-18T10:36:00+00:00\" \/>\n<meta property=\"article:modified_time\" content=\"2021-10-04T05:41:50+00:00\" \/>\n<meta name=\"author\" content=\"Daniela Aust\" \/>\n<meta name=\"twitter:card\" content=\"summary_large_image\" \/>\n<meta name=\"twitter:label1\" content=\"Verfasst von\" \/>\n\t<meta name=\"twitter:data1\" content=\"Daniela Aust\" \/>\n\t<meta name=\"twitter:label2\" content=\"Gesch\u00e4tzte Lesezeit\" \/>\n\t<meta name=\"twitter:data2\" content=\"3\u00a0Minuten\" \/>\n<script type=\"application\/ld+json\" class=\"yoast-schema-graph\">{\"@context\":\"https:\\\/\\\/schema.org\",\"@graph\":[{\"@type\":\"Article\",\"@id\":\"https:\\\/\\\/www.cdu-fraktion-hamburg-mitte.de\\\/cms\\\/umbaumassnahmen-esplanade-einzelhaendler-gastronomen-und-hotellerie-rund-um-die-esplanade-unterstuetzen\\\/#article\",\"isPartOf\":{\"@id\":\"https:\\\/\\\/www.cdu-fraktion-hamburg-mitte.de\\\/cms\\\/umbaumassnahmen-esplanade-einzelhaendler-gastronomen-und-hotellerie-rund-um-die-esplanade-unterstuetzen\\\/\"},\"author\":{\"name\":\"Daniela Aust\",\"@id\":\"https:\\\/\\\/www.cdu-fraktion-hamburg-mitte.de\\\/cms\\\/#\\\/schema\\\/person\\\/915be47448bdcff81586a5d348f94aac\"},\"headline\":\"Umbauma\u00dfnahmen Esplanade: Einzelh\u00e4ndler, Gastronomen und Hotellerie rund um die Esplanade unterst\u00fctzen\",\"datePublished\":\"2020-11-18T10:36:00+00:00\",\"dateModified\":\"2021-10-04T05:41:50+00:00\",\"mainEntityOfPage\":{\"@id\":\"https:\\\/\\\/www.cdu-fraktion-hamburg-mitte.de\\\/cms\\\/umbaumassnahmen-esplanade-einzelhaendler-gastronomen-und-hotellerie-rund-um-die-esplanade-unterstuetzen\\\/\"},\"wordCount\":541,\"publisher\":{\"@id\":\"https:\\\/\\\/www.cdu-fraktion-hamburg-mitte.de\\\/cms\\\/#organization\"},\"keywords\":[\"Daniela Aust\",\"Esplanade\",\"Mobilit\u00e4t\"],\"articleSection\":[\"Klimaschutz, Umwelt, Mobilit\u00e4t und Stadtnatur\"],\"inLanguage\":\"de\"},{\"@type\":\"WebPage\",\"@id\":\"https:\\\/\\\/www.cdu-fraktion-hamburg-mitte.de\\\/cms\\\/umbaumassnahmen-esplanade-einzelhaendler-gastronomen-und-hotellerie-rund-um-die-esplanade-unterstuetzen\\\/\",\"url\":\"https:\\\/\\\/www.cdu-fraktion-hamburg-mitte.de\\\/cms\\\/umbaumassnahmen-esplanade-einzelhaendler-gastronomen-und-hotellerie-rund-um-die-esplanade-unterstuetzen\\\/\",\"name\":\"Umbauma\u00dfnahmen Esplanade: Einzelh\u00e4ndler, Gastronomen und Hotellerie rund um die Esplanade unterst\u00fctzen &#8226; CDU-Bezirksfraktion Hamburg-Mitte\",\"isPartOf\":{\"@id\":\"https:\\\/\\\/www.cdu-fraktion-hamburg-mitte.de\\\/cms\\\/#website\"},\"datePublished\":\"2020-11-18T10:36:00+00:00\",\"dateModified\":\"2021-10-04T05:41:50+00:00\",\"breadcrumb\":{\"@id\":\"https:\\\/\\\/www.cdu-fraktion-hamburg-mitte.de\\\/cms\\\/umbaumassnahmen-esplanade-einzelhaendler-gastronomen-und-hotellerie-rund-um-die-esplanade-unterstuetzen\\\/#breadcrumb\"},\"inLanguage\":\"de\",\"potentialAction\":[{\"@type\":\"ReadAction\",\"target\":[\"https:\\\/\\\/www.cdu-fraktion-hamburg-mitte.de\\\/cms\\\/umbaumassnahmen-esplanade-einzelhaendler-gastronomen-und-hotellerie-rund-um-die-esplanade-unterstuetzen\\\/\"]}]},{\"@type\":\"BreadcrumbList\",\"@id\":\"https:\\\/\\\/www.cdu-fraktion-hamburg-mitte.de\\\/cms\\\/umbaumassnahmen-esplanade-einzelhaendler-gastronomen-und-hotellerie-rund-um-die-esplanade-unterstuetzen\\\/#breadcrumb\",\"itemListElement\":[{\"@type\":\"ListItem\",\"position\":1,\"name\":\"Startseite\",\"item\":\"https:\\\/\\\/www.cdu-fraktion-hamburg-mitte.de\\\/cms\\\/\"},{\"@type\":\"ListItem\",\"position\":2,\"name\":\"Umbauma\u00dfnahmen Esplanade: Einzelh\u00e4ndler, Gastronomen und Hotellerie rund um die Esplanade unterst\u00fctzen\"}]},{\"@type\":\"WebSite\",\"@id\":\"https:\\\/\\\/www.cdu-fraktion-hamburg-mitte.de\\\/cms\\\/#website\",\"url\":\"https:\\\/\\\/www.cdu-fraktion-hamburg-mitte.de\\\/cms\\\/\",\"name\":\"CDU-Bezirksfraktion Hamburg-Mitte\",\"description\":\"Politik in der Bezirksversammlung Hamburg-Mitte\",\"publisher\":{\"@id\":\"https:\\\/\\\/www.cdu-fraktion-hamburg-mitte.de\\\/cms\\\/#organization\"},\"potentialAction\":[{\"@type\":\"SearchAction\",\"target\":{\"@type\":\"EntryPoint\",\"urlTemplate\":\"https:\\\/\\\/www.cdu-fraktion-hamburg-mitte.de\\\/cms\\\/?s={search_term_string}\"},\"query-input\":{\"@type\":\"PropertyValueSpecification\",\"valueRequired\":true,\"valueName\":\"search_term_string\"}}],\"inLanguage\":\"de\"},{\"@type\":\"Organization\",\"@id\":\"https:\\\/\\\/www.cdu-fraktion-hamburg-mitte.de\\\/cms\\\/#organization\",\"name\":\"CDU-B\u00fcrgerschaftsfraktion Hamburg\",\"url\":\"https:\\\/\\\/www.cdu-fraktion-hamburg-mitte.de\\\/cms\\\/\",\"logo\":{\"@type\":\"ImageObject\",\"inLanguage\":\"de\",\"@id\":\"https:\\\/\\\/www.cdu-fraktion-hamburg-mitte.de\\\/cms\\\/#\\\/schema\\\/logo\\\/image\\\/\",\"url\":\"\",\"contentUrl\":\"\",\"caption\":\"CDU-B\u00fcrgerschaftsfraktion Hamburg\"},\"image\":{\"@id\":\"https:\\\/\\\/www.cdu-fraktion-hamburg-mitte.de\\\/cms\\\/#\\\/schema\\\/logo\\\/image\\\/\"}},{\"@type\":\"Person\",\"@id\":\"https:\\\/\\\/www.cdu-fraktion-hamburg-mitte.de\\\/cms\\\/#\\\/schema\\\/person\\\/915be47448bdcff81586a5d348f94aac\",\"name\":\"Daniela Aust\",\"image\":{\"@type\":\"ImageObject\",\"inLanguage\":\"de\",\"@id\":\"https:\\\/\\\/www.cdu-fraktion-hamburg-mitte.de\\\/cms\\\/wp-content\\\/uploads\\\/2023\\\/11\\\/CDU-Logo-Avatar-150x150.png\",\"url\":\"https:\\\/\\\/www.cdu-fraktion-hamburg-mitte.de\\\/cms\\\/wp-content\\\/uploads\\\/2023\\\/11\\\/CDU-Logo-Avatar-150x150.png\",\"contentUrl\":\"https:\\\/\\\/www.cdu-fraktion-hamburg-mitte.de\\\/cms\\\/wp-content\\\/uploads\\\/2023\\\/11\\\/CDU-Logo-Avatar-150x150.png\",\"caption\":\"Daniela Aust\"},\"url\":\"https:\\\/\\\/www.cdu-fraktion-hamburg-mitte.de\\\/cms\\\/author\\\/daniela-aust\\\/\"}]}<\/script>\n<!-- \/ Yoast SEO plugin. -->","yoast_head_json":{"title":"Umbauma\u00dfnahmen Esplanade: Einzelh\u00e4ndler, Gastronomen und Hotellerie rund um die Esplanade unterst\u00fctzen &#8226; CDU-Bezirksfraktion Hamburg-Mitte","robots":{"index":"index","follow":"follow","max-snippet":"max-snippet:-1","max-image-preview":"max-image-preview:large","max-video-preview":"max-video-preview:-1"},"canonical":"https:\/\/www.cdu-fraktion-hamburg-mitte.de\/cms\/umbaumassnahmen-esplanade-einzelhaendler-gastronomen-und-hotellerie-rund-um-die-esplanade-unterstuetzen\/","og_locale":"de_DE","og_type":"article","og_title":"Umbauma\u00dfnahmen Esplanade: Einzelh\u00e4ndler, Gastronomen und Hotellerie rund um die Esplanade unterst\u00fctzen &#8226; CDU-Bezirksfraktion Hamburg-Mitte","og_description":"Die Corona-Pandemie hat auch in Hamburg kaum eine Branche so hart getroffen wie die Gastronomie und Hotellerie. Die Gewerbetreibenden an der Esplanade und in der Dammtorstra\u00dfe, oftmals inhabergef\u00fchrte Unternehmen, befinden sich am Rand ihrer wirtschaftlichen Belastbarkeit. Bereits seit Jahren ist die Erreichbarkeit der Hotels und der gastronomischen Betriebe rund um&hellip;","og_url":"https:\/\/www.cdu-fraktion-hamburg-mitte.de\/cms\/umbaumassnahmen-esplanade-einzelhaendler-gastronomen-und-hotellerie-rund-um-die-esplanade-unterstuetzen\/","og_site_name":"CDU-Bezirksfraktion Hamburg-Mitte","article_published_time":"2020-11-18T10:36:00+00:00","article_modified_time":"2021-10-04T05:41:50+00:00","author":"Daniela Aust","twitter_card":"summary_large_image","twitter_misc":{"Verfasst von":"Daniela Aust","Gesch\u00e4tzte Lesezeit":"3\u00a0Minuten"},"schema":{"@context":"https:\/\/schema.org","@graph":[{"@type":"Article","@id":"https:\/\/www.cdu-fraktion-hamburg-mitte.de\/cms\/umbaumassnahmen-esplanade-einzelhaendler-gastronomen-und-hotellerie-rund-um-die-esplanade-unterstuetzen\/#article","isPartOf":{"@id":"https:\/\/www.cdu-fraktion-hamburg-mitte.de\/cms\/umbaumassnahmen-esplanade-einzelhaendler-gastronomen-und-hotellerie-rund-um-die-esplanade-unterstuetzen\/"},"author":{"name":"Daniela Aust","@id":"https:\/\/www.cdu-fraktion-hamburg-mitte.de\/cms\/#\/schema\/person\/915be47448bdcff81586a5d348f94aac"},"headline":"Umbauma\u00dfnahmen Esplanade: Einzelh\u00e4ndler, Gastronomen und Hotellerie rund um die Esplanade unterst\u00fctzen","datePublished":"2020-11-18T10:36:00+00:00","dateModified":"2021-10-04T05:41:50+00:00","mainEntityOfPage":{"@id":"https:\/\/www.cdu-fraktion-hamburg-mitte.de\/cms\/umbaumassnahmen-esplanade-einzelhaendler-gastronomen-und-hotellerie-rund-um-die-esplanade-unterstuetzen\/"},"wordCount":541,"publisher":{"@id":"https:\/\/www.cdu-fraktion-hamburg-mitte.de\/cms\/#organization"},"keywords":["Daniela Aust","Esplanade","Mobilit\u00e4t"],"articleSection":["Klimaschutz, Umwelt, Mobilit\u00e4t und Stadtnatur"],"inLanguage":"de"},{"@type":"WebPage","@id":"https:\/\/www.cdu-fraktion-hamburg-mitte.de\/cms\/umbaumassnahmen-esplanade-einzelhaendler-gastronomen-und-hotellerie-rund-um-die-esplanade-unterstuetzen\/","url":"https:\/\/www.cdu-fraktion-hamburg-mitte.de\/cms\/umbaumassnahmen-esplanade-einzelhaendler-gastronomen-und-hotellerie-rund-um-die-esplanade-unterstuetzen\/","name":"Umbauma\u00dfnahmen Esplanade: Einzelh\u00e4ndler, Gastronomen und Hotellerie rund um die Esplanade unterst\u00fctzen &#8226; CDU-Bezirksfraktion Hamburg-Mitte","isPartOf":{"@id":"https:\/\/www.cdu-fraktion-hamburg-mitte.de\/cms\/#website"},"datePublished":"2020-11-18T10:36:00+00:00","dateModified":"2021-10-04T05:41:50+00:00","breadcrumb":{"@id":"https:\/\/www.cdu-fraktion-hamburg-mitte.de\/cms\/umbaumassnahmen-esplanade-einzelhaendler-gastronomen-und-hotellerie-rund-um-die-esplanade-unterstuetzen\/#breadcrumb"},"inLanguage":"de","potentialAction":[{"@type":"ReadAction","target":["https:\/\/www.cdu-fraktion-hamburg-mitte.de\/cms\/umbaumassnahmen-esplanade-einzelhaendler-gastronomen-und-hotellerie-rund-um-die-esplanade-unterstuetzen\/"]}]},{"@type":"BreadcrumbList","@id":"https:\/\/www.cdu-fraktion-hamburg-mitte.de\/cms\/umbaumassnahmen-esplanade-einzelhaendler-gastronomen-und-hotellerie-rund-um-die-esplanade-unterstuetzen\/#breadcrumb","itemListElement":[{"@type":"ListItem","position":1,"name":"Startseite","item":"https:\/\/www.cdu-fraktion-hamburg-mitte.de\/cms\/"},{"@type":"ListItem","position":2,"name":"Umbauma\u00dfnahmen Esplanade: Einzelh\u00e4ndler, Gastronomen und Hotellerie rund um die Esplanade unterst\u00fctzen"}]},{"@type":"WebSite","@id":"https:\/\/www.cdu-fraktion-hamburg-mitte.de\/cms\/#website","url":"https:\/\/www.cdu-fraktion-hamburg-mitte.de\/cms\/","name":"CDU-Bezirksfraktion Hamburg-Mitte","description":"Politik in der Bezirksversammlung Hamburg-Mitte","publisher":{"@id":"https:\/\/www.cdu-fraktion-hamburg-mitte.de\/cms\/#organization"},"potentialAction":[{"@type":"SearchAction","target":{"@type":"EntryPoint","urlTemplate":"https:\/\/www.cdu-fraktion-hamburg-mitte.de\/cms\/?s={search_term_string}"},"query-input":{"@type":"PropertyValueSpecification","valueRequired":true,"valueName":"search_term_string"}}],"inLanguage":"de"},{"@type":"Organization","@id":"https:\/\/www.cdu-fraktion-hamburg-mitte.de\/cms\/#organization","name":"CDU-B\u00fcrgerschaftsfraktion Hamburg","url":"https:\/\/www.cdu-fraktion-hamburg-mitte.de\/cms\/","logo":{"@type":"ImageObject","inLanguage":"de","@id":"https:\/\/www.cdu-fraktion-hamburg-mitte.de\/cms\/#\/schema\/logo\/image\/","url":"","contentUrl":"","caption":"CDU-B\u00fcrgerschaftsfraktion Hamburg"},"image":{"@id":"https:\/\/www.cdu-fraktion-hamburg-mitte.de\/cms\/#\/schema\/logo\/image\/"}},{"@type":"Person","@id":"https:\/\/www.cdu-fraktion-hamburg-mitte.de\/cms\/#\/schema\/person\/915be47448bdcff81586a5d348f94aac","name":"Daniela Aust","image":{"@type":"ImageObject","inLanguage":"de","@id":"https:\/\/www.cdu-fraktion-hamburg-mitte.de\/cms\/wp-content\/uploads\/2023\/11\/CDU-Logo-Avatar-150x150.png","url":"https:\/\/www.cdu-fraktion-hamburg-mitte.de\/cms\/wp-content\/uploads\/2023\/11\/CDU-Logo-Avatar-150x150.png","contentUrl":"https:\/\/www.cdu-fraktion-hamburg-mitte.de\/cms\/wp-content\/uploads\/2023\/11\/CDU-Logo-Avatar-150x150.png","caption":"Daniela Aust"},"url":"https:\/\/www.cdu-fraktion-hamburg-mitte.de\/cms\/author\/daniela-aust\/"}]}},"_links":{"self":[{"href":"https:\/\/www.cdu-fraktion-hamburg-mitte.de\/cms\/wp-json\/wp\/v2\/posts\/10631","targetHints":{"allow":["GET"]}}],"collection":[{"href":"https:\/\/www.cdu-fraktion-hamburg-mitte.de\/cms\/wp-json\/wp\/v2\/posts"}],"about":[{"href":"https:\/\/www.cdu-fraktion-hamburg-mitte.de\/cms\/wp-json\/wp\/v2\/types\/post"}],"author":[{"embeddable":true,"href":"https:\/\/www.cdu-fraktion-hamburg-mitte.de\/cms\/wp-json\/wp\/v2\/users\/42"}],"replies":[{"embeddable":true,"href":"https:\/\/www.cdu-fraktion-hamburg-mitte.de\/cms\/wp-json\/wp\/v2\/comments?post=10631"}],"version-history":[{"count":0,"href":"https:\/\/www.cdu-fraktion-hamburg-mitte.de\/cms\/wp-json\/wp\/v2\/posts\/10631\/revisions"}],"wp:attachment":[{"href":"https:\/\/www.cdu-fraktion-hamburg-mitte.de\/cms\/wp-json\/wp\/v2\/media?parent=10631"}],"wp:term":[{"taxonomy":"category","embeddable":true,"href":"https:\/\/www.cdu-fraktion-hamburg-mitte.de\/cms\/wp-json\/wp\/v2\/categories?post=10631"},{"taxonomy":"post_tag","embeddable":true,"href":"https:\/\/www.cdu-fraktion-hamburg-mitte.de\/cms\/wp-json\/wp\/v2\/tags?post=10631"}],"curies":[{"name":"wp","href":"https:\/\/api.w.org\/{rel}","templated":true}]}}