{"id":11736,"date":"2021-12-07T15:28:07","date_gmt":"2021-12-07T14:28:07","guid":{"rendered":"https:\/\/www.cdu-fraktion-hamburg-mitte.de\/cms\/?p=11736"},"modified":"2021-12-07T15:28:11","modified_gmt":"2021-12-07T14:28:11","slug":"cdu-bezirksfraktion-hamburg-mitte-bestaetigt-den-fraktionsvorstand","status":"publish","type":"post","link":"https:\/\/www.cdu-fraktion-hamburg-mitte.de\/cms\/cdu-bezirksfraktion-hamburg-mitte-bestaetigt-den-fraktionsvorstand\/","title":{"rendered":"CDU Bezirksfraktion Hamburg-Mitte best\u00e4tigt den Fraktionsvorstand"},"content":{"rendered":"\n<p>Die CDU-Bezirksfraktion Hamburg-Mitte hat in ihrer gestrigen Sitzung bei der turnusm\u00e4\u00dfigen Neuwahl den Fraktionsvorstand bis zum Ende der Legislaturperiode gew\u00e4hlt.<\/p>\n\n\n\n<p>Zum Vorsitzenden wurde der bisherige <strong>Fraktionschef Dr. Gunter B\u00f6ttcher<\/strong> (Innenstadt) einstimmig\u00a0gew\u00e4hlt.<\/p>\n\n\n\n<p>Einstimmig best\u00e4tigt wurden ebenfalls <strong>Joseph Johannsen<\/strong> (Horn) als<strong> stellvertretender Vorsitzender<\/strong>, <strong>Roland Hoitz<\/strong> (Innenstadt) als<strong> Parlamentarischer Gesch\u00e4ftsf\u00fchrer <\/strong>und <strong>Stefanie Blaschka<\/strong> (Hamm) als<strong> Schatzmeisterin<\/strong>. Einstimmig gew\u00e4hlt wurden auch die beiden <strong>Beisitzer Daniela Aust<\/strong> (Billstedt) und <strong>Stefan Busch<\/strong> (Billstedt), die den Fraktionsvorstand komplettieren.<\/p>\n\n\n\n<p><em>\u201eIch danke der gesamten Fraktion f\u00fcr das mit dem klaren Votum dem Vorstand entgegengebrachte Vertrauen und freue mich auf eine weiterhin gute, vertrauensvolle und engagierte Zusammenarbeit. Das einstimmige Ergebnis zeigt, dass die CDU-Fraktion als gemeinsames starkes Team auftritt und mit voller Kraft und Geschlossenheit die kommenden Herausforderungen zusammen mit den Koalitionspartnern im Bezirk Mitte weiter erfolgreich angehen wird\u201c<\/em>, so <strong>B\u00f6ttcher<\/strong>.<\/p>\n","protected":false},"excerpt":{"rendered":"<p>Die CDU-Bezirksfraktion Hamburg-Mitte hat in ihrer gestrigen Sitzung bei der turnusm\u00e4\u00dfigen Neuwahl den Fraktionsvorstand einstimmig bis zum Ende der Legislaturperiode gew\u00e4hlt.<br \/>\nFraktionsvorsitzender: Dr. Gunter B\u00f6ttcher<br \/>\nStellv. Fraktionsvorsitzender: Joseph Johannsen<br \/>\nParlamentarischer Gesch\u00e4ftsf\u00fchrer: Roland Hoitz<br \/>\nSchatzmeisterin: Stefanie Blaschka<br \/>\nBeisitzer: Daniela Aust und Stefan Busch<\/p>\n","protected":false},"author":1,"featured_media":11737,"comment_status":"closed","ping_status":"closed","sticky":false,"template":"","format":"standard","meta":{"inline_featured_image":false,"footnotes":""},"categories":[82],"tags":[739,740],"class_list":["post-11736","post","type-post","status-publish","format-standard","has-post-thumbnail","hentry","category-pressemitteilung","tag-cdu-bezirksfraktion","tag-wahl-fraktionsvorstand"],"yoast_head":"<!-- This site is optimized with the Yoast SEO plugin v27.5 - https:\/\/yoast.com\/product\/yoast-seo-wordpress\/ -->\n<title>CDU Bezirksfraktion Hamburg-Mitte best\u00e4tigt den Fraktionsvorstand &#8226; CDU-Bezirksfraktion Hamburg-Mitte<\/title>\n<meta name=\"robots\" content=\"index, follow, max-snippet:-1, max-image-preview:large, max-video-preview:-1\" \/>\n<link rel=\"canonical\" href=\"https:\/\/www.cdu-fraktion-hamburg-mitte.de\/cms\/cdu-bezirksfraktion-hamburg-mitte-bestaetigt-den-fraktionsvorstand\/\" \/>\n<meta property=\"og:locale\" content=\"de_DE\" \/>\n<meta property=\"og:type\" content=\"article\" \/>\n<meta property=\"og:title\" content=\"CDU Bezirksfraktion Hamburg-Mitte best\u00e4tigt den Fraktionsvorstand &#8226; CDU-Bezirksfraktion Hamburg-Mitte\" \/>\n<meta property=\"og:description\" content=\"Die CDU-Bezirksfraktion Hamburg-Mitte hat in ihrer gestrigen Sitzung bei der turnusm\u00e4\u00dfigen Neuwahl den Fraktionsvorstand einstimmig bis zum Ende der Legislaturperiode gew\u00e4hlt. Fraktionsvorsitzender: Dr. Gunter B\u00f6ttcher Stellv. Fraktionsvorsitzender: Joseph Johannsen Parlamentarischer Gesch\u00e4ftsf\u00fchrer: Roland Hoitz Schatzmeisterin: Stefanie Blaschka Beisitzer: Daniela Aust und Stefan Busch\" \/>\n<meta property=\"og:url\" content=\"https:\/\/www.cdu-fraktion-hamburg-mitte.de\/cms\/cdu-bezirksfraktion-hamburg-mitte-bestaetigt-den-fraktionsvorstand\/\" \/>\n<meta property=\"og:site_name\" content=\"CDU-Bezirksfraktion Hamburg-Mitte\" \/>\n<meta property=\"article:published_time\" content=\"2021-12-07T14:28:07+00:00\" \/>\n<meta property=\"article:modified_time\" content=\"2021-12-07T14:28:11+00:00\" \/>\n<meta property=\"og:image\" content=\"https:\/\/www.cdu-fraktion-hamburg-mitte.de\/cms\/wp-content\/uploads\/2021\/12\/CDU-Fraktion-2019.jpg\" \/>\n\t<meta property=\"og:image:width\" content=\"1600\" \/>\n\t<meta property=\"og:image:height\" content=\"1200\" \/>\n\t<meta property=\"og:image:type\" content=\"image\/jpeg\" \/>\n<meta name=\"author\" content=\"CDU Bezirksfraktion Hamburg-Mitte\" \/>\n<meta name=\"twitter:card\" content=\"summary_large_image\" \/>\n<meta name=\"twitter:label1\" content=\"Verfasst von\" \/>\n\t<meta name=\"twitter:data1\" content=\"CDU Bezirksfraktion Hamburg-Mitte\" \/>\n\t<meta name=\"twitter:label2\" content=\"Gesch\u00e4tzte Lesezeit\" \/>\n\t<meta name=\"twitter:data2\" content=\"1\u00a0Minute\" \/>\n<script type=\"application\/ld+json\" class=\"yoast-schema-graph\">{\"@context\":\"https:\\\/\\\/schema.org\",\"@graph\":[{\"@type\":\"Article\",\"@id\":\"https:\\\/\\\/www.cdu-fraktion-hamburg-mitte.de\\\/cms\\\/cdu-bezirksfraktion-hamburg-mitte-bestaetigt-den-fraktionsvorstand\\\/#article\",\"isPartOf\":{\"@id\":\"https:\\\/\\\/www.cdu-fraktion-hamburg-mitte.de\\\/cms\\\/cdu-bezirksfraktion-hamburg-mitte-bestaetigt-den-fraktionsvorstand\\\/\"},\"author\":{\"name\":\"CDU Bezirksfraktion Hamburg-Mitte\",\"@id\":\"https:\\\/\\\/www.cdu-fraktion-hamburg-mitte.de\\\/cms\\\/#\\\/schema\\\/person\\\/2db16dc65b6e4590ac85c22bd6b0d8bd\"},\"headline\":\"CDU Bezirksfraktion Hamburg-Mitte best\u00e4tigt den Fraktionsvorstand\",\"datePublished\":\"2021-12-07T14:28:07+00:00\",\"dateModified\":\"2021-12-07T14:28:11+00:00\",\"mainEntityOfPage\":{\"@id\":\"https:\\\/\\\/www.cdu-fraktion-hamburg-mitte.de\\\/cms\\\/cdu-bezirksfraktion-hamburg-mitte-bestaetigt-den-fraktionsvorstand\\\/\"},\"wordCount\":149,\"publisher\":{\"@id\":\"https:\\\/\\\/www.cdu-fraktion-hamburg-mitte.de\\\/cms\\\/#organization\"},\"image\":{\"@id\":\"https:\\\/\\\/www.cdu-fraktion-hamburg-mitte.de\\\/cms\\\/cdu-bezirksfraktion-hamburg-mitte-bestaetigt-den-fraktionsvorstand\\\/#primaryimage\"},\"thumbnailUrl\":\"https:\\\/\\\/www.cdu-fraktion-hamburg-mitte.de\\\/cms\\\/wp-content\\\/uploads\\\/2021\\\/12\\\/CDU-Fraktion-2019.jpg\",\"keywords\":[\"CDU-Bezirksfraktion\",\"Wahl Fraktionsvorstand\"],\"articleSection\":[\"Pressemitteilungen\"],\"inLanguage\":\"de\"},{\"@type\":\"WebPage\",\"@id\":\"https:\\\/\\\/www.cdu-fraktion-hamburg-mitte.de\\\/cms\\\/cdu-bezirksfraktion-hamburg-mitte-bestaetigt-den-fraktionsvorstand\\\/\",\"url\":\"https:\\\/\\\/www.cdu-fraktion-hamburg-mitte.de\\\/cms\\\/cdu-bezirksfraktion-hamburg-mitte-bestaetigt-den-fraktionsvorstand\\\/\",\"name\":\"CDU Bezirksfraktion Hamburg-Mitte best\u00e4tigt den Fraktionsvorstand &#8226; CDU-Bezirksfraktion Hamburg-Mitte\",\"isPartOf\":{\"@id\":\"https:\\\/\\\/www.cdu-fraktion-hamburg-mitte.de\\\/cms\\\/#website\"},\"primaryImageOfPage\":{\"@id\":\"https:\\\/\\\/www.cdu-fraktion-hamburg-mitte.de\\\/cms\\\/cdu-bezirksfraktion-hamburg-mitte-bestaetigt-den-fraktionsvorstand\\\/#primaryimage\"},\"image\":{\"@id\":\"https:\\\/\\\/www.cdu-fraktion-hamburg-mitte.de\\\/cms\\\/cdu-bezirksfraktion-hamburg-mitte-bestaetigt-den-fraktionsvorstand\\\/#primaryimage\"},\"thumbnailUrl\":\"https:\\\/\\\/www.cdu-fraktion-hamburg-mitte.de\\\/cms\\\/wp-content\\\/uploads\\\/2021\\\/12\\\/CDU-Fraktion-2019.jpg\",\"datePublished\":\"2021-12-07T14:28:07+00:00\",\"dateModified\":\"2021-12-07T14:28:11+00:00\",\"breadcrumb\":{\"@id\":\"https:\\\/\\\/www.cdu-fraktion-hamburg-mitte.de\\\/cms\\\/cdu-bezirksfraktion-hamburg-mitte-bestaetigt-den-fraktionsvorstand\\\/#breadcrumb\"},\"inLanguage\":\"de\",\"potentialAction\":[{\"@type\":\"ReadAction\",\"target\":[\"https:\\\/\\\/www.cdu-fraktion-hamburg-mitte.de\\\/cms\\\/cdu-bezirksfraktion-hamburg-mitte-bestaetigt-den-fraktionsvorstand\\\/\"]}]},{\"@type\":\"ImageObject\",\"inLanguage\":\"de\",\"@id\":\"https:\\\/\\\/www.cdu-fraktion-hamburg-mitte.de\\\/cms\\\/cdu-bezirksfraktion-hamburg-mitte-bestaetigt-den-fraktionsvorstand\\\/#primaryimage\",\"url\":\"https:\\\/\\\/www.cdu-fraktion-hamburg-mitte.de\\\/cms\\\/wp-content\\\/uploads\\\/2021\\\/12\\\/CDU-Fraktion-2019.jpg\",\"contentUrl\":\"https:\\\/\\\/www.cdu-fraktion-hamburg-mitte.de\\\/cms\\\/wp-content\\\/uploads\\\/2021\\\/12\\\/CDU-Fraktion-2019.jpg\",\"width\":1600,\"height\":1200},{\"@type\":\"BreadcrumbList\",\"@id\":\"https:\\\/\\\/www.cdu-fraktion-hamburg-mitte.de\\\/cms\\\/cdu-bezirksfraktion-hamburg-mitte-bestaetigt-den-fraktionsvorstand\\\/#breadcrumb\",\"itemListElement\":[{\"@type\":\"ListItem\",\"position\":1,\"name\":\"Startseite\",\"item\":\"https:\\\/\\\/www.cdu-fraktion-hamburg-mitte.de\\\/cms\\\/\"},{\"@type\":\"ListItem\",\"position\":2,\"name\":\"CDU Bezirksfraktion Hamburg-Mitte best\u00e4tigt den Fraktionsvorstand\"}]},{\"@type\":\"WebSite\",\"@id\":\"https:\\\/\\\/www.cdu-fraktion-hamburg-mitte.de\\\/cms\\\/#website\",\"url\":\"https:\\\/\\\/www.cdu-fraktion-hamburg-mitte.de\\\/cms\\\/\",\"name\":\"CDU-Bezirksfraktion Hamburg-Mitte\",\"description\":\"Politik in der Bezirksversammlung Hamburg-Mitte\",\"publisher\":{\"@id\":\"https:\\\/\\\/www.cdu-fraktion-hamburg-mitte.de\\\/cms\\\/#organization\"},\"potentialAction\":[{\"@type\":\"SearchAction\",\"target\":{\"@type\":\"EntryPoint\",\"urlTemplate\":\"https:\\\/\\\/www.cdu-fraktion-hamburg-mitte.de\\\/cms\\\/?s={search_term_string}\"},\"query-input\":{\"@type\":\"PropertyValueSpecification\",\"valueRequired\":true,\"valueName\":\"search_term_string\"}}],\"inLanguage\":\"de\"},{\"@type\":\"Organization\",\"@id\":\"https:\\\/\\\/www.cdu-fraktion-hamburg-mitte.de\\\/cms\\\/#organization\",\"name\":\"CDU-B\u00fcrgerschaftsfraktion Hamburg\",\"url\":\"https:\\\/\\\/www.cdu-fraktion-hamburg-mitte.de\\\/cms\\\/\",\"logo\":{\"@type\":\"ImageObject\",\"inLanguage\":\"de\",\"@id\":\"https:\\\/\\\/www.cdu-fraktion-hamburg-mitte.de\\\/cms\\\/#\\\/schema\\\/logo\\\/image\\\/\",\"url\":\"\",\"contentUrl\":\"\",\"caption\":\"CDU-B\u00fcrgerschaftsfraktion Hamburg\"},\"image\":{\"@id\":\"https:\\\/\\\/www.cdu-fraktion-hamburg-mitte.de\\\/cms\\\/#\\\/schema\\\/logo\\\/image\\\/\"}},{\"@type\":\"Person\",\"@id\":\"https:\\\/\\\/www.cdu-fraktion-hamburg-mitte.de\\\/cms\\\/#\\\/schema\\\/person\\\/2db16dc65b6e4590ac85c22bd6b0d8bd\",\"name\":\"CDU Bezirksfraktion Hamburg-Mitte\",\"image\":{\"@type\":\"ImageObject\",\"inLanguage\":\"de\",\"@id\":\"https:\\\/\\\/www.cdu-fraktion-hamburg-mitte.de\\\/cms\\\/wp-content\\\/uploads\\\/2023\\\/11\\\/CDU-Logo-Avatar-150x150.png\",\"url\":\"https:\\\/\\\/www.cdu-fraktion-hamburg-mitte.de\\\/cms\\\/wp-content\\\/uploads\\\/2023\\\/11\\\/CDU-Logo-Avatar-150x150.png\",\"contentUrl\":\"https:\\\/\\\/www.cdu-fraktion-hamburg-mitte.de\\\/cms\\\/wp-content\\\/uploads\\\/2023\\\/11\\\/CDU-Logo-Avatar-150x150.png\",\"caption\":\"CDU Bezirksfraktion Hamburg-Mitte\"},\"url\":\"https:\\\/\\\/www.cdu-fraktion-hamburg-mitte.de\\\/cms\\\/author\\\/politikwerft\\\/\"}]}<\/script>\n<!-- \/ Yoast SEO plugin. -->","yoast_head_json":{"title":"CDU Bezirksfraktion Hamburg-Mitte best\u00e4tigt den Fraktionsvorstand &#8226; CDU-Bezirksfraktion Hamburg-Mitte","robots":{"index":"index","follow":"follow","max-snippet":"max-snippet:-1","max-image-preview":"max-image-preview:large","max-video-preview":"max-video-preview:-1"},"canonical":"https:\/\/www.cdu-fraktion-hamburg-mitte.de\/cms\/cdu-bezirksfraktion-hamburg-mitte-bestaetigt-den-fraktionsvorstand\/","og_locale":"de_DE","og_type":"article","og_title":"CDU Bezirksfraktion Hamburg-Mitte best\u00e4tigt den Fraktionsvorstand &#8226; CDU-Bezirksfraktion Hamburg-Mitte","og_description":"Die CDU-Bezirksfraktion Hamburg-Mitte hat in ihrer gestrigen Sitzung bei der turnusm\u00e4\u00dfigen Neuwahl den Fraktionsvorstand einstimmig bis zum Ende der Legislaturperiode gew\u00e4hlt. Fraktionsvorsitzender: Dr. Gunter B\u00f6ttcher Stellv. Fraktionsvorsitzender: Joseph Johannsen Parlamentarischer Gesch\u00e4ftsf\u00fchrer: Roland Hoitz Schatzmeisterin: Stefanie Blaschka Beisitzer: Daniela Aust und Stefan Busch","og_url":"https:\/\/www.cdu-fraktion-hamburg-mitte.de\/cms\/cdu-bezirksfraktion-hamburg-mitte-bestaetigt-den-fraktionsvorstand\/","og_site_name":"CDU-Bezirksfraktion Hamburg-Mitte","article_published_time":"2021-12-07T14:28:07+00:00","article_modified_time":"2021-12-07T14:28:11+00:00","og_image":[{"width":1600,"height":1200,"url":"https:\/\/www.cdu-fraktion-hamburg-mitte.de\/cms\/wp-content\/uploads\/2021\/12\/CDU-Fraktion-2019.jpg","type":"image\/jpeg"}],"author":"CDU Bezirksfraktion Hamburg-Mitte","twitter_card":"summary_large_image","twitter_misc":{"Verfasst von":"CDU Bezirksfraktion Hamburg-Mitte","Gesch\u00e4tzte Lesezeit":"1\u00a0Minute"},"schema":{"@context":"https:\/\/schema.org","@graph":[{"@type":"Article","@id":"https:\/\/www.cdu-fraktion-hamburg-mitte.de\/cms\/cdu-bezirksfraktion-hamburg-mitte-bestaetigt-den-fraktionsvorstand\/#article","isPartOf":{"@id":"https:\/\/www.cdu-fraktion-hamburg-mitte.de\/cms\/cdu-bezirksfraktion-hamburg-mitte-bestaetigt-den-fraktionsvorstand\/"},"author":{"name":"CDU Bezirksfraktion Hamburg-Mitte","@id":"https:\/\/www.cdu-fraktion-hamburg-mitte.de\/cms\/#\/schema\/person\/2db16dc65b6e4590ac85c22bd6b0d8bd"},"headline":"CDU Bezirksfraktion Hamburg-Mitte best\u00e4tigt den Fraktionsvorstand","datePublished":"2021-12-07T14:28:07+00:00","dateModified":"2021-12-07T14:28:11+00:00","mainEntityOfPage":{"@id":"https:\/\/www.cdu-fraktion-hamburg-mitte.de\/cms\/cdu-bezirksfraktion-hamburg-mitte-bestaetigt-den-fraktionsvorstand\/"},"wordCount":149,"publisher":{"@id":"https:\/\/www.cdu-fraktion-hamburg-mitte.de\/cms\/#organization"},"image":{"@id":"https:\/\/www.cdu-fraktion-hamburg-mitte.de\/cms\/cdu-bezirksfraktion-hamburg-mitte-bestaetigt-den-fraktionsvorstand\/#primaryimage"},"thumbnailUrl":"https:\/\/www.cdu-fraktion-hamburg-mitte.de\/cms\/wp-content\/uploads\/2021\/12\/CDU-Fraktion-2019.jpg","keywords":["CDU-Bezirksfraktion","Wahl Fraktionsvorstand"],"articleSection":["Pressemitteilungen"],"inLanguage":"de"},{"@type":"WebPage","@id":"https:\/\/www.cdu-fraktion-hamburg-mitte.de\/cms\/cdu-bezirksfraktion-hamburg-mitte-bestaetigt-den-fraktionsvorstand\/","url":"https:\/\/www.cdu-fraktion-hamburg-mitte.de\/cms\/cdu-bezirksfraktion-hamburg-mitte-bestaetigt-den-fraktionsvorstand\/","name":"CDU Bezirksfraktion Hamburg-Mitte best\u00e4tigt den Fraktionsvorstand &#8226; CDU-Bezirksfraktion Hamburg-Mitte","isPartOf":{"@id":"https:\/\/www.cdu-fraktion-hamburg-mitte.de\/cms\/#website"},"primaryImageOfPage":{"@id":"https:\/\/www.cdu-fraktion-hamburg-mitte.de\/cms\/cdu-bezirksfraktion-hamburg-mitte-bestaetigt-den-fraktionsvorstand\/#primaryimage"},"image":{"@id":"https:\/\/www.cdu-fraktion-hamburg-mitte.de\/cms\/cdu-bezirksfraktion-hamburg-mitte-bestaetigt-den-fraktionsvorstand\/#primaryimage"},"thumbnailUrl":"https:\/\/www.cdu-fraktion-hamburg-mitte.de\/cms\/wp-content\/uploads\/2021\/12\/CDU-Fraktion-2019.jpg","datePublished":"2021-12-07T14:28:07+00:00","dateModified":"2021-12-07T14:28:11+00:00","breadcrumb":{"@id":"https:\/\/www.cdu-fraktion-hamburg-mitte.de\/cms\/cdu-bezirksfraktion-hamburg-mitte-bestaetigt-den-fraktionsvorstand\/#breadcrumb"},"inLanguage":"de","potentialAction":[{"@type":"ReadAction","target":["https:\/\/www.cdu-fraktion-hamburg-mitte.de\/cms\/cdu-bezirksfraktion-hamburg-mitte-bestaetigt-den-fraktionsvorstand\/"]}]},{"@type":"ImageObject","inLanguage":"de","@id":"https:\/\/www.cdu-fraktion-hamburg-mitte.de\/cms\/cdu-bezirksfraktion-hamburg-mitte-bestaetigt-den-fraktionsvorstand\/#primaryimage","url":"https:\/\/www.cdu-fraktion-hamburg-mitte.de\/cms\/wp-content\/uploads\/2021\/12\/CDU-Fraktion-2019.jpg","contentUrl":"https:\/\/www.cdu-fraktion-hamburg-mitte.de\/cms\/wp-content\/uploads\/2021\/12\/CDU-Fraktion-2019.jpg","width":1600,"height":1200},{"@type":"BreadcrumbList","@id":"https:\/\/www.cdu-fraktion-hamburg-mitte.de\/cms\/cdu-bezirksfraktion-hamburg-mitte-bestaetigt-den-fraktionsvorstand\/#breadcrumb","itemListElement":[{"@type":"ListItem","position":1,"name":"Startseite","item":"https:\/\/www.cdu-fraktion-hamburg-mitte.de\/cms\/"},{"@type":"ListItem","position":2,"name":"CDU Bezirksfraktion Hamburg-Mitte best\u00e4tigt den Fraktionsvorstand"}]},{"@type":"WebSite","@id":"https:\/\/www.cdu-fraktion-hamburg-mitte.de\/cms\/#website","url":"https:\/\/www.cdu-fraktion-hamburg-mitte.de\/cms\/","name":"CDU-Bezirksfraktion Hamburg-Mitte","description":"Politik in der Bezirksversammlung Hamburg-Mitte","publisher":{"@id":"https:\/\/www.cdu-fraktion-hamburg-mitte.de\/cms\/#organization"},"potentialAction":[{"@type":"SearchAction","target":{"@type":"EntryPoint","urlTemplate":"https:\/\/www.cdu-fraktion-hamburg-mitte.de\/cms\/?s={search_term_string}"},"query-input":{"@type":"PropertyValueSpecification","valueRequired":true,"valueName":"search_term_string"}}],"inLanguage":"de"},{"@type":"Organization","@id":"https:\/\/www.cdu-fraktion-hamburg-mitte.de\/cms\/#organization","name":"CDU-B\u00fcrgerschaftsfraktion Hamburg","url":"https:\/\/www.cdu-fraktion-hamburg-mitte.de\/cms\/","logo":{"@type":"ImageObject","inLanguage":"de","@id":"https:\/\/www.cdu-fraktion-hamburg-mitte.de\/cms\/#\/schema\/logo\/image\/","url":"","contentUrl":"","caption":"CDU-B\u00fcrgerschaftsfraktion Hamburg"},"image":{"@id":"https:\/\/www.cdu-fraktion-hamburg-mitte.de\/cms\/#\/schema\/logo\/image\/"}},{"@type":"Person","@id":"https:\/\/www.cdu-fraktion-hamburg-mitte.de\/cms\/#\/schema\/person\/2db16dc65b6e4590ac85c22bd6b0d8bd","name":"CDU Bezirksfraktion Hamburg-Mitte","image":{"@type":"ImageObject","inLanguage":"de","@id":"https:\/\/www.cdu-fraktion-hamburg-mitte.de\/cms\/wp-content\/uploads\/2023\/11\/CDU-Logo-Avatar-150x150.png","url":"https:\/\/www.cdu-fraktion-hamburg-mitte.de\/cms\/wp-content\/uploads\/2023\/11\/CDU-Logo-Avatar-150x150.png","contentUrl":"https:\/\/www.cdu-fraktion-hamburg-mitte.de\/cms\/wp-content\/uploads\/2023\/11\/CDU-Logo-Avatar-150x150.png","caption":"CDU Bezirksfraktion Hamburg-Mitte"},"url":"https:\/\/www.cdu-fraktion-hamburg-mitte.de\/cms\/author\/politikwerft\/"}]}},"_links":{"self":[{"href":"https:\/\/www.cdu-fraktion-hamburg-mitte.de\/cms\/wp-json\/wp\/v2\/posts\/11736","targetHints":{"allow":["GET"]}}],"collection":[{"href":"https:\/\/www.cdu-fraktion-hamburg-mitte.de\/cms\/wp-json\/wp\/v2\/posts"}],"about":[{"href":"https:\/\/www.cdu-fraktion-hamburg-mitte.de\/cms\/wp-json\/wp\/v2\/types\/post"}],"author":[{"embeddable":true,"href":"https:\/\/www.cdu-fraktion-hamburg-mitte.de\/cms\/wp-json\/wp\/v2\/users\/1"}],"replies":[{"embeddable":true,"href":"https:\/\/www.cdu-fraktion-hamburg-mitte.de\/cms\/wp-json\/wp\/v2\/comments?post=11736"}],"version-history":[{"count":0,"href":"https:\/\/www.cdu-fraktion-hamburg-mitte.de\/cms\/wp-json\/wp\/v2\/posts\/11736\/revisions"}],"wp:featuredmedia":[{"embeddable":true,"href":"https:\/\/www.cdu-fraktion-hamburg-mitte.de\/cms\/wp-json\/wp\/v2\/media\/11737"}],"wp:attachment":[{"href":"https:\/\/www.cdu-fraktion-hamburg-mitte.de\/cms\/wp-json\/wp\/v2\/media?parent=11736"}],"wp:term":[{"taxonomy":"category","embeddable":true,"href":"https:\/\/www.cdu-fraktion-hamburg-mitte.de\/cms\/wp-json\/wp\/v2\/categories?post=11736"},{"taxonomy":"post_tag","embeddable":true,"href":"https:\/\/www.cdu-fraktion-hamburg-mitte.de\/cms\/wp-json\/wp\/v2\/tags?post=11736"}],"curies":[{"name":"wp","href":"https:\/\/api.w.org\/{rel}","templated":true}]}}