{"id":12829,"date":"2023-03-27T15:01:15","date_gmt":"2023-03-27T13:01:15","guid":{"rendered":"https:\/\/www.cdu-fraktion-hamburg-mitte.de\/cms\/?p=12829"},"modified":"2023-03-27T15:03:11","modified_gmt":"2023-03-27T13:03:11","slug":"koalition-aus-cdu-spd-fdp-lehnt-die-plaene-des-verkehrssenators-tjarks-zur-veloroute-8-in-billstedt-ab-und-schlaegt-eine-neue-routenfuehrung-vor","status":"publish","type":"post","link":"https:\/\/www.cdu-fraktion-hamburg-mitte.de\/cms\/koalition-aus-cdu-spd-fdp-lehnt-die-plaene-des-verkehrssenators-tjarks-zur-veloroute-8-in-billstedt-ab-und-schlaegt-eine-neue-routenfuehrung-vor\/","title":{"rendered":"Koalition aus CDU, SPD, FDP lehnt die Pl\u00e4ne des Verkehrssenators Tjarks zur Veloroute 8 in Billstedt ab und schl\u00e4gt eine neue Routenf\u00fchrung vor!"},"content":{"rendered":"<p><span dir=\"ltr\" role=\"presentation\">Die Koalition aus SPD, CDU und FDP<\/span> <span dir=\"ltr\" role=\"presentation\">begr\u00fc\u00dft die Absage an den Pl\u00e4nen, f\u00fcr<\/span> <span dir=\"ltr\" role=\"presentation\">den Ausbau <\/span><span dir=\"ltr\" role=\"presentation\">der<\/span> <span dir=\"ltr\" role=\"presentation\">Veloroute 8 in<\/span> <span dir=\"ltr\" role=\"presentation\">Billstedt, B\u00e4ume<\/span> <span dir=\"ltr\" role=\"presentation\">und Parkpl\u00e4tze<\/span> <span dir=\"ltr\" role=\"presentation\">wegfallen zu lassen<\/span><span dir=\"ltr\" role=\"presentation\">.<\/span> <span dir=\"ltr\" role=\"presentation\">Sie schl\u00e4gt eine <\/span><span dir=\"ltr\" role=\"presentation\">neue<\/span> <span dir=\"ltr\" role=\"presentation\">Routenf\u00fchrung<\/span> <span dir=\"ltr\" role=\"presentation\">vor,<\/span> <span dir=\"ltr\" role=\"presentation\">die<\/span> <span dir=\"ltr\" role=\"presentation\">gleicherma\u00dfen<\/span> <span dir=\"ltr\" role=\"presentation\">erschlie\u00dft<\/span> <span dir=\"ltr\" role=\"presentation\">und<\/span> <span dir=\"ltr\" role=\"presentation\">weitaus<\/span> <span dir=\"ltr\" role=\"presentation\">weniger<\/span> <span dir=\"ltr\" role=\"presentation\">Konsequenzen im Bereich der Umwelt und des Parkraums f\u00fcr Anwohnende mit sich <\/span><span dir=\"ltr\" role=\"presentation\">bringt.<\/span><\/p>\n<p><span dir=\"ltr\" role=\"presentation\">Die Erschlie\u00dfung von Billstedt und M\u00fcmmelmannsberg durch die Veloroute 8 und die Ert\u00fcchtigung <\/span><span dir=\"ltr\" role=\"presentation\">des Radv<\/span><span dir=\"ltr\" role=\"presentation\">erkehrs vor Ort wird ausdr\u00fccklich begr\u00fc\u00dft. Die Bezirkskoalition aus SPD, CDU und FDP <\/span><span dir=\"ltr\" role=\"presentation\">sieht dabei aber ein Problem bei den bisherigen Planungen in Bezug auf die Auswirkungen der<\/span> <span dir=\"ltr\" role=\"presentation\">Routenf\u00fchrung auf den Baumbestand und die vorhandenen Parkpl\u00e4tze und unterst\u00fctz<\/span><span dir=\"ltr\" role=\"presentation\">t daher das <\/span><span dir=\"ltr\" role=\"presentation\">Vorhaben, die derzeitigen Pl\u00e4ne in dieser Form nicht umzusetzen.<\/span><\/p>\n<p><span dir=\"ltr\" role=\"presentation\">Vielmehr wird eine alternative Routenf\u00fchrung vorgeschlagen, die gleicherma\u00dfen eine sinnvolle <\/span><span dir=\"ltr\" role=\"presentation\">Anbindung gew\u00e4hrleistet und bei der bestehende Radwege ert\u00fcchtigt und neue Radwege ohne <\/span><span dir=\"ltr\" role=\"presentation\">Konsequenzen f\u00fcr den Baumbestand und die Parkplatzsituation in diesem dicht<\/span> <span dir=\"ltr\" role=\"presentation\">besiedelten Gebiet<\/span> <span dir=\"ltr\" role=\"presentation\">gebaut werden k\u00f6nnten. Drucksache 22<\/span><span dir=\"ltr\" role=\"presentation\">&#8211;<\/span><span dir=\"ltr\" role=\"presentation\">2683.1 benennt f\u00fcr die Ert\u00fcchtigung die Fahrradwege in <\/span><span dir=\"ltr\" role=\"presentation\">den<\/span> <span dir=\"ltr\" role=\"presentation\">Stra\u00dfen<\/span> <span dir=\"ltr\" role=\"presentation\">Kandinskyallee,<\/span> <span dir=\"ltr\" role=\"presentation\">Havighorster<\/span> <span dir=\"ltr\" role=\"presentation\">Redder,<\/span> <span dir=\"ltr\" role=\"presentation\">M\u00fcmmelmannsberg<\/span> <span dir=\"ltr\" role=\"presentation\">und<\/span> <span dir=\"ltr\" role=\"presentation\">Steinbeker<\/span> <span dir=\"ltr\" role=\"presentation\">Grenzdamm<\/span> <span dir=\"ltr\" role=\"presentation\">sowie<\/span> <span dir=\"ltr\" role=\"presentation\">die<\/span> <span dir=\"ltr\" role=\"presentation\">Einrichtung<\/span> <span dir=\"ltr\" role=\"presentation\">einer<\/span> <span dir=\"ltr\" role=\"presentation\">Fahrradstra\u00dfe<\/span> <span dir=\"ltr\" role=\"presentation\">entlang<\/span> <span dir=\"ltr\" role=\"presentation\">der<\/span> <span dir=\"ltr\" role=\"presentation\">Stra\u00dfen<\/span> <span dir=\"ltr\" role=\"presentation\">\u201eSteinbeker <\/span><span dir=\"ltr\" role=\"presentation\">Hauptstra\u00dfe\u201c ab der Einm\u00fcndung Havighorster Redder bis zur Stra\u00dfe \u201eGodenwind\u201c und<\/span> <span dir=\"ltr\" role=\"presentation\">der<\/span> <span dir=\"ltr\" role=\"presentation\">Stra\u00dfe<\/span> <span dir=\"ltr\" role=\"presentation\">\u201eGodenwind\u201c ab H\u00f6he \u201eM\u00fcnterweg\u201c bis zur \u201eKandinskyalle<\/span><span dir=\"ltr\" role=\"presentation\">e<\/span><span dir=\"ltr\" role=\"presentation\">\u201c. Aus Sicht der Bezirkskoalition erf\u00fcllt <\/span><span dir=\"ltr\" role=\"presentation\">diese Routenf\u00fchrung gleicherma\u00dfen die Anforder<\/span><span dir=\"ltr\" role=\"presentation\">ungen an eine Veloroute und geht dabei sorgsam <\/span><span dir=\"ltr\" role=\"presentation\">mit dem Baum<\/span><span dir=\"ltr\" role=\"presentation\">&#8211;<\/span> <span dir=\"ltr\" role=\"presentation\">und Parkraumbestand um.<\/span><\/p>\n<p><strong><span dir=\"ltr\" role=\"presentation\">Peter Herkenrath<\/span> <span dir=\"ltr\" role=\"presentation\">(<\/span><span dir=\"ltr\" role=\"presentation\">Mitglied<\/span> <span dir=\"ltr\" role=\"presentation\">der CDU<\/span><span dir=\"ltr\" role=\"presentation\">&#8211;<\/span><span dir=\"ltr\" role=\"presentation\">Bezirksf<\/span><span dir=\"ltr\" role=\"presentation\">raktion<\/span> <span dir=\"ltr\" role=\"presentation\">im<\/span> <span dir=\"ltr\" role=\"presentation\">Regionalausschuss Billstedt<\/span><span dir=\"ltr\" role=\"presentation\">)<\/span>:<\/strong><br \/>\n<em><span dir=\"ltr\" role=\"presentation\">\u201e<\/span><span dir=\"ltr\" role=\"presentation\">Viele Menschen im Quartier sind aus beruflichen Gr\u00fcnden aufs Auto angewiesen. Das sind zum <\/span><span dir=\"ltr\" role=\"presentation\">Beispiel Pflegekr\u00e4fte<\/span> <span dir=\"ltr\" role=\"presentation\">und<\/span> <span dir=\"ltr\" role=\"presentation\">Kundendienstmonteure. Wenn<\/span> <span dir=\"ltr\" role=\"presentation\">eine ambulante Pflegekra<\/span><span dir=\"ltr\" role=\"presentation\">ft abends nach <\/span><span dir=\"ltr\" role=\"presentation\">getaner Arbeit keinen Stellplatz mehr in Wohnortn\u00e4he findet, dann l\u00e4uft etwa<\/span><span dir=\"ltr\" role=\"presentation\">s falsch. Deshalb<\/span> <span dir=\"ltr\" role=\"presentation\">w\u00e4re ein rapider Abbau von Stellpl\u00e4tzen nicht zumutbar. Und eine F\u00e4llung von 42 B\u00e4umen passt <\/span><span dir=\"ltr\" role=\"presentation\">nicht zur Klimadiskussion<\/span> <span dir=\"ltr\" role=\"presentation\">\u2013<\/span> <span dir=\"ltr\" role=\"presentation\">schon gar nicht, wenn es eine schonendere Alternative gibt.<\/span><span dir=\"ltr\" role=\"presentation\">\u201c<\/span><\/em><\/p>\n","protected":false},"excerpt":{"rendered":"<p>Die Koalition aus SPD, CDU und FDP begr\u00fc\u00dft die Absage an den Pl\u00e4nen, f\u00fcr den Ausbau der Veloroute 8 in Billstedt, B\u00e4ume und Parkpl\u00e4tze wegfallen zu lassen. Sie schl\u00e4gt eine neue Routenf\u00fchrung vor, die gleicherma\u00dfen erschlie\u00dft und weitaus weniger Konsequenzen im Bereich der Umwelt und des Parkraums f\u00fcr Anwohnende mit&hellip;<\/p>\n","protected":false},"author":1,"featured_media":12830,"comment_status":"closed","ping_status":"closed","sticky":false,"template":"","format":"standard","meta":{"inline_featured_image":false,"footnotes":""},"categories":[548,82],"tags":[636,495,838,665,690,836,839],"class_list":["post-12829","post","type-post","status-publish","format-standard","has-post-thumbnail","hentry","category-billstedt","category-pressemitteilung","tag-baeume","tag-billstedt","tag-fahrradweg","tag-muemmelmannsberg","tag-parkplatze","tag-peter-herkenrath","tag-veloroute"],"yoast_head":"<!-- This site is optimized with the Yoast SEO plugin v27.5 - https:\/\/yoast.com\/product\/yoast-seo-wordpress\/ -->\n<title>Koalition aus CDU, SPD, FDP lehnt die Pl\u00e4ne des Verkehrssenators Tjarks zur Veloroute 8 in Billstedt ab und schl\u00e4gt eine neue Routenf\u00fchrung vor! &#8226; CDU-Bezirksfraktion Hamburg-Mitte<\/title>\n<meta name=\"robots\" content=\"index, follow, max-snippet:-1, max-image-preview:large, max-video-preview:-1\" \/>\n<link rel=\"canonical\" href=\"https:\/\/www.cdu-fraktion-hamburg-mitte.de\/cms\/koalition-aus-cdu-spd-fdp-lehnt-die-plaene-des-verkehrssenators-tjarks-zur-veloroute-8-in-billstedt-ab-und-schlaegt-eine-neue-routenfuehrung-vor\/\" \/>\n<meta property=\"og:locale\" content=\"de_DE\" \/>\n<meta property=\"og:type\" content=\"article\" \/>\n<meta property=\"og:title\" content=\"Koalition aus CDU, SPD, FDP lehnt die Pl\u00e4ne des Verkehrssenators Tjarks zur Veloroute 8 in Billstedt ab und schl\u00e4gt eine neue Routenf\u00fchrung vor! &#8226; CDU-Bezirksfraktion Hamburg-Mitte\" \/>\n<meta property=\"og:description\" content=\"Die Koalition aus SPD, CDU und FDP begr\u00fc\u00dft die Absage an den Pl\u00e4nen, f\u00fcr den Ausbau der Veloroute 8 in Billstedt, B\u00e4ume und Parkpl\u00e4tze wegfallen zu lassen. Sie schl\u00e4gt eine neue Routenf\u00fchrung vor, die gleicherma\u00dfen erschlie\u00dft und weitaus weniger Konsequenzen im Bereich der Umwelt und des Parkraums f\u00fcr Anwohnende mit&hellip;\" \/>\n<meta property=\"og:url\" content=\"https:\/\/www.cdu-fraktion-hamburg-mitte.de\/cms\/koalition-aus-cdu-spd-fdp-lehnt-die-plaene-des-verkehrssenators-tjarks-zur-veloroute-8-in-billstedt-ab-und-schlaegt-eine-neue-routenfuehrung-vor\/\" \/>\n<meta property=\"og:site_name\" content=\"CDU-Bezirksfraktion Hamburg-Mitte\" \/>\n<meta property=\"article:published_time\" content=\"2023-03-27T13:01:15+00:00\" \/>\n<meta property=\"article:modified_time\" content=\"2023-03-27T13:03:11+00:00\" \/>\n<meta property=\"og:image\" content=\"https:\/\/www.cdu-fraktion-hamburg-mitte.de\/cms\/wp-content\/uploads\/2023\/03\/Fahrradweg-Billstedt.jpg\" \/>\n\t<meta property=\"og:image:width\" content=\"427\" \/>\n\t<meta property=\"og:image:height\" content=\"240\" \/>\n\t<meta property=\"og:image:type\" content=\"image\/jpeg\" \/>\n<meta name=\"author\" content=\"CDU Bezirksfraktion Hamburg-Mitte\" \/>\n<meta name=\"twitter:card\" content=\"summary_large_image\" \/>\n<meta name=\"twitter:label1\" content=\"Verfasst von\" \/>\n\t<meta name=\"twitter:data1\" content=\"CDU Bezirksfraktion Hamburg-Mitte\" \/>\n\t<meta name=\"twitter:label2\" content=\"Gesch\u00e4tzte Lesezeit\" \/>\n\t<meta name=\"twitter:data2\" content=\"2\u00a0Minuten\" \/>\n<script type=\"application\/ld+json\" class=\"yoast-schema-graph\">{\"@context\":\"https:\\\/\\\/schema.org\",\"@graph\":[{\"@type\":\"Article\",\"@id\":\"https:\\\/\\\/www.cdu-fraktion-hamburg-mitte.de\\\/cms\\\/koalition-aus-cdu-spd-fdp-lehnt-die-plaene-des-verkehrssenators-tjarks-zur-veloroute-8-in-billstedt-ab-und-schlaegt-eine-neue-routenfuehrung-vor\\\/#article\",\"isPartOf\":{\"@id\":\"https:\\\/\\\/www.cdu-fraktion-hamburg-mitte.de\\\/cms\\\/koalition-aus-cdu-spd-fdp-lehnt-die-plaene-des-verkehrssenators-tjarks-zur-veloroute-8-in-billstedt-ab-und-schlaegt-eine-neue-routenfuehrung-vor\\\/\"},\"author\":{\"name\":\"CDU Bezirksfraktion Hamburg-Mitte\",\"@id\":\"https:\\\/\\\/www.cdu-fraktion-hamburg-mitte.de\\\/cms\\\/#\\\/schema\\\/person\\\/2db16dc65b6e4590ac85c22bd6b0d8bd\"},\"headline\":\"Koalition aus CDU, SPD, FDP lehnt die Pl\u00e4ne des Verkehrssenators Tjarks zur Veloroute 8 in Billstedt ab und schl\u00e4gt eine neue Routenf\u00fchrung vor!\",\"datePublished\":\"2023-03-27T13:01:15+00:00\",\"dateModified\":\"2023-03-27T13:03:11+00:00\",\"mainEntityOfPage\":{\"@id\":\"https:\\\/\\\/www.cdu-fraktion-hamburg-mitte.de\\\/cms\\\/koalition-aus-cdu-spd-fdp-lehnt-die-plaene-des-verkehrssenators-tjarks-zur-veloroute-8-in-billstedt-ab-und-schlaegt-eine-neue-routenfuehrung-vor\\\/\"},\"wordCount\":374,\"publisher\":{\"@id\":\"https:\\\/\\\/www.cdu-fraktion-hamburg-mitte.de\\\/cms\\\/#organization\"},\"image\":{\"@id\":\"https:\\\/\\\/www.cdu-fraktion-hamburg-mitte.de\\\/cms\\\/koalition-aus-cdu-spd-fdp-lehnt-die-plaene-des-verkehrssenators-tjarks-zur-veloroute-8-in-billstedt-ab-und-schlaegt-eine-neue-routenfuehrung-vor\\\/#primaryimage\"},\"thumbnailUrl\":\"https:\\\/\\\/www.cdu-fraktion-hamburg-mitte.de\\\/cms\\\/wp-content\\\/uploads\\\/2023\\\/03\\\/Fahrradweg-Billstedt.jpg\",\"keywords\":[\"B\u00e4ume\",\"Billstedt\",\"Fahrradweg\",\"M\u00fcmmelmannsberg\",\"Parkpl\u00e4tze\",\"Peter Herkenrath\",\"Veloroute\"],\"articleSection\":[\"Billstedt\",\"Pressemitteilungen\"],\"inLanguage\":\"de\"},{\"@type\":\"WebPage\",\"@id\":\"https:\\\/\\\/www.cdu-fraktion-hamburg-mitte.de\\\/cms\\\/koalition-aus-cdu-spd-fdp-lehnt-die-plaene-des-verkehrssenators-tjarks-zur-veloroute-8-in-billstedt-ab-und-schlaegt-eine-neue-routenfuehrung-vor\\\/\",\"url\":\"https:\\\/\\\/www.cdu-fraktion-hamburg-mitte.de\\\/cms\\\/koalition-aus-cdu-spd-fdp-lehnt-die-plaene-des-verkehrssenators-tjarks-zur-veloroute-8-in-billstedt-ab-und-schlaegt-eine-neue-routenfuehrung-vor\\\/\",\"name\":\"Koalition aus CDU, SPD, FDP lehnt die Pl\u00e4ne des Verkehrssenators Tjarks zur Veloroute 8 in Billstedt ab und schl\u00e4gt eine neue Routenf\u00fchrung vor! &#8226; CDU-Bezirksfraktion Hamburg-Mitte\",\"isPartOf\":{\"@id\":\"https:\\\/\\\/www.cdu-fraktion-hamburg-mitte.de\\\/cms\\\/#website\"},\"primaryImageOfPage\":{\"@id\":\"https:\\\/\\\/www.cdu-fraktion-hamburg-mitte.de\\\/cms\\\/koalition-aus-cdu-spd-fdp-lehnt-die-plaene-des-verkehrssenators-tjarks-zur-veloroute-8-in-billstedt-ab-und-schlaegt-eine-neue-routenfuehrung-vor\\\/#primaryimage\"},\"image\":{\"@id\":\"https:\\\/\\\/www.cdu-fraktion-hamburg-mitte.de\\\/cms\\\/koalition-aus-cdu-spd-fdp-lehnt-die-plaene-des-verkehrssenators-tjarks-zur-veloroute-8-in-billstedt-ab-und-schlaegt-eine-neue-routenfuehrung-vor\\\/#primaryimage\"},\"thumbnailUrl\":\"https:\\\/\\\/www.cdu-fraktion-hamburg-mitte.de\\\/cms\\\/wp-content\\\/uploads\\\/2023\\\/03\\\/Fahrradweg-Billstedt.jpg\",\"datePublished\":\"2023-03-27T13:01:15+00:00\",\"dateModified\":\"2023-03-27T13:03:11+00:00\",\"breadcrumb\":{\"@id\":\"https:\\\/\\\/www.cdu-fraktion-hamburg-mitte.de\\\/cms\\\/koalition-aus-cdu-spd-fdp-lehnt-die-plaene-des-verkehrssenators-tjarks-zur-veloroute-8-in-billstedt-ab-und-schlaegt-eine-neue-routenfuehrung-vor\\\/#breadcrumb\"},\"inLanguage\":\"de\",\"potentialAction\":[{\"@type\":\"ReadAction\",\"target\":[\"https:\\\/\\\/www.cdu-fraktion-hamburg-mitte.de\\\/cms\\\/koalition-aus-cdu-spd-fdp-lehnt-die-plaene-des-verkehrssenators-tjarks-zur-veloroute-8-in-billstedt-ab-und-schlaegt-eine-neue-routenfuehrung-vor\\\/\"]}]},{\"@type\":\"ImageObject\",\"inLanguage\":\"de\",\"@id\":\"https:\\\/\\\/www.cdu-fraktion-hamburg-mitte.de\\\/cms\\\/koalition-aus-cdu-spd-fdp-lehnt-die-plaene-des-verkehrssenators-tjarks-zur-veloroute-8-in-billstedt-ab-und-schlaegt-eine-neue-routenfuehrung-vor\\\/#primaryimage\",\"url\":\"https:\\\/\\\/www.cdu-fraktion-hamburg-mitte.de\\\/cms\\\/wp-content\\\/uploads\\\/2023\\\/03\\\/Fahrradweg-Billstedt.jpg\",\"contentUrl\":\"https:\\\/\\\/www.cdu-fraktion-hamburg-mitte.de\\\/cms\\\/wp-content\\\/uploads\\\/2023\\\/03\\\/Fahrradweg-Billstedt.jpg\",\"width\":427,\"height\":240},{\"@type\":\"BreadcrumbList\",\"@id\":\"https:\\\/\\\/www.cdu-fraktion-hamburg-mitte.de\\\/cms\\\/koalition-aus-cdu-spd-fdp-lehnt-die-plaene-des-verkehrssenators-tjarks-zur-veloroute-8-in-billstedt-ab-und-schlaegt-eine-neue-routenfuehrung-vor\\\/#breadcrumb\",\"itemListElement\":[{\"@type\":\"ListItem\",\"position\":1,\"name\":\"Startseite\",\"item\":\"https:\\\/\\\/www.cdu-fraktion-hamburg-mitte.de\\\/cms\\\/\"},{\"@type\":\"ListItem\",\"position\":2,\"name\":\"Koalition aus CDU, SPD, FDP lehnt die Pl\u00e4ne des Verkehrssenators Tjarks zur Veloroute 8 in Billstedt ab und schl\u00e4gt eine neue Routenf\u00fchrung vor!\"}]},{\"@type\":\"WebSite\",\"@id\":\"https:\\\/\\\/www.cdu-fraktion-hamburg-mitte.de\\\/cms\\\/#website\",\"url\":\"https:\\\/\\\/www.cdu-fraktion-hamburg-mitte.de\\\/cms\\\/\",\"name\":\"CDU-Bezirksfraktion Hamburg-Mitte\",\"description\":\"Politik in der Bezirksversammlung Hamburg-Mitte\",\"publisher\":{\"@id\":\"https:\\\/\\\/www.cdu-fraktion-hamburg-mitte.de\\\/cms\\\/#organization\"},\"potentialAction\":[{\"@type\":\"SearchAction\",\"target\":{\"@type\":\"EntryPoint\",\"urlTemplate\":\"https:\\\/\\\/www.cdu-fraktion-hamburg-mitte.de\\\/cms\\\/?s={search_term_string}\"},\"query-input\":{\"@type\":\"PropertyValueSpecification\",\"valueRequired\":true,\"valueName\":\"search_term_string\"}}],\"inLanguage\":\"de\"},{\"@type\":\"Organization\",\"@id\":\"https:\\\/\\\/www.cdu-fraktion-hamburg-mitte.de\\\/cms\\\/#organization\",\"name\":\"CDU-B\u00fcrgerschaftsfraktion Hamburg\",\"url\":\"https:\\\/\\\/www.cdu-fraktion-hamburg-mitte.de\\\/cms\\\/\",\"logo\":{\"@type\":\"ImageObject\",\"inLanguage\":\"de\",\"@id\":\"https:\\\/\\\/www.cdu-fraktion-hamburg-mitte.de\\\/cms\\\/#\\\/schema\\\/logo\\\/image\\\/\",\"url\":\"\",\"contentUrl\":\"\",\"caption\":\"CDU-B\u00fcrgerschaftsfraktion Hamburg\"},\"image\":{\"@id\":\"https:\\\/\\\/www.cdu-fraktion-hamburg-mitte.de\\\/cms\\\/#\\\/schema\\\/logo\\\/image\\\/\"}},{\"@type\":\"Person\",\"@id\":\"https:\\\/\\\/www.cdu-fraktion-hamburg-mitte.de\\\/cms\\\/#\\\/schema\\\/person\\\/2db16dc65b6e4590ac85c22bd6b0d8bd\",\"name\":\"CDU Bezirksfraktion Hamburg-Mitte\",\"image\":{\"@type\":\"ImageObject\",\"inLanguage\":\"de\",\"@id\":\"https:\\\/\\\/www.cdu-fraktion-hamburg-mitte.de\\\/cms\\\/wp-content\\\/uploads\\\/2023\\\/11\\\/CDU-Logo-Avatar-150x150.png\",\"url\":\"https:\\\/\\\/www.cdu-fraktion-hamburg-mitte.de\\\/cms\\\/wp-content\\\/uploads\\\/2023\\\/11\\\/CDU-Logo-Avatar-150x150.png\",\"contentUrl\":\"https:\\\/\\\/www.cdu-fraktion-hamburg-mitte.de\\\/cms\\\/wp-content\\\/uploads\\\/2023\\\/11\\\/CDU-Logo-Avatar-150x150.png\",\"caption\":\"CDU Bezirksfraktion Hamburg-Mitte\"},\"url\":\"https:\\\/\\\/www.cdu-fraktion-hamburg-mitte.de\\\/cms\\\/author\\\/politikwerft\\\/\"}]}<\/script>\n<!-- \/ Yoast SEO plugin. -->","yoast_head_json":{"title":"Koalition aus CDU, SPD, FDP lehnt die Pl\u00e4ne des Verkehrssenators Tjarks zur Veloroute 8 in Billstedt ab und schl\u00e4gt eine neue Routenf\u00fchrung vor! &#8226; CDU-Bezirksfraktion Hamburg-Mitte","robots":{"index":"index","follow":"follow","max-snippet":"max-snippet:-1","max-image-preview":"max-image-preview:large","max-video-preview":"max-video-preview:-1"},"canonical":"https:\/\/www.cdu-fraktion-hamburg-mitte.de\/cms\/koalition-aus-cdu-spd-fdp-lehnt-die-plaene-des-verkehrssenators-tjarks-zur-veloroute-8-in-billstedt-ab-und-schlaegt-eine-neue-routenfuehrung-vor\/","og_locale":"de_DE","og_type":"article","og_title":"Koalition aus CDU, SPD, FDP lehnt die Pl\u00e4ne des Verkehrssenators Tjarks zur Veloroute 8 in Billstedt ab und schl\u00e4gt eine neue Routenf\u00fchrung vor! &#8226; CDU-Bezirksfraktion Hamburg-Mitte","og_description":"Die Koalition aus SPD, CDU und FDP begr\u00fc\u00dft die Absage an den Pl\u00e4nen, f\u00fcr den Ausbau der Veloroute 8 in Billstedt, B\u00e4ume und Parkpl\u00e4tze wegfallen zu lassen. Sie schl\u00e4gt eine neue Routenf\u00fchrung vor, die gleicherma\u00dfen erschlie\u00dft und weitaus weniger Konsequenzen im Bereich der Umwelt und des Parkraums f\u00fcr Anwohnende mit&hellip;","og_url":"https:\/\/www.cdu-fraktion-hamburg-mitte.de\/cms\/koalition-aus-cdu-spd-fdp-lehnt-die-plaene-des-verkehrssenators-tjarks-zur-veloroute-8-in-billstedt-ab-und-schlaegt-eine-neue-routenfuehrung-vor\/","og_site_name":"CDU-Bezirksfraktion Hamburg-Mitte","article_published_time":"2023-03-27T13:01:15+00:00","article_modified_time":"2023-03-27T13:03:11+00:00","og_image":[{"width":427,"height":240,"url":"https:\/\/www.cdu-fraktion-hamburg-mitte.de\/cms\/wp-content\/uploads\/2023\/03\/Fahrradweg-Billstedt.jpg","type":"image\/jpeg"}],"author":"CDU Bezirksfraktion Hamburg-Mitte","twitter_card":"summary_large_image","twitter_misc":{"Verfasst von":"CDU Bezirksfraktion Hamburg-Mitte","Gesch\u00e4tzte Lesezeit":"2\u00a0Minuten"},"schema":{"@context":"https:\/\/schema.org","@graph":[{"@type":"Article","@id":"https:\/\/www.cdu-fraktion-hamburg-mitte.de\/cms\/koalition-aus-cdu-spd-fdp-lehnt-die-plaene-des-verkehrssenators-tjarks-zur-veloroute-8-in-billstedt-ab-und-schlaegt-eine-neue-routenfuehrung-vor\/#article","isPartOf":{"@id":"https:\/\/www.cdu-fraktion-hamburg-mitte.de\/cms\/koalition-aus-cdu-spd-fdp-lehnt-die-plaene-des-verkehrssenators-tjarks-zur-veloroute-8-in-billstedt-ab-und-schlaegt-eine-neue-routenfuehrung-vor\/"},"author":{"name":"CDU Bezirksfraktion Hamburg-Mitte","@id":"https:\/\/www.cdu-fraktion-hamburg-mitte.de\/cms\/#\/schema\/person\/2db16dc65b6e4590ac85c22bd6b0d8bd"},"headline":"Koalition aus CDU, SPD, FDP lehnt die Pl\u00e4ne des Verkehrssenators Tjarks zur Veloroute 8 in Billstedt ab und schl\u00e4gt eine neue Routenf\u00fchrung vor!","datePublished":"2023-03-27T13:01:15+00:00","dateModified":"2023-03-27T13:03:11+00:00","mainEntityOfPage":{"@id":"https:\/\/www.cdu-fraktion-hamburg-mitte.de\/cms\/koalition-aus-cdu-spd-fdp-lehnt-die-plaene-des-verkehrssenators-tjarks-zur-veloroute-8-in-billstedt-ab-und-schlaegt-eine-neue-routenfuehrung-vor\/"},"wordCount":374,"publisher":{"@id":"https:\/\/www.cdu-fraktion-hamburg-mitte.de\/cms\/#organization"},"image":{"@id":"https:\/\/www.cdu-fraktion-hamburg-mitte.de\/cms\/koalition-aus-cdu-spd-fdp-lehnt-die-plaene-des-verkehrssenators-tjarks-zur-veloroute-8-in-billstedt-ab-und-schlaegt-eine-neue-routenfuehrung-vor\/#primaryimage"},"thumbnailUrl":"https:\/\/www.cdu-fraktion-hamburg-mitte.de\/cms\/wp-content\/uploads\/2023\/03\/Fahrradweg-Billstedt.jpg","keywords":["B\u00e4ume","Billstedt","Fahrradweg","M\u00fcmmelmannsberg","Parkpl\u00e4tze","Peter Herkenrath","Veloroute"],"articleSection":["Billstedt","Pressemitteilungen"],"inLanguage":"de"},{"@type":"WebPage","@id":"https:\/\/www.cdu-fraktion-hamburg-mitte.de\/cms\/koalition-aus-cdu-spd-fdp-lehnt-die-plaene-des-verkehrssenators-tjarks-zur-veloroute-8-in-billstedt-ab-und-schlaegt-eine-neue-routenfuehrung-vor\/","url":"https:\/\/www.cdu-fraktion-hamburg-mitte.de\/cms\/koalition-aus-cdu-spd-fdp-lehnt-die-plaene-des-verkehrssenators-tjarks-zur-veloroute-8-in-billstedt-ab-und-schlaegt-eine-neue-routenfuehrung-vor\/","name":"Koalition aus CDU, SPD, FDP lehnt die Pl\u00e4ne des Verkehrssenators Tjarks zur Veloroute 8 in Billstedt ab und schl\u00e4gt eine neue Routenf\u00fchrung vor! &#8226; CDU-Bezirksfraktion Hamburg-Mitte","isPartOf":{"@id":"https:\/\/www.cdu-fraktion-hamburg-mitte.de\/cms\/#website"},"primaryImageOfPage":{"@id":"https:\/\/www.cdu-fraktion-hamburg-mitte.de\/cms\/koalition-aus-cdu-spd-fdp-lehnt-die-plaene-des-verkehrssenators-tjarks-zur-veloroute-8-in-billstedt-ab-und-schlaegt-eine-neue-routenfuehrung-vor\/#primaryimage"},"image":{"@id":"https:\/\/www.cdu-fraktion-hamburg-mitte.de\/cms\/koalition-aus-cdu-spd-fdp-lehnt-die-plaene-des-verkehrssenators-tjarks-zur-veloroute-8-in-billstedt-ab-und-schlaegt-eine-neue-routenfuehrung-vor\/#primaryimage"},"thumbnailUrl":"https:\/\/www.cdu-fraktion-hamburg-mitte.de\/cms\/wp-content\/uploads\/2023\/03\/Fahrradweg-Billstedt.jpg","datePublished":"2023-03-27T13:01:15+00:00","dateModified":"2023-03-27T13:03:11+00:00","breadcrumb":{"@id":"https:\/\/www.cdu-fraktion-hamburg-mitte.de\/cms\/koalition-aus-cdu-spd-fdp-lehnt-die-plaene-des-verkehrssenators-tjarks-zur-veloroute-8-in-billstedt-ab-und-schlaegt-eine-neue-routenfuehrung-vor\/#breadcrumb"},"inLanguage":"de","potentialAction":[{"@type":"ReadAction","target":["https:\/\/www.cdu-fraktion-hamburg-mitte.de\/cms\/koalition-aus-cdu-spd-fdp-lehnt-die-plaene-des-verkehrssenators-tjarks-zur-veloroute-8-in-billstedt-ab-und-schlaegt-eine-neue-routenfuehrung-vor\/"]}]},{"@type":"ImageObject","inLanguage":"de","@id":"https:\/\/www.cdu-fraktion-hamburg-mitte.de\/cms\/koalition-aus-cdu-spd-fdp-lehnt-die-plaene-des-verkehrssenators-tjarks-zur-veloroute-8-in-billstedt-ab-und-schlaegt-eine-neue-routenfuehrung-vor\/#primaryimage","url":"https:\/\/www.cdu-fraktion-hamburg-mitte.de\/cms\/wp-content\/uploads\/2023\/03\/Fahrradweg-Billstedt.jpg","contentUrl":"https:\/\/www.cdu-fraktion-hamburg-mitte.de\/cms\/wp-content\/uploads\/2023\/03\/Fahrradweg-Billstedt.jpg","width":427,"height":240},{"@type":"BreadcrumbList","@id":"https:\/\/www.cdu-fraktion-hamburg-mitte.de\/cms\/koalition-aus-cdu-spd-fdp-lehnt-die-plaene-des-verkehrssenators-tjarks-zur-veloroute-8-in-billstedt-ab-und-schlaegt-eine-neue-routenfuehrung-vor\/#breadcrumb","itemListElement":[{"@type":"ListItem","position":1,"name":"Startseite","item":"https:\/\/www.cdu-fraktion-hamburg-mitte.de\/cms\/"},{"@type":"ListItem","position":2,"name":"Koalition aus CDU, SPD, FDP lehnt die Pl\u00e4ne des Verkehrssenators Tjarks zur Veloroute 8 in Billstedt ab und schl\u00e4gt eine neue Routenf\u00fchrung vor!"}]},{"@type":"WebSite","@id":"https:\/\/www.cdu-fraktion-hamburg-mitte.de\/cms\/#website","url":"https:\/\/www.cdu-fraktion-hamburg-mitte.de\/cms\/","name":"CDU-Bezirksfraktion Hamburg-Mitte","description":"Politik in der Bezirksversammlung Hamburg-Mitte","publisher":{"@id":"https:\/\/www.cdu-fraktion-hamburg-mitte.de\/cms\/#organization"},"potentialAction":[{"@type":"SearchAction","target":{"@type":"EntryPoint","urlTemplate":"https:\/\/www.cdu-fraktion-hamburg-mitte.de\/cms\/?s={search_term_string}"},"query-input":{"@type":"PropertyValueSpecification","valueRequired":true,"valueName":"search_term_string"}}],"inLanguage":"de"},{"@type":"Organization","@id":"https:\/\/www.cdu-fraktion-hamburg-mitte.de\/cms\/#organization","name":"CDU-B\u00fcrgerschaftsfraktion Hamburg","url":"https:\/\/www.cdu-fraktion-hamburg-mitte.de\/cms\/","logo":{"@type":"ImageObject","inLanguage":"de","@id":"https:\/\/www.cdu-fraktion-hamburg-mitte.de\/cms\/#\/schema\/logo\/image\/","url":"","contentUrl":"","caption":"CDU-B\u00fcrgerschaftsfraktion Hamburg"},"image":{"@id":"https:\/\/www.cdu-fraktion-hamburg-mitte.de\/cms\/#\/schema\/logo\/image\/"}},{"@type":"Person","@id":"https:\/\/www.cdu-fraktion-hamburg-mitte.de\/cms\/#\/schema\/person\/2db16dc65b6e4590ac85c22bd6b0d8bd","name":"CDU Bezirksfraktion Hamburg-Mitte","image":{"@type":"ImageObject","inLanguage":"de","@id":"https:\/\/www.cdu-fraktion-hamburg-mitte.de\/cms\/wp-content\/uploads\/2023\/11\/CDU-Logo-Avatar-150x150.png","url":"https:\/\/www.cdu-fraktion-hamburg-mitte.de\/cms\/wp-content\/uploads\/2023\/11\/CDU-Logo-Avatar-150x150.png","contentUrl":"https:\/\/www.cdu-fraktion-hamburg-mitte.de\/cms\/wp-content\/uploads\/2023\/11\/CDU-Logo-Avatar-150x150.png","caption":"CDU Bezirksfraktion Hamburg-Mitte"},"url":"https:\/\/www.cdu-fraktion-hamburg-mitte.de\/cms\/author\/politikwerft\/"}]}},"_links":{"self":[{"href":"https:\/\/www.cdu-fraktion-hamburg-mitte.de\/cms\/wp-json\/wp\/v2\/posts\/12829","targetHints":{"allow":["GET"]}}],"collection":[{"href":"https:\/\/www.cdu-fraktion-hamburg-mitte.de\/cms\/wp-json\/wp\/v2\/posts"}],"about":[{"href":"https:\/\/www.cdu-fraktion-hamburg-mitte.de\/cms\/wp-json\/wp\/v2\/types\/post"}],"author":[{"embeddable":true,"href":"https:\/\/www.cdu-fraktion-hamburg-mitte.de\/cms\/wp-json\/wp\/v2\/users\/1"}],"replies":[{"embeddable":true,"href":"https:\/\/www.cdu-fraktion-hamburg-mitte.de\/cms\/wp-json\/wp\/v2\/comments?post=12829"}],"version-history":[{"count":0,"href":"https:\/\/www.cdu-fraktion-hamburg-mitte.de\/cms\/wp-json\/wp\/v2\/posts\/12829\/revisions"}],"wp:featuredmedia":[{"embeddable":true,"href":"https:\/\/www.cdu-fraktion-hamburg-mitte.de\/cms\/wp-json\/wp\/v2\/media\/12830"}],"wp:attachment":[{"href":"https:\/\/www.cdu-fraktion-hamburg-mitte.de\/cms\/wp-json\/wp\/v2\/media?parent=12829"}],"wp:term":[{"taxonomy":"category","embeddable":true,"href":"https:\/\/www.cdu-fraktion-hamburg-mitte.de\/cms\/wp-json\/wp\/v2\/categories?post=12829"},{"taxonomy":"post_tag","embeddable":true,"href":"https:\/\/www.cdu-fraktion-hamburg-mitte.de\/cms\/wp-json\/wp\/v2\/tags?post=12829"}],"curies":[{"name":"wp","href":"https:\/\/api.w.org\/{rel}","templated":true}]}}