{"id":12850,"date":"2023-04-12T08:32:47","date_gmt":"2023-04-12T06:32:47","guid":{"rendered":"https:\/\/www.cdu-fraktion-hamburg-mitte.de\/cms\/?p=12850"},"modified":"2023-05-04T08:55:47","modified_gmt":"2023-05-04T06:55:47","slug":"thematische-befassung-des-elbbruecken-ausschusses","status":"publish","type":"post","link":"https:\/\/www.cdu-fraktion-hamburg-mitte.de\/cms\/thematische-befassung-des-elbbruecken-ausschusses\/","title":{"rendered":"Thematische Befassung des Elbbr\u00fccken-Ausschusses"},"content":{"rendered":"<p>F\u00fcr eine gute Begleitung der Entwicklung des Planungsgebiets Kleiner Grasbrook, Veddel, Rothenburgsort und HafenCity sind auch Ortskenntnisse entscheidend. Deshalb hat die Koalition (CDU, SPD, FDP) den Elbbr\u00fccken-Ausschuss eingerichtet. Unterschiedliche Zust\u00e4ndigkeiten von verschiedenen Fach\u00e4mtern des Bezirksamtes, der HafenCity GmbH, der BBEG, oder der Beh\u00f6rde f\u00fcr Stadtentwicklung und Wohnen (BSW) und weiteren Akteuren sollen hier bestm\u00f6glich in einem Diskussionsraum zusammengef\u00fchrt und verkn\u00fcpft werden. Um dies optimal fortzuf\u00fchren, wurden neben den bestehenden Inhalten weitere Schwerpunkte benannt, die im Ausschuss thematisiert werden sollen.<\/p>\n<a href=\"https:\/\/www.cdu-fraktion-hamburg-mitte.de\/cms\/wp-content\/uploads\/2023\/05\/Elbbruecken-Thematische-Befassung-des-Elbbruecken-Ausschusses.pdf\" class=\"pdfemb-viewer\" style=\"\" data-width=\"max\" data-height=\"max\" data-mobile-width=\"500\"  data-scrollbar=\"none\" data-download=\"on\" data-tracking=\"on\" data-newwindow=\"on\" data-pagetextbox=\"off\" data-scrolltotop=\"off\" data-startzoom=\"100\" data-startfpzoom=\"100\" data-toolbar=\"top\" data-toolbar-fixed=\"on\">Elbbr\u00fccken, Thematische Befassung des Elbbr\u00fccken-Ausschusses<br\/><\/a>\n","protected":false},"excerpt":{"rendered":"<p>F\u00fcr eine gute Begleitung der Entwicklung des Planungsgebiets Kleiner Grasbrook, Veddel, Rothenburgsort und HafenCity sind auch Ortskenntnisse entscheidend. Deshalb hat die Koalition (CDU, SPD, FDP) den Elbbr\u00fccken-Ausschuss eingerichtet. Unterschiedliche Zust\u00e4ndigkeiten von verschiedenen Fach\u00e4mtern des Bezirksamtes, der HafenCity GmbH, der BBEG, oder der Beh\u00f6rde f\u00fcr Stadtentwicklung und Wohnen (BSW) und weiteren&hellip;<\/p>\n","protected":false},"author":1,"featured_media":0,"comment_status":"closed","ping_status":"closed","sticky":false,"template":"","format":"standard","meta":{"inline_featured_image":false,"footnotes":""},"categories":[729,549,567],"tags":[730,841,537,515],"class_list":["post-12850","post","type-post","status-publish","format-standard","hentry","category-elbbruecken-initiativen","category-initiativen","category-stadtplanung-initiativen","tag-elbbruecken","tag-kleiner-grasbrook","tag-rothenburgsort","tag-veddel"],"yoast_head":"<!-- This site is optimized with the Yoast SEO plugin v27.5 - https:\/\/yoast.com\/product\/yoast-seo-wordpress\/ -->\n<title>Thematische Befassung des Elbbr\u00fccken-Ausschusses &#8226; CDU-Bezirksfraktion Hamburg-Mitte<\/title>\n<meta name=\"robots\" content=\"index, follow, max-snippet:-1, max-image-preview:large, max-video-preview:-1\" \/>\n<link rel=\"canonical\" href=\"https:\/\/www.cdu-fraktion-hamburg-mitte.de\/cms\/thematische-befassung-des-elbbruecken-ausschusses\/\" \/>\n<meta property=\"og:locale\" content=\"de_DE\" \/>\n<meta property=\"og:type\" content=\"article\" \/>\n<meta property=\"og:title\" content=\"Thematische Befassung des Elbbr\u00fccken-Ausschusses &#8226; CDU-Bezirksfraktion Hamburg-Mitte\" \/>\n<meta property=\"og:description\" content=\"F\u00fcr eine gute Begleitung der Entwicklung des Planungsgebiets Kleiner Grasbrook, Veddel, Rothenburgsort und HafenCity sind auch Ortskenntnisse entscheidend. Deshalb hat die Koalition (CDU, SPD, FDP) den Elbbr\u00fccken-Ausschuss eingerichtet. Unterschiedliche Zust\u00e4ndigkeiten von verschiedenen Fach\u00e4mtern des Bezirksamtes, der HafenCity GmbH, der BBEG, oder der Beh\u00f6rde f\u00fcr Stadtentwicklung und Wohnen (BSW) und weiteren&hellip;\" \/>\n<meta property=\"og:url\" content=\"https:\/\/www.cdu-fraktion-hamburg-mitte.de\/cms\/thematische-befassung-des-elbbruecken-ausschusses\/\" \/>\n<meta property=\"og:site_name\" content=\"CDU-Bezirksfraktion Hamburg-Mitte\" \/>\n<meta property=\"article:published_time\" content=\"2023-04-12T06:32:47+00:00\" \/>\n<meta property=\"article:modified_time\" content=\"2023-05-04T06:55:47+00:00\" \/>\n<meta name=\"author\" content=\"CDU Bezirksfraktion Hamburg-Mitte\" \/>\n<meta name=\"twitter:card\" content=\"summary_large_image\" \/>\n<meta name=\"twitter:label1\" content=\"Verfasst von\" \/>\n\t<meta name=\"twitter:data1\" content=\"CDU Bezirksfraktion Hamburg-Mitte\" \/>\n\t<meta name=\"twitter:label2\" content=\"Gesch\u00e4tzte Lesezeit\" \/>\n\t<meta name=\"twitter:data2\" content=\"1\u00a0Minute\" \/>\n<script type=\"application\/ld+json\" class=\"yoast-schema-graph\">{\"@context\":\"https:\\\/\\\/schema.org\",\"@graph\":[{\"@type\":\"Article\",\"@id\":\"https:\\\/\\\/www.cdu-fraktion-hamburg-mitte.de\\\/cms\\\/thematische-befassung-des-elbbruecken-ausschusses\\\/#article\",\"isPartOf\":{\"@id\":\"https:\\\/\\\/www.cdu-fraktion-hamburg-mitte.de\\\/cms\\\/thematische-befassung-des-elbbruecken-ausschusses\\\/\"},\"author\":{\"name\":\"CDU Bezirksfraktion Hamburg-Mitte\",\"@id\":\"https:\\\/\\\/www.cdu-fraktion-hamburg-mitte.de\\\/cms\\\/#\\\/schema\\\/person\\\/2db16dc65b6e4590ac85c22bd6b0d8bd\"},\"headline\":\"Thematische Befassung des Elbbr\u00fccken-Ausschusses\",\"datePublished\":\"2023-04-12T06:32:47+00:00\",\"dateModified\":\"2023-05-04T06:55:47+00:00\",\"mainEntityOfPage\":{\"@id\":\"https:\\\/\\\/www.cdu-fraktion-hamburg-mitte.de\\\/cms\\\/thematische-befassung-des-elbbruecken-ausschusses\\\/\"},\"wordCount\":113,\"publisher\":{\"@id\":\"https:\\\/\\\/www.cdu-fraktion-hamburg-mitte.de\\\/cms\\\/#organization\"},\"keywords\":[\"Elbbr\u00fccken\",\"Kleiner Grasbrook\",\"Rothenburgsort\",\"Veddel\"],\"articleSection\":[\"Elbbr\u00fccken\",\"Initiativen\",\"Stadtplanung\"],\"inLanguage\":\"de\"},{\"@type\":\"WebPage\",\"@id\":\"https:\\\/\\\/www.cdu-fraktion-hamburg-mitte.de\\\/cms\\\/thematische-befassung-des-elbbruecken-ausschusses\\\/\",\"url\":\"https:\\\/\\\/www.cdu-fraktion-hamburg-mitte.de\\\/cms\\\/thematische-befassung-des-elbbruecken-ausschusses\\\/\",\"name\":\"Thematische Befassung des Elbbr\u00fccken-Ausschusses &#8226; CDU-Bezirksfraktion Hamburg-Mitte\",\"isPartOf\":{\"@id\":\"https:\\\/\\\/www.cdu-fraktion-hamburg-mitte.de\\\/cms\\\/#website\"},\"datePublished\":\"2023-04-12T06:32:47+00:00\",\"dateModified\":\"2023-05-04T06:55:47+00:00\",\"breadcrumb\":{\"@id\":\"https:\\\/\\\/www.cdu-fraktion-hamburg-mitte.de\\\/cms\\\/thematische-befassung-des-elbbruecken-ausschusses\\\/#breadcrumb\"},\"inLanguage\":\"de\",\"potentialAction\":[{\"@type\":\"ReadAction\",\"target\":[\"https:\\\/\\\/www.cdu-fraktion-hamburg-mitte.de\\\/cms\\\/thematische-befassung-des-elbbruecken-ausschusses\\\/\"]}]},{\"@type\":\"BreadcrumbList\",\"@id\":\"https:\\\/\\\/www.cdu-fraktion-hamburg-mitte.de\\\/cms\\\/thematische-befassung-des-elbbruecken-ausschusses\\\/#breadcrumb\",\"itemListElement\":[{\"@type\":\"ListItem\",\"position\":1,\"name\":\"Startseite\",\"item\":\"https:\\\/\\\/www.cdu-fraktion-hamburg-mitte.de\\\/cms\\\/\"},{\"@type\":\"ListItem\",\"position\":2,\"name\":\"Thematische Befassung des Elbbr\u00fccken-Ausschusses\"}]},{\"@type\":\"WebSite\",\"@id\":\"https:\\\/\\\/www.cdu-fraktion-hamburg-mitte.de\\\/cms\\\/#website\",\"url\":\"https:\\\/\\\/www.cdu-fraktion-hamburg-mitte.de\\\/cms\\\/\",\"name\":\"CDU-Bezirksfraktion Hamburg-Mitte\",\"description\":\"Politik in der Bezirksversammlung Hamburg-Mitte\",\"publisher\":{\"@id\":\"https:\\\/\\\/www.cdu-fraktion-hamburg-mitte.de\\\/cms\\\/#organization\"},\"potentialAction\":[{\"@type\":\"SearchAction\",\"target\":{\"@type\":\"EntryPoint\",\"urlTemplate\":\"https:\\\/\\\/www.cdu-fraktion-hamburg-mitte.de\\\/cms\\\/?s={search_term_string}\"},\"query-input\":{\"@type\":\"PropertyValueSpecification\",\"valueRequired\":true,\"valueName\":\"search_term_string\"}}],\"inLanguage\":\"de\"},{\"@type\":\"Organization\",\"@id\":\"https:\\\/\\\/www.cdu-fraktion-hamburg-mitte.de\\\/cms\\\/#organization\",\"name\":\"CDU-B\u00fcrgerschaftsfraktion Hamburg\",\"url\":\"https:\\\/\\\/www.cdu-fraktion-hamburg-mitte.de\\\/cms\\\/\",\"logo\":{\"@type\":\"ImageObject\",\"inLanguage\":\"de\",\"@id\":\"https:\\\/\\\/www.cdu-fraktion-hamburg-mitte.de\\\/cms\\\/#\\\/schema\\\/logo\\\/image\\\/\",\"url\":\"\",\"contentUrl\":\"\",\"caption\":\"CDU-B\u00fcrgerschaftsfraktion Hamburg\"},\"image\":{\"@id\":\"https:\\\/\\\/www.cdu-fraktion-hamburg-mitte.de\\\/cms\\\/#\\\/schema\\\/logo\\\/image\\\/\"}},{\"@type\":\"Person\",\"@id\":\"https:\\\/\\\/www.cdu-fraktion-hamburg-mitte.de\\\/cms\\\/#\\\/schema\\\/person\\\/2db16dc65b6e4590ac85c22bd6b0d8bd\",\"name\":\"CDU Bezirksfraktion Hamburg-Mitte\",\"image\":{\"@type\":\"ImageObject\",\"inLanguage\":\"de\",\"@id\":\"https:\\\/\\\/www.cdu-fraktion-hamburg-mitte.de\\\/cms\\\/wp-content\\\/uploads\\\/2023\\\/11\\\/CDU-Logo-Avatar-150x150.png\",\"url\":\"https:\\\/\\\/www.cdu-fraktion-hamburg-mitte.de\\\/cms\\\/wp-content\\\/uploads\\\/2023\\\/11\\\/CDU-Logo-Avatar-150x150.png\",\"contentUrl\":\"https:\\\/\\\/www.cdu-fraktion-hamburg-mitte.de\\\/cms\\\/wp-content\\\/uploads\\\/2023\\\/11\\\/CDU-Logo-Avatar-150x150.png\",\"caption\":\"CDU Bezirksfraktion Hamburg-Mitte\"},\"url\":\"https:\\\/\\\/www.cdu-fraktion-hamburg-mitte.de\\\/cms\\\/author\\\/politikwerft\\\/\"}]}<\/script>\n<!-- \/ Yoast SEO plugin. -->","yoast_head_json":{"title":"Thematische Befassung des Elbbr\u00fccken-Ausschusses &#8226; CDU-Bezirksfraktion Hamburg-Mitte","robots":{"index":"index","follow":"follow","max-snippet":"max-snippet:-1","max-image-preview":"max-image-preview:large","max-video-preview":"max-video-preview:-1"},"canonical":"https:\/\/www.cdu-fraktion-hamburg-mitte.de\/cms\/thematische-befassung-des-elbbruecken-ausschusses\/","og_locale":"de_DE","og_type":"article","og_title":"Thematische Befassung des Elbbr\u00fccken-Ausschusses &#8226; CDU-Bezirksfraktion Hamburg-Mitte","og_description":"F\u00fcr eine gute Begleitung der Entwicklung des Planungsgebiets Kleiner Grasbrook, Veddel, Rothenburgsort und HafenCity sind auch Ortskenntnisse entscheidend. Deshalb hat die Koalition (CDU, SPD, FDP) den Elbbr\u00fccken-Ausschuss eingerichtet. Unterschiedliche Zust\u00e4ndigkeiten von verschiedenen Fach\u00e4mtern des Bezirksamtes, der HafenCity GmbH, der BBEG, oder der Beh\u00f6rde f\u00fcr Stadtentwicklung und Wohnen (BSW) und weiteren&hellip;","og_url":"https:\/\/www.cdu-fraktion-hamburg-mitte.de\/cms\/thematische-befassung-des-elbbruecken-ausschusses\/","og_site_name":"CDU-Bezirksfraktion Hamburg-Mitte","article_published_time":"2023-04-12T06:32:47+00:00","article_modified_time":"2023-05-04T06:55:47+00:00","author":"CDU Bezirksfraktion Hamburg-Mitte","twitter_card":"summary_large_image","twitter_misc":{"Verfasst von":"CDU Bezirksfraktion Hamburg-Mitte","Gesch\u00e4tzte Lesezeit":"1\u00a0Minute"},"schema":{"@context":"https:\/\/schema.org","@graph":[{"@type":"Article","@id":"https:\/\/www.cdu-fraktion-hamburg-mitte.de\/cms\/thematische-befassung-des-elbbruecken-ausschusses\/#article","isPartOf":{"@id":"https:\/\/www.cdu-fraktion-hamburg-mitte.de\/cms\/thematische-befassung-des-elbbruecken-ausschusses\/"},"author":{"name":"CDU Bezirksfraktion Hamburg-Mitte","@id":"https:\/\/www.cdu-fraktion-hamburg-mitte.de\/cms\/#\/schema\/person\/2db16dc65b6e4590ac85c22bd6b0d8bd"},"headline":"Thematische Befassung des Elbbr\u00fccken-Ausschusses","datePublished":"2023-04-12T06:32:47+00:00","dateModified":"2023-05-04T06:55:47+00:00","mainEntityOfPage":{"@id":"https:\/\/www.cdu-fraktion-hamburg-mitte.de\/cms\/thematische-befassung-des-elbbruecken-ausschusses\/"},"wordCount":113,"publisher":{"@id":"https:\/\/www.cdu-fraktion-hamburg-mitte.de\/cms\/#organization"},"keywords":["Elbbr\u00fccken","Kleiner Grasbrook","Rothenburgsort","Veddel"],"articleSection":["Elbbr\u00fccken","Initiativen","Stadtplanung"],"inLanguage":"de"},{"@type":"WebPage","@id":"https:\/\/www.cdu-fraktion-hamburg-mitte.de\/cms\/thematische-befassung-des-elbbruecken-ausschusses\/","url":"https:\/\/www.cdu-fraktion-hamburg-mitte.de\/cms\/thematische-befassung-des-elbbruecken-ausschusses\/","name":"Thematische Befassung des Elbbr\u00fccken-Ausschusses &#8226; CDU-Bezirksfraktion Hamburg-Mitte","isPartOf":{"@id":"https:\/\/www.cdu-fraktion-hamburg-mitte.de\/cms\/#website"},"datePublished":"2023-04-12T06:32:47+00:00","dateModified":"2023-05-04T06:55:47+00:00","breadcrumb":{"@id":"https:\/\/www.cdu-fraktion-hamburg-mitte.de\/cms\/thematische-befassung-des-elbbruecken-ausschusses\/#breadcrumb"},"inLanguage":"de","potentialAction":[{"@type":"ReadAction","target":["https:\/\/www.cdu-fraktion-hamburg-mitte.de\/cms\/thematische-befassung-des-elbbruecken-ausschusses\/"]}]},{"@type":"BreadcrumbList","@id":"https:\/\/www.cdu-fraktion-hamburg-mitte.de\/cms\/thematische-befassung-des-elbbruecken-ausschusses\/#breadcrumb","itemListElement":[{"@type":"ListItem","position":1,"name":"Startseite","item":"https:\/\/www.cdu-fraktion-hamburg-mitte.de\/cms\/"},{"@type":"ListItem","position":2,"name":"Thematische Befassung des Elbbr\u00fccken-Ausschusses"}]},{"@type":"WebSite","@id":"https:\/\/www.cdu-fraktion-hamburg-mitte.de\/cms\/#website","url":"https:\/\/www.cdu-fraktion-hamburg-mitte.de\/cms\/","name":"CDU-Bezirksfraktion Hamburg-Mitte","description":"Politik in der Bezirksversammlung Hamburg-Mitte","publisher":{"@id":"https:\/\/www.cdu-fraktion-hamburg-mitte.de\/cms\/#organization"},"potentialAction":[{"@type":"SearchAction","target":{"@type":"EntryPoint","urlTemplate":"https:\/\/www.cdu-fraktion-hamburg-mitte.de\/cms\/?s={search_term_string}"},"query-input":{"@type":"PropertyValueSpecification","valueRequired":true,"valueName":"search_term_string"}}],"inLanguage":"de"},{"@type":"Organization","@id":"https:\/\/www.cdu-fraktion-hamburg-mitte.de\/cms\/#organization","name":"CDU-B\u00fcrgerschaftsfraktion Hamburg","url":"https:\/\/www.cdu-fraktion-hamburg-mitte.de\/cms\/","logo":{"@type":"ImageObject","inLanguage":"de","@id":"https:\/\/www.cdu-fraktion-hamburg-mitte.de\/cms\/#\/schema\/logo\/image\/","url":"","contentUrl":"","caption":"CDU-B\u00fcrgerschaftsfraktion Hamburg"},"image":{"@id":"https:\/\/www.cdu-fraktion-hamburg-mitte.de\/cms\/#\/schema\/logo\/image\/"}},{"@type":"Person","@id":"https:\/\/www.cdu-fraktion-hamburg-mitte.de\/cms\/#\/schema\/person\/2db16dc65b6e4590ac85c22bd6b0d8bd","name":"CDU Bezirksfraktion Hamburg-Mitte","image":{"@type":"ImageObject","inLanguage":"de","@id":"https:\/\/www.cdu-fraktion-hamburg-mitte.de\/cms\/wp-content\/uploads\/2023\/11\/CDU-Logo-Avatar-150x150.png","url":"https:\/\/www.cdu-fraktion-hamburg-mitte.de\/cms\/wp-content\/uploads\/2023\/11\/CDU-Logo-Avatar-150x150.png","contentUrl":"https:\/\/www.cdu-fraktion-hamburg-mitte.de\/cms\/wp-content\/uploads\/2023\/11\/CDU-Logo-Avatar-150x150.png","caption":"CDU Bezirksfraktion Hamburg-Mitte"},"url":"https:\/\/www.cdu-fraktion-hamburg-mitte.de\/cms\/author\/politikwerft\/"}]}},"_links":{"self":[{"href":"https:\/\/www.cdu-fraktion-hamburg-mitte.de\/cms\/wp-json\/wp\/v2\/posts\/12850","targetHints":{"allow":["GET"]}}],"collection":[{"href":"https:\/\/www.cdu-fraktion-hamburg-mitte.de\/cms\/wp-json\/wp\/v2\/posts"}],"about":[{"href":"https:\/\/www.cdu-fraktion-hamburg-mitte.de\/cms\/wp-json\/wp\/v2\/types\/post"}],"author":[{"embeddable":true,"href":"https:\/\/www.cdu-fraktion-hamburg-mitte.de\/cms\/wp-json\/wp\/v2\/users\/1"}],"replies":[{"embeddable":true,"href":"https:\/\/www.cdu-fraktion-hamburg-mitte.de\/cms\/wp-json\/wp\/v2\/comments?post=12850"}],"version-history":[{"count":0,"href":"https:\/\/www.cdu-fraktion-hamburg-mitte.de\/cms\/wp-json\/wp\/v2\/posts\/12850\/revisions"}],"wp:attachment":[{"href":"https:\/\/www.cdu-fraktion-hamburg-mitte.de\/cms\/wp-json\/wp\/v2\/media?parent=12850"}],"wp:term":[{"taxonomy":"category","embeddable":true,"href":"https:\/\/www.cdu-fraktion-hamburg-mitte.de\/cms\/wp-json\/wp\/v2\/categories?post=12850"},{"taxonomy":"post_tag","embeddable":true,"href":"https:\/\/www.cdu-fraktion-hamburg-mitte.de\/cms\/wp-json\/wp\/v2\/tags?post=12850"}],"curies":[{"name":"wp","href":"https:\/\/api.w.org\/{rel}","templated":true}]}}