{"id":12939,"date":"2023-06-23T11:29:28","date_gmt":"2023-06-23T09:29:28","guid":{"rendered":"https:\/\/www.cdu-fraktion-hamburg-mitte.de\/cms\/?p=12939"},"modified":"2023-07-17T11:43:37","modified_gmt":"2023-07-17T09:43:37","slug":"rosa-saecke-in-hamburg-mitte-abschaffen","status":"publish","type":"post","link":"https:\/\/www.cdu-fraktion-hamburg-mitte.de\/cms\/rosa-saecke-in-hamburg-mitte-abschaffen\/","title":{"rendered":"Rosa Sa\u0308cke in Hamburg-Mitte abschaffen!"},"content":{"rendered":"<p>Mehr Sauberkeit in Hamburg-Mitte: Die Bezirkskoalition in Hamburg-Mitte aus CDU, SPD und FDP fordert in einem Antrag in der Bezirksversammlung die Einrichtung eines geeigneten Projektgebiets, in dem mit Unterflursystemen und anderen geeigneten Instrumenten die weitgehende Abschaffung der sog. \u201eRosa Sa\u0308cke\u201c in Hamburg-Mitte erreicht werden kann und mo\u0308chte damit dem Beispiel aus Altona und Eimsb\u00fcttel folgen, wo bereits solche Ma\u00dfnahmen getroffen worden sind.<\/p>\n<p>In Altona und Eimsbu\u0308ttel kann ein Ru\u0308ckgang der Sa\u0308cke um 67% festgestellt werden, eine Entwicklung, die auch <strong>Dr. Gunter Bo\u0308ttcher, Fraktionsvorsitzender der CDU im Bezirk Hamburg-Mitte<\/strong>, begru\u0308\u00dfen wu\u0308rde: <em>\u201eEs ist fu\u0308r alle Beteiligten komfortabler, entspricht den modernen Standards und reduziert Bela\u0308stigungen fu\u0308r die Anwohnenden und Passanten. Weniger Geruchsbela\u0308stigungen und ein verscho\u0308nertes Stadtbild kommt allen zugute.\u201c<\/em><\/p>\n<p>Besch\u00e4mend sei es, dass es im 21. Jahrhundert noch Haushalte in Hamburg-Mitte gibt, die ohne hauseigene Mu\u0308llra\u0308ume leben und ihren M\u00fcll zweimal in der Woche auf die Stra\u00dfe tragen mu\u0308ssen. So formuliert es die Koalition in ihrem Antrag und fordert: Die Rosa Sa\u0308cke geho\u0308ren abgeschafft. Dafu\u0308r fordert die Koalition im Bezirk die Verwaltung auf, Gespra\u0308che mit der Stadtreinigung zu forcieren, in denen geeignete Fla\u0308chen und Systeme gefunden werden, um auch im Bezirk Hamburg-Mitte die Mu\u0308llentsorgung auf einen modernen Stand zu bringen. Insbesondere in den innersta\u0308dtischen Quartieren St. Pauli, Altstadt, Neustadt sowie St. Georg ist die Mu\u0308llentsorgung fu\u0308r viele Haushalte noch immer auf die Rosa Sa\u0308cke angewiesen.<\/p>\n<a href=\"https:\/\/www.cdu-fraktion-hamburg-mitte.de\/cms\/wp-content\/uploads\/2023\/06\/Rosa-Saecke-in-Hamburg-Mitte-abschaffen.pdf\" class=\"pdfemb-viewer\" style=\"\" data-width=\"max\" data-height=\"max\" data-mobile-width=\"500\"  data-scrollbar=\"none\" data-download=\"on\" data-tracking=\"on\" data-newwindow=\"on\" data-pagetextbox=\"off\" data-scrolltotop=\"off\" data-startzoom=\"100\" data-startfpzoom=\"100\" data-toolbar=\"top\" data-toolbar-fixed=\"on\">Rosa S\u00e4cke in Hamburg-Mitte abschaffen<br\/><\/a>\n","protected":false},"excerpt":{"rendered":"<p>Mehr Sauberkeit in Hamburg-Mitte: Die Bezirkskoalition in Hamburg-Mitte aus CDU, SPD und FDP fordert in einem Antrag in der Bezirksversammlung die Einrichtung eines geeigneten Projektgebiets, in dem mit Unterflursystemen und anderen geeigneten Instrumenten die weitgehende Abschaffung der sog. \u201eRosa Sa\u0308cke\u201c in Hamburg-Mitte erreicht werden kann und mo\u0308chte damit dem Beispiel&hellip;<\/p>\n","protected":false},"author":1,"featured_media":10923,"comment_status":"closed","ping_status":"closed","sticky":false,"template":"","format":"standard","meta":{"inline_featured_image":false,"footnotes":""},"categories":[549,82],"tags":[500,521,796,864,688],"class_list":["post-12939","post","type-post","status-publish","format-standard","has-post-thumbnail","hentry","category-initiativen","category-pressemitteilung","tag-cityausschuss","tag-dr-gunter-boettcher","tag-oeffentlicher-raum","tag-rosa-saecke","tag-sauberkeit"],"yoast_head":"<!-- This site is optimized with the Yoast SEO plugin v27.4 - https:\/\/yoast.com\/product\/yoast-seo-wordpress\/ -->\n<title>Rosa Sa\u0308cke in Hamburg-Mitte abschaffen! &#8226; CDU-Bezirksfraktion Hamburg-Mitte<\/title>\n<meta name=\"robots\" content=\"index, follow, max-snippet:-1, max-image-preview:large, max-video-preview:-1\" \/>\n<link rel=\"canonical\" href=\"https:\/\/www.cdu-fraktion-hamburg-mitte.de\/cms\/rosa-saecke-in-hamburg-mitte-abschaffen\/\" \/>\n<meta property=\"og:locale\" content=\"de_DE\" \/>\n<meta property=\"og:type\" content=\"article\" \/>\n<meta property=\"og:title\" content=\"Rosa Sa\u0308cke in Hamburg-Mitte abschaffen! &#8226; CDU-Bezirksfraktion Hamburg-Mitte\" \/>\n<meta property=\"og:description\" content=\"Mehr Sauberkeit in Hamburg-Mitte: Die Bezirkskoalition in Hamburg-Mitte aus CDU, SPD und FDP fordert in einem Antrag in der Bezirksversammlung die Einrichtung eines geeigneten Projektgebiets, in dem mit Unterflursystemen und anderen geeigneten Instrumenten die weitgehende Abschaffung der sog. \u201eRosa Sa\u0308cke\u201c in Hamburg-Mitte erreicht werden kann und mo\u0308chte damit dem Beispiel&hellip;\" \/>\n<meta property=\"og:url\" content=\"https:\/\/www.cdu-fraktion-hamburg-mitte.de\/cms\/rosa-saecke-in-hamburg-mitte-abschaffen\/\" \/>\n<meta property=\"og:site_name\" content=\"CDU-Bezirksfraktion Hamburg-Mitte\" \/>\n<meta property=\"article:published_time\" content=\"2023-06-23T09:29:28+00:00\" \/>\n<meta property=\"article:modified_time\" content=\"2023-07-17T09:43:37+00:00\" \/>\n<meta property=\"og:image\" content=\"https:\/\/www.cdu-fraktion-hamburg-mitte.de\/cms\/wp-content\/uploads\/2021\/03\/190401_Kacheln-Kandidaten-BOETTCHER-min.jpg\" \/>\n\t<meta property=\"og:image:width\" content=\"1333\" \/>\n\t<meta property=\"og:image:height\" content=\"1333\" \/>\n\t<meta property=\"og:image:type\" content=\"image\/jpeg\" \/>\n<meta name=\"author\" content=\"CDU Bezirksfraktion Hamburg-Mitte\" \/>\n<meta name=\"twitter:card\" content=\"summary_large_image\" \/>\n<meta name=\"twitter:label1\" content=\"Verfasst von\" \/>\n\t<meta name=\"twitter:data1\" content=\"CDU Bezirksfraktion Hamburg-Mitte\" \/>\n\t<meta name=\"twitter:label2\" content=\"Gesch\u00e4tzte Lesezeit\" \/>\n\t<meta name=\"twitter:data2\" content=\"2\u00a0Minuten\" \/>\n<script type=\"application\/ld+json\" class=\"yoast-schema-graph\">{\"@context\":\"https:\\\/\\\/schema.org\",\"@graph\":[{\"@type\":\"Article\",\"@id\":\"https:\\\/\\\/www.cdu-fraktion-hamburg-mitte.de\\\/cms\\\/rosa-saecke-in-hamburg-mitte-abschaffen\\\/#article\",\"isPartOf\":{\"@id\":\"https:\\\/\\\/www.cdu-fraktion-hamburg-mitte.de\\\/cms\\\/rosa-saecke-in-hamburg-mitte-abschaffen\\\/\"},\"author\":{\"name\":\"CDU Bezirksfraktion Hamburg-Mitte\",\"@id\":\"https:\\\/\\\/www.cdu-fraktion-hamburg-mitte.de\\\/cms\\\/#\\\/schema\\\/person\\\/2db16dc65b6e4590ac85c22bd6b0d8bd\"},\"headline\":\"Rosa Sa\u0308cke in Hamburg-Mitte abschaffen!\",\"datePublished\":\"2023-06-23T09:29:28+00:00\",\"dateModified\":\"2023-07-17T09:43:37+00:00\",\"mainEntityOfPage\":{\"@id\":\"https:\\\/\\\/www.cdu-fraktion-hamburg-mitte.de\\\/cms\\\/rosa-saecke-in-hamburg-mitte-abschaffen\\\/\"},\"wordCount\":276,\"publisher\":{\"@id\":\"https:\\\/\\\/www.cdu-fraktion-hamburg-mitte.de\\\/cms\\\/#organization\"},\"image\":{\"@id\":\"https:\\\/\\\/www.cdu-fraktion-hamburg-mitte.de\\\/cms\\\/rosa-saecke-in-hamburg-mitte-abschaffen\\\/#primaryimage\"},\"thumbnailUrl\":\"https:\\\/\\\/www.cdu-fraktion-hamburg-mitte.de\\\/cms\\\/wp-content\\\/uploads\\\/2021\\\/03\\\/190401_Kacheln-Kandidaten-BOETTCHER-min.jpg\",\"keywords\":[\"Cityausschuss\",\"Dr. Gunter B\u00f6ttcher\",\"\u00d6ffentlicher Raum\",\"Rosa S\u00e4cke\",\"Sauberkeit\"],\"articleSection\":[\"Initiativen\",\"Pressemitteilungen\"],\"inLanguage\":\"de\"},{\"@type\":\"WebPage\",\"@id\":\"https:\\\/\\\/www.cdu-fraktion-hamburg-mitte.de\\\/cms\\\/rosa-saecke-in-hamburg-mitte-abschaffen\\\/\",\"url\":\"https:\\\/\\\/www.cdu-fraktion-hamburg-mitte.de\\\/cms\\\/rosa-saecke-in-hamburg-mitte-abschaffen\\\/\",\"name\":\"Rosa Sa\u0308cke in Hamburg-Mitte abschaffen! &#8226; CDU-Bezirksfraktion Hamburg-Mitte\",\"isPartOf\":{\"@id\":\"https:\\\/\\\/www.cdu-fraktion-hamburg-mitte.de\\\/cms\\\/#website\"},\"primaryImageOfPage\":{\"@id\":\"https:\\\/\\\/www.cdu-fraktion-hamburg-mitte.de\\\/cms\\\/rosa-saecke-in-hamburg-mitte-abschaffen\\\/#primaryimage\"},\"image\":{\"@id\":\"https:\\\/\\\/www.cdu-fraktion-hamburg-mitte.de\\\/cms\\\/rosa-saecke-in-hamburg-mitte-abschaffen\\\/#primaryimage\"},\"thumbnailUrl\":\"https:\\\/\\\/www.cdu-fraktion-hamburg-mitte.de\\\/cms\\\/wp-content\\\/uploads\\\/2021\\\/03\\\/190401_Kacheln-Kandidaten-BOETTCHER-min.jpg\",\"datePublished\":\"2023-06-23T09:29:28+00:00\",\"dateModified\":\"2023-07-17T09:43:37+00:00\",\"breadcrumb\":{\"@id\":\"https:\\\/\\\/www.cdu-fraktion-hamburg-mitte.de\\\/cms\\\/rosa-saecke-in-hamburg-mitte-abschaffen\\\/#breadcrumb\"},\"inLanguage\":\"de\",\"potentialAction\":[{\"@type\":\"ReadAction\",\"target\":[\"https:\\\/\\\/www.cdu-fraktion-hamburg-mitte.de\\\/cms\\\/rosa-saecke-in-hamburg-mitte-abschaffen\\\/\"]}]},{\"@type\":\"ImageObject\",\"inLanguage\":\"de\",\"@id\":\"https:\\\/\\\/www.cdu-fraktion-hamburg-mitte.de\\\/cms\\\/rosa-saecke-in-hamburg-mitte-abschaffen\\\/#primaryimage\",\"url\":\"https:\\\/\\\/www.cdu-fraktion-hamburg-mitte.de\\\/cms\\\/wp-content\\\/uploads\\\/2021\\\/03\\\/190401_Kacheln-Kandidaten-BOETTCHER-min.jpg\",\"contentUrl\":\"https:\\\/\\\/www.cdu-fraktion-hamburg-mitte.de\\\/cms\\\/wp-content\\\/uploads\\\/2021\\\/03\\\/190401_Kacheln-Kandidaten-BOETTCHER-min.jpg\",\"width\":1333,\"height\":1333,\"caption\":\"Dr. Gunter B\u00f6ttcher\"},{\"@type\":\"BreadcrumbList\",\"@id\":\"https:\\\/\\\/www.cdu-fraktion-hamburg-mitte.de\\\/cms\\\/rosa-saecke-in-hamburg-mitte-abschaffen\\\/#breadcrumb\",\"itemListElement\":[{\"@type\":\"ListItem\",\"position\":1,\"name\":\"Startseite\",\"item\":\"https:\\\/\\\/www.cdu-fraktion-hamburg-mitte.de\\\/cms\\\/\"},{\"@type\":\"ListItem\",\"position\":2,\"name\":\"Rosa Sa\u0308cke in Hamburg-Mitte abschaffen!\"}]},{\"@type\":\"WebSite\",\"@id\":\"https:\\\/\\\/www.cdu-fraktion-hamburg-mitte.de\\\/cms\\\/#website\",\"url\":\"https:\\\/\\\/www.cdu-fraktion-hamburg-mitte.de\\\/cms\\\/\",\"name\":\"CDU-Bezirksfraktion Hamburg-Mitte\",\"description\":\"Politik in der Bezirksversammlung Hamburg-Mitte\",\"publisher\":{\"@id\":\"https:\\\/\\\/www.cdu-fraktion-hamburg-mitte.de\\\/cms\\\/#organization\"},\"potentialAction\":[{\"@type\":\"SearchAction\",\"target\":{\"@type\":\"EntryPoint\",\"urlTemplate\":\"https:\\\/\\\/www.cdu-fraktion-hamburg-mitte.de\\\/cms\\\/?s={search_term_string}\"},\"query-input\":{\"@type\":\"PropertyValueSpecification\",\"valueRequired\":true,\"valueName\":\"search_term_string\"}}],\"inLanguage\":\"de\"},{\"@type\":\"Organization\",\"@id\":\"https:\\\/\\\/www.cdu-fraktion-hamburg-mitte.de\\\/cms\\\/#organization\",\"name\":\"CDU-B\u00fcrgerschaftsfraktion Hamburg\",\"url\":\"https:\\\/\\\/www.cdu-fraktion-hamburg-mitte.de\\\/cms\\\/\",\"logo\":{\"@type\":\"ImageObject\",\"inLanguage\":\"de\",\"@id\":\"https:\\\/\\\/www.cdu-fraktion-hamburg-mitte.de\\\/cms\\\/#\\\/schema\\\/logo\\\/image\\\/\",\"url\":\"\",\"contentUrl\":\"\",\"caption\":\"CDU-B\u00fcrgerschaftsfraktion Hamburg\"},\"image\":{\"@id\":\"https:\\\/\\\/www.cdu-fraktion-hamburg-mitte.de\\\/cms\\\/#\\\/schema\\\/logo\\\/image\\\/\"}},{\"@type\":\"Person\",\"@id\":\"https:\\\/\\\/www.cdu-fraktion-hamburg-mitte.de\\\/cms\\\/#\\\/schema\\\/person\\\/2db16dc65b6e4590ac85c22bd6b0d8bd\",\"name\":\"CDU Bezirksfraktion Hamburg-Mitte\",\"image\":{\"@type\":\"ImageObject\",\"inLanguage\":\"de\",\"@id\":\"https:\\\/\\\/www.cdu-fraktion-hamburg-mitte.de\\\/cms\\\/wp-content\\\/uploads\\\/2023\\\/11\\\/CDU-Logo-Avatar-150x150.png\",\"url\":\"https:\\\/\\\/www.cdu-fraktion-hamburg-mitte.de\\\/cms\\\/wp-content\\\/uploads\\\/2023\\\/11\\\/CDU-Logo-Avatar-150x150.png\",\"contentUrl\":\"https:\\\/\\\/www.cdu-fraktion-hamburg-mitte.de\\\/cms\\\/wp-content\\\/uploads\\\/2023\\\/11\\\/CDU-Logo-Avatar-150x150.png\",\"caption\":\"CDU Bezirksfraktion Hamburg-Mitte\"},\"url\":\"https:\\\/\\\/www.cdu-fraktion-hamburg-mitte.de\\\/cms\\\/author\\\/politikwerft\\\/\"}]}<\/script>\n<!-- \/ Yoast SEO plugin. -->","yoast_head_json":{"title":"Rosa Sa\u0308cke in Hamburg-Mitte abschaffen! &#8226; CDU-Bezirksfraktion Hamburg-Mitte","robots":{"index":"index","follow":"follow","max-snippet":"max-snippet:-1","max-image-preview":"max-image-preview:large","max-video-preview":"max-video-preview:-1"},"canonical":"https:\/\/www.cdu-fraktion-hamburg-mitte.de\/cms\/rosa-saecke-in-hamburg-mitte-abschaffen\/","og_locale":"de_DE","og_type":"article","og_title":"Rosa Sa\u0308cke in Hamburg-Mitte abschaffen! &#8226; CDU-Bezirksfraktion Hamburg-Mitte","og_description":"Mehr Sauberkeit in Hamburg-Mitte: Die Bezirkskoalition in Hamburg-Mitte aus CDU, SPD und FDP fordert in einem Antrag in der Bezirksversammlung die Einrichtung eines geeigneten Projektgebiets, in dem mit Unterflursystemen und anderen geeigneten Instrumenten die weitgehende Abschaffung der sog. \u201eRosa Sa\u0308cke\u201c in Hamburg-Mitte erreicht werden kann und mo\u0308chte damit dem Beispiel&hellip;","og_url":"https:\/\/www.cdu-fraktion-hamburg-mitte.de\/cms\/rosa-saecke-in-hamburg-mitte-abschaffen\/","og_site_name":"CDU-Bezirksfraktion Hamburg-Mitte","article_published_time":"2023-06-23T09:29:28+00:00","article_modified_time":"2023-07-17T09:43:37+00:00","og_image":[{"width":1333,"height":1333,"url":"https:\/\/www.cdu-fraktion-hamburg-mitte.de\/cms\/wp-content\/uploads\/2021\/03\/190401_Kacheln-Kandidaten-BOETTCHER-min.jpg","type":"image\/jpeg"}],"author":"CDU Bezirksfraktion Hamburg-Mitte","twitter_card":"summary_large_image","twitter_misc":{"Verfasst von":"CDU Bezirksfraktion Hamburg-Mitte","Gesch\u00e4tzte Lesezeit":"2\u00a0Minuten"},"schema":{"@context":"https:\/\/schema.org","@graph":[{"@type":"Article","@id":"https:\/\/www.cdu-fraktion-hamburg-mitte.de\/cms\/rosa-saecke-in-hamburg-mitte-abschaffen\/#article","isPartOf":{"@id":"https:\/\/www.cdu-fraktion-hamburg-mitte.de\/cms\/rosa-saecke-in-hamburg-mitte-abschaffen\/"},"author":{"name":"CDU Bezirksfraktion Hamburg-Mitte","@id":"https:\/\/www.cdu-fraktion-hamburg-mitte.de\/cms\/#\/schema\/person\/2db16dc65b6e4590ac85c22bd6b0d8bd"},"headline":"Rosa Sa\u0308cke in Hamburg-Mitte abschaffen!","datePublished":"2023-06-23T09:29:28+00:00","dateModified":"2023-07-17T09:43:37+00:00","mainEntityOfPage":{"@id":"https:\/\/www.cdu-fraktion-hamburg-mitte.de\/cms\/rosa-saecke-in-hamburg-mitte-abschaffen\/"},"wordCount":276,"publisher":{"@id":"https:\/\/www.cdu-fraktion-hamburg-mitte.de\/cms\/#organization"},"image":{"@id":"https:\/\/www.cdu-fraktion-hamburg-mitte.de\/cms\/rosa-saecke-in-hamburg-mitte-abschaffen\/#primaryimage"},"thumbnailUrl":"https:\/\/www.cdu-fraktion-hamburg-mitte.de\/cms\/wp-content\/uploads\/2021\/03\/190401_Kacheln-Kandidaten-BOETTCHER-min.jpg","keywords":["Cityausschuss","Dr. Gunter B\u00f6ttcher","\u00d6ffentlicher Raum","Rosa S\u00e4cke","Sauberkeit"],"articleSection":["Initiativen","Pressemitteilungen"],"inLanguage":"de"},{"@type":"WebPage","@id":"https:\/\/www.cdu-fraktion-hamburg-mitte.de\/cms\/rosa-saecke-in-hamburg-mitte-abschaffen\/","url":"https:\/\/www.cdu-fraktion-hamburg-mitte.de\/cms\/rosa-saecke-in-hamburg-mitte-abschaffen\/","name":"Rosa Sa\u0308cke in Hamburg-Mitte abschaffen! &#8226; CDU-Bezirksfraktion Hamburg-Mitte","isPartOf":{"@id":"https:\/\/www.cdu-fraktion-hamburg-mitte.de\/cms\/#website"},"primaryImageOfPage":{"@id":"https:\/\/www.cdu-fraktion-hamburg-mitte.de\/cms\/rosa-saecke-in-hamburg-mitte-abschaffen\/#primaryimage"},"image":{"@id":"https:\/\/www.cdu-fraktion-hamburg-mitte.de\/cms\/rosa-saecke-in-hamburg-mitte-abschaffen\/#primaryimage"},"thumbnailUrl":"https:\/\/www.cdu-fraktion-hamburg-mitte.de\/cms\/wp-content\/uploads\/2021\/03\/190401_Kacheln-Kandidaten-BOETTCHER-min.jpg","datePublished":"2023-06-23T09:29:28+00:00","dateModified":"2023-07-17T09:43:37+00:00","breadcrumb":{"@id":"https:\/\/www.cdu-fraktion-hamburg-mitte.de\/cms\/rosa-saecke-in-hamburg-mitte-abschaffen\/#breadcrumb"},"inLanguage":"de","potentialAction":[{"@type":"ReadAction","target":["https:\/\/www.cdu-fraktion-hamburg-mitte.de\/cms\/rosa-saecke-in-hamburg-mitte-abschaffen\/"]}]},{"@type":"ImageObject","inLanguage":"de","@id":"https:\/\/www.cdu-fraktion-hamburg-mitte.de\/cms\/rosa-saecke-in-hamburg-mitte-abschaffen\/#primaryimage","url":"https:\/\/www.cdu-fraktion-hamburg-mitte.de\/cms\/wp-content\/uploads\/2021\/03\/190401_Kacheln-Kandidaten-BOETTCHER-min.jpg","contentUrl":"https:\/\/www.cdu-fraktion-hamburg-mitte.de\/cms\/wp-content\/uploads\/2021\/03\/190401_Kacheln-Kandidaten-BOETTCHER-min.jpg","width":1333,"height":1333,"caption":"Dr. Gunter B\u00f6ttcher"},{"@type":"BreadcrumbList","@id":"https:\/\/www.cdu-fraktion-hamburg-mitte.de\/cms\/rosa-saecke-in-hamburg-mitte-abschaffen\/#breadcrumb","itemListElement":[{"@type":"ListItem","position":1,"name":"Startseite","item":"https:\/\/www.cdu-fraktion-hamburg-mitte.de\/cms\/"},{"@type":"ListItem","position":2,"name":"Rosa Sa\u0308cke in Hamburg-Mitte abschaffen!"}]},{"@type":"WebSite","@id":"https:\/\/www.cdu-fraktion-hamburg-mitte.de\/cms\/#website","url":"https:\/\/www.cdu-fraktion-hamburg-mitte.de\/cms\/","name":"CDU-Bezirksfraktion Hamburg-Mitte","description":"Politik in der Bezirksversammlung Hamburg-Mitte","publisher":{"@id":"https:\/\/www.cdu-fraktion-hamburg-mitte.de\/cms\/#organization"},"potentialAction":[{"@type":"SearchAction","target":{"@type":"EntryPoint","urlTemplate":"https:\/\/www.cdu-fraktion-hamburg-mitte.de\/cms\/?s={search_term_string}"},"query-input":{"@type":"PropertyValueSpecification","valueRequired":true,"valueName":"search_term_string"}}],"inLanguage":"de"},{"@type":"Organization","@id":"https:\/\/www.cdu-fraktion-hamburg-mitte.de\/cms\/#organization","name":"CDU-B\u00fcrgerschaftsfraktion Hamburg","url":"https:\/\/www.cdu-fraktion-hamburg-mitte.de\/cms\/","logo":{"@type":"ImageObject","inLanguage":"de","@id":"https:\/\/www.cdu-fraktion-hamburg-mitte.de\/cms\/#\/schema\/logo\/image\/","url":"","contentUrl":"","caption":"CDU-B\u00fcrgerschaftsfraktion Hamburg"},"image":{"@id":"https:\/\/www.cdu-fraktion-hamburg-mitte.de\/cms\/#\/schema\/logo\/image\/"}},{"@type":"Person","@id":"https:\/\/www.cdu-fraktion-hamburg-mitte.de\/cms\/#\/schema\/person\/2db16dc65b6e4590ac85c22bd6b0d8bd","name":"CDU Bezirksfraktion Hamburg-Mitte","image":{"@type":"ImageObject","inLanguage":"de","@id":"https:\/\/www.cdu-fraktion-hamburg-mitte.de\/cms\/wp-content\/uploads\/2023\/11\/CDU-Logo-Avatar-150x150.png","url":"https:\/\/www.cdu-fraktion-hamburg-mitte.de\/cms\/wp-content\/uploads\/2023\/11\/CDU-Logo-Avatar-150x150.png","contentUrl":"https:\/\/www.cdu-fraktion-hamburg-mitte.de\/cms\/wp-content\/uploads\/2023\/11\/CDU-Logo-Avatar-150x150.png","caption":"CDU Bezirksfraktion Hamburg-Mitte"},"url":"https:\/\/www.cdu-fraktion-hamburg-mitte.de\/cms\/author\/politikwerft\/"}]}},"_links":{"self":[{"href":"https:\/\/www.cdu-fraktion-hamburg-mitte.de\/cms\/wp-json\/wp\/v2\/posts\/12939","targetHints":{"allow":["GET"]}}],"collection":[{"href":"https:\/\/www.cdu-fraktion-hamburg-mitte.de\/cms\/wp-json\/wp\/v2\/posts"}],"about":[{"href":"https:\/\/www.cdu-fraktion-hamburg-mitte.de\/cms\/wp-json\/wp\/v2\/types\/post"}],"author":[{"embeddable":true,"href":"https:\/\/www.cdu-fraktion-hamburg-mitte.de\/cms\/wp-json\/wp\/v2\/users\/1"}],"replies":[{"embeddable":true,"href":"https:\/\/www.cdu-fraktion-hamburg-mitte.de\/cms\/wp-json\/wp\/v2\/comments?post=12939"}],"version-history":[{"count":2,"href":"https:\/\/www.cdu-fraktion-hamburg-mitte.de\/cms\/wp-json\/wp\/v2\/posts\/12939\/revisions"}],"predecessor-version":[{"id":12942,"href":"https:\/\/www.cdu-fraktion-hamburg-mitte.de\/cms\/wp-json\/wp\/v2\/posts\/12939\/revisions\/12942"}],"wp:featuredmedia":[{"embeddable":true,"href":"https:\/\/www.cdu-fraktion-hamburg-mitte.de\/cms\/wp-json\/wp\/v2\/media\/10923"}],"wp:attachment":[{"href":"https:\/\/www.cdu-fraktion-hamburg-mitte.de\/cms\/wp-json\/wp\/v2\/media?parent=12939"}],"wp:term":[{"taxonomy":"category","embeddable":true,"href":"https:\/\/www.cdu-fraktion-hamburg-mitte.de\/cms\/wp-json\/wp\/v2\/categories?post=12939"},{"taxonomy":"post_tag","embeddable":true,"href":"https:\/\/www.cdu-fraktion-hamburg-mitte.de\/cms\/wp-json\/wp\/v2\/tags?post=12939"}],"curies":[{"name":"wp","href":"https:\/\/api.w.org\/{rel}","templated":true}]}}