{"id":12948,"date":"2023-07-13T12:21:57","date_gmt":"2023-07-13T10:21:57","guid":{"rendered":"https:\/\/www.cdu-fraktion-hamburg-mitte.de\/cms\/?p=12948"},"modified":"2023-07-17T12:30:06","modified_gmt":"2023-07-17T10:30:06","slug":"bei-der-sanierung-und-neuplanung-von-strassen-an-alle-verkehrsteilnehmer-denken","status":"publish","type":"post","link":"https:\/\/www.cdu-fraktion-hamburg-mitte.de\/cms\/bei-der-sanierung-und-neuplanung-von-strassen-an-alle-verkehrsteilnehmer-denken\/","title":{"rendered":"Bei der Sanierung und Neuplanung von Stra\u00dfen an alle Verkehrsteilnehmer denken!"},"content":{"rendered":"<p>Die Bezirkskoalition aus CDU, SPD und FDP setzt sich mit Nachdruck daf\u00fcr ein, eine sichere und effiziente Verkehrsinfrastruktur f\u00fcr alle B\u00fcrgerinnen und B\u00fcrger in Hamburg-Mitte zu schaffen. Durch den Ausbau der Velorouten, die Verbesserung der Situation f\u00fcr Fu\u00dfg\u00e4ngerinnen und Fu\u00dfg\u00e4nger sowie die angemessene Ber\u00fccksichtigung der Bed\u00fcrfnisse der Autofahrenden strebt die Koalition an, eine ausgewogene Verkehrsl\u00f6sung zu finden, die die Interessen aller Verkehrsteilnehmer\/-rinnen ber\u00fccksichtigt.<\/p>\n<p>Wie es nicht funktionieren kann, allen B\u00fcrgerinnen und B\u00fcrgern in diesem Bezirk gerecht zu werden, hat der geplante Ausbau der Veloroute 8 in Billstedt gezeigt. In M\u00fcmmelmannsberg sollten beim Ausbau der Radinfrastruktur etwa 100 Parkpl\u00e4tze wegfallen, obwohl der Bedarf f\u00fcr diese Stellpl\u00e4tze offensichtlich \u2013 auch zuk\u00fcnftig \u2013 vorhanden ist. Aus diesem Grund war es richtig, dass sich der Bezirksamtsleiter gegen diese Pl\u00e4ne ausgesprochen und vorgeschlagen hat, eine Alternativroute \u00fcber die Steinbeker Hauptstra\u00dfe zu pr\u00fcfen. Dadurch k\u00f6nnen nicht nur der massive Wegfall von Parkpl\u00e4tzen vermieden, sondern auch die F\u00e4llung von \u00fcber 40 B\u00e4umen gestoppt werden.<\/p>\n<p>Als Bezirkskoalition begr\u00fc\u00dfen wir Schritte zur Verkehrswende und sehen bereits jetzt Erfolge im Ausbau von Radwegen und k\u00f6nnen auch im Fu\u00dfverkehr deutliche Fortschritte erkennen. Nicht zuletzt die Fu\u00dfverkehrskonzepte haben einen entscheidenden Anteil daran. Wir sind \u00fcberzeugt, dass es m\u00f6glich ist, eine ausgewogene L\u00f6sung zu finden, die die Bed\u00fcrfnisse aller Verkehrsteilnehmer ber\u00fccksichtigt. Unser Ziel ist es, den Bezirk Hamburg-Mitte zu einem fahrradfreundlichen Ort zu machen, der gleicherma\u00dfen attraktiv f\u00fcr alle Verkehrsteilnehmer ist.<\/p>\n<p><strong>Dr. Gunter B\u00f6ttcher, Fraktionsvorsitzender der CDU-Bezirksfraktion Hamburg-Mitte<\/strong>, w\u00fcnscht sich eine realit\u00e4tsnahe Planung bei Sanierungs- und Neubauvorhaben: <em>\u201eDer Bezirk Mitte bildet ganz unterschiedliche Lebensrealit\u00e4ten ab, ganz unterschiedliche Bed\u00fcrfnisse der Menschen. Die einen haben die L\u00e4den des t\u00e4glichen Bedarfs in der N\u00e4he, andere m\u00fcssen auf das Auto setzen. Auch Radfahrer ben\u00f6tigen sichere Radwege, was vor allem durch bauliche Trennung von der Fahrbahn erreicht werden kann. Die Verkehrsplanung muss dies auch mit abbilden.\u201c<\/em><\/p>\n<a href=\"https:\/\/www.cdu-fraktion-hamburg-mitte.de\/cms\/wp-content\/uploads\/2023\/07\/Verkehrsplanung.pdf\" class=\"pdfemb-viewer\" style=\"\" data-width=\"max\" data-height=\"max\" data-mobile-width=\"500\"  data-scrollbar=\"none\" data-download=\"on\" data-tracking=\"on\" data-newwindow=\"on\" data-pagetextbox=\"off\" data-scrolltotop=\"off\" data-startzoom=\"100\" data-startfpzoom=\"100\" data-toolbar=\"top\" data-toolbar-fixed=\"on\">Verkehrsplanung<br\/><\/a>\n","protected":false},"excerpt":{"rendered":"<p>Die Bezirkskoalition aus CDU, SPD und FDP setzt sich mit Nachdruck daf\u00fcr ein, eine sichere und effiziente Verkehrsinfrastruktur f\u00fcr alle B\u00fcrgerinnen und B\u00fcrger in Hamburg-Mitte zu schaffen. Durch den Ausbau der Velorouten, die Verbesserung der Situation f\u00fcr Fu\u00dfg\u00e4ngerinnen und Fu\u00dfg\u00e4nger sowie die angemessene Ber\u00fccksichtigung der Bed\u00fcrfnisse der Autofahrenden strebt die&hellip;<\/p>\n","protected":false},"author":1,"featured_media":10923,"comment_status":"closed","ping_status":"closed","sticky":false,"template":"","format":"standard","meta":{"inline_featured_image":false,"footnotes":""},"categories":[82],"tags":[521,775,509,866],"class_list":["post-12948","post","type-post","status-publish","format-standard","has-post-thumbnail","hentry","category-pressemitteilung","tag-dr-gunter-boettcher","tag-initiativen","tag-mobilitaet","tag-verkehrsplanung"],"yoast_head":"<!-- This site is optimized with the Yoast SEO plugin v27.5 - https:\/\/yoast.com\/product\/yoast-seo-wordpress\/ -->\n<title>Bei der Sanierung und Neuplanung von Stra\u00dfen an alle Verkehrsteilnehmer denken! &#8226; CDU-Bezirksfraktion Hamburg-Mitte<\/title>\n<meta name=\"robots\" content=\"index, follow, max-snippet:-1, max-image-preview:large, max-video-preview:-1\" \/>\n<link rel=\"canonical\" href=\"https:\/\/www.cdu-fraktion-hamburg-mitte.de\/cms\/bei-der-sanierung-und-neuplanung-von-strassen-an-alle-verkehrsteilnehmer-denken\/\" \/>\n<meta property=\"og:locale\" content=\"de_DE\" \/>\n<meta property=\"og:type\" content=\"article\" \/>\n<meta property=\"og:title\" content=\"Bei der Sanierung und Neuplanung von Stra\u00dfen an alle Verkehrsteilnehmer denken! &#8226; CDU-Bezirksfraktion Hamburg-Mitte\" \/>\n<meta property=\"og:description\" content=\"Die Bezirkskoalition aus CDU, SPD und FDP setzt sich mit Nachdruck daf\u00fcr ein, eine sichere und effiziente Verkehrsinfrastruktur f\u00fcr alle B\u00fcrgerinnen und B\u00fcrger in Hamburg-Mitte zu schaffen. Durch den Ausbau der Velorouten, die Verbesserung der Situation f\u00fcr Fu\u00dfg\u00e4ngerinnen und Fu\u00dfg\u00e4nger sowie die angemessene Ber\u00fccksichtigung der Bed\u00fcrfnisse der Autofahrenden strebt die&hellip;\" \/>\n<meta property=\"og:url\" content=\"https:\/\/www.cdu-fraktion-hamburg-mitte.de\/cms\/bei-der-sanierung-und-neuplanung-von-strassen-an-alle-verkehrsteilnehmer-denken\/\" \/>\n<meta property=\"og:site_name\" content=\"CDU-Bezirksfraktion Hamburg-Mitte\" \/>\n<meta property=\"article:published_time\" content=\"2023-07-13T10:21:57+00:00\" \/>\n<meta property=\"article:modified_time\" content=\"2023-07-17T10:30:06+00:00\" \/>\n<meta property=\"og:image\" content=\"https:\/\/www.cdu-fraktion-hamburg-mitte.de\/cms\/wp-content\/uploads\/2021\/03\/190401_Kacheln-Kandidaten-BOETTCHER-min.jpg\" \/>\n\t<meta property=\"og:image:width\" content=\"1333\" \/>\n\t<meta property=\"og:image:height\" content=\"1333\" \/>\n\t<meta property=\"og:image:type\" content=\"image\/jpeg\" \/>\n<meta name=\"author\" content=\"CDU Bezirksfraktion Hamburg-Mitte\" \/>\n<meta name=\"twitter:card\" content=\"summary_large_image\" \/>\n<meta name=\"twitter:label1\" content=\"Verfasst von\" \/>\n\t<meta name=\"twitter:data1\" content=\"CDU Bezirksfraktion Hamburg-Mitte\" \/>\n\t<meta name=\"twitter:label2\" content=\"Gesch\u00e4tzte Lesezeit\" \/>\n\t<meta name=\"twitter:data2\" content=\"2\u00a0Minuten\" \/>\n<script type=\"application\/ld+json\" class=\"yoast-schema-graph\">{\"@context\":\"https:\\\/\\\/schema.org\",\"@graph\":[{\"@type\":\"Article\",\"@id\":\"https:\\\/\\\/www.cdu-fraktion-hamburg-mitte.de\\\/cms\\\/bei-der-sanierung-und-neuplanung-von-strassen-an-alle-verkehrsteilnehmer-denken\\\/#article\",\"isPartOf\":{\"@id\":\"https:\\\/\\\/www.cdu-fraktion-hamburg-mitte.de\\\/cms\\\/bei-der-sanierung-und-neuplanung-von-strassen-an-alle-verkehrsteilnehmer-denken\\\/\"},\"author\":{\"name\":\"CDU Bezirksfraktion Hamburg-Mitte\",\"@id\":\"https:\\\/\\\/www.cdu-fraktion-hamburg-mitte.de\\\/cms\\\/#\\\/schema\\\/person\\\/2db16dc65b6e4590ac85c22bd6b0d8bd\"},\"headline\":\"Bei der Sanierung und Neuplanung von Stra\u00dfen an alle Verkehrsteilnehmer denken!\",\"datePublished\":\"2023-07-13T10:21:57+00:00\",\"dateModified\":\"2023-07-17T10:30:06+00:00\",\"mainEntityOfPage\":{\"@id\":\"https:\\\/\\\/www.cdu-fraktion-hamburg-mitte.de\\\/cms\\\/bei-der-sanierung-und-neuplanung-von-strassen-an-alle-verkehrsteilnehmer-denken\\\/\"},\"wordCount\":364,\"publisher\":{\"@id\":\"https:\\\/\\\/www.cdu-fraktion-hamburg-mitte.de\\\/cms\\\/#organization\"},\"image\":{\"@id\":\"https:\\\/\\\/www.cdu-fraktion-hamburg-mitte.de\\\/cms\\\/bei-der-sanierung-und-neuplanung-von-strassen-an-alle-verkehrsteilnehmer-denken\\\/#primaryimage\"},\"thumbnailUrl\":\"https:\\\/\\\/www.cdu-fraktion-hamburg-mitte.de\\\/cms\\\/wp-content\\\/uploads\\\/2021\\\/03\\\/190401_Kacheln-Kandidaten-BOETTCHER-min.jpg\",\"keywords\":[\"Dr. Gunter B\u00f6ttcher\",\"Initiativen\",\"Mobilit\u00e4t\",\"Verkehrsplanung\"],\"articleSection\":[\"Pressemitteilungen\"],\"inLanguage\":\"de\"},{\"@type\":\"WebPage\",\"@id\":\"https:\\\/\\\/www.cdu-fraktion-hamburg-mitte.de\\\/cms\\\/bei-der-sanierung-und-neuplanung-von-strassen-an-alle-verkehrsteilnehmer-denken\\\/\",\"url\":\"https:\\\/\\\/www.cdu-fraktion-hamburg-mitte.de\\\/cms\\\/bei-der-sanierung-und-neuplanung-von-strassen-an-alle-verkehrsteilnehmer-denken\\\/\",\"name\":\"Bei der Sanierung und Neuplanung von Stra\u00dfen an alle Verkehrsteilnehmer denken! &#8226; CDU-Bezirksfraktion Hamburg-Mitte\",\"isPartOf\":{\"@id\":\"https:\\\/\\\/www.cdu-fraktion-hamburg-mitte.de\\\/cms\\\/#website\"},\"primaryImageOfPage\":{\"@id\":\"https:\\\/\\\/www.cdu-fraktion-hamburg-mitte.de\\\/cms\\\/bei-der-sanierung-und-neuplanung-von-strassen-an-alle-verkehrsteilnehmer-denken\\\/#primaryimage\"},\"image\":{\"@id\":\"https:\\\/\\\/www.cdu-fraktion-hamburg-mitte.de\\\/cms\\\/bei-der-sanierung-und-neuplanung-von-strassen-an-alle-verkehrsteilnehmer-denken\\\/#primaryimage\"},\"thumbnailUrl\":\"https:\\\/\\\/www.cdu-fraktion-hamburg-mitte.de\\\/cms\\\/wp-content\\\/uploads\\\/2021\\\/03\\\/190401_Kacheln-Kandidaten-BOETTCHER-min.jpg\",\"datePublished\":\"2023-07-13T10:21:57+00:00\",\"dateModified\":\"2023-07-17T10:30:06+00:00\",\"breadcrumb\":{\"@id\":\"https:\\\/\\\/www.cdu-fraktion-hamburg-mitte.de\\\/cms\\\/bei-der-sanierung-und-neuplanung-von-strassen-an-alle-verkehrsteilnehmer-denken\\\/#breadcrumb\"},\"inLanguage\":\"de\",\"potentialAction\":[{\"@type\":\"ReadAction\",\"target\":[\"https:\\\/\\\/www.cdu-fraktion-hamburg-mitte.de\\\/cms\\\/bei-der-sanierung-und-neuplanung-von-strassen-an-alle-verkehrsteilnehmer-denken\\\/\"]}]},{\"@type\":\"ImageObject\",\"inLanguage\":\"de\",\"@id\":\"https:\\\/\\\/www.cdu-fraktion-hamburg-mitte.de\\\/cms\\\/bei-der-sanierung-und-neuplanung-von-strassen-an-alle-verkehrsteilnehmer-denken\\\/#primaryimage\",\"url\":\"https:\\\/\\\/www.cdu-fraktion-hamburg-mitte.de\\\/cms\\\/wp-content\\\/uploads\\\/2021\\\/03\\\/190401_Kacheln-Kandidaten-BOETTCHER-min.jpg\",\"contentUrl\":\"https:\\\/\\\/www.cdu-fraktion-hamburg-mitte.de\\\/cms\\\/wp-content\\\/uploads\\\/2021\\\/03\\\/190401_Kacheln-Kandidaten-BOETTCHER-min.jpg\",\"width\":1333,\"height\":1333,\"caption\":\"Dr. Gunter B\u00f6ttcher\"},{\"@type\":\"BreadcrumbList\",\"@id\":\"https:\\\/\\\/www.cdu-fraktion-hamburg-mitte.de\\\/cms\\\/bei-der-sanierung-und-neuplanung-von-strassen-an-alle-verkehrsteilnehmer-denken\\\/#breadcrumb\",\"itemListElement\":[{\"@type\":\"ListItem\",\"position\":1,\"name\":\"Startseite\",\"item\":\"https:\\\/\\\/www.cdu-fraktion-hamburg-mitte.de\\\/cms\\\/\"},{\"@type\":\"ListItem\",\"position\":2,\"name\":\"Bei der Sanierung und Neuplanung von Stra\u00dfen an alle Verkehrsteilnehmer denken!\"}]},{\"@type\":\"WebSite\",\"@id\":\"https:\\\/\\\/www.cdu-fraktion-hamburg-mitte.de\\\/cms\\\/#website\",\"url\":\"https:\\\/\\\/www.cdu-fraktion-hamburg-mitte.de\\\/cms\\\/\",\"name\":\"CDU-Bezirksfraktion Hamburg-Mitte\",\"description\":\"Politik in der Bezirksversammlung Hamburg-Mitte\",\"publisher\":{\"@id\":\"https:\\\/\\\/www.cdu-fraktion-hamburg-mitte.de\\\/cms\\\/#organization\"},\"potentialAction\":[{\"@type\":\"SearchAction\",\"target\":{\"@type\":\"EntryPoint\",\"urlTemplate\":\"https:\\\/\\\/www.cdu-fraktion-hamburg-mitte.de\\\/cms\\\/?s={search_term_string}\"},\"query-input\":{\"@type\":\"PropertyValueSpecification\",\"valueRequired\":true,\"valueName\":\"search_term_string\"}}],\"inLanguage\":\"de\"},{\"@type\":\"Organization\",\"@id\":\"https:\\\/\\\/www.cdu-fraktion-hamburg-mitte.de\\\/cms\\\/#organization\",\"name\":\"CDU-B\u00fcrgerschaftsfraktion Hamburg\",\"url\":\"https:\\\/\\\/www.cdu-fraktion-hamburg-mitte.de\\\/cms\\\/\",\"logo\":{\"@type\":\"ImageObject\",\"inLanguage\":\"de\",\"@id\":\"https:\\\/\\\/www.cdu-fraktion-hamburg-mitte.de\\\/cms\\\/#\\\/schema\\\/logo\\\/image\\\/\",\"url\":\"\",\"contentUrl\":\"\",\"caption\":\"CDU-B\u00fcrgerschaftsfraktion Hamburg\"},\"image\":{\"@id\":\"https:\\\/\\\/www.cdu-fraktion-hamburg-mitte.de\\\/cms\\\/#\\\/schema\\\/logo\\\/image\\\/\"}},{\"@type\":\"Person\",\"@id\":\"https:\\\/\\\/www.cdu-fraktion-hamburg-mitte.de\\\/cms\\\/#\\\/schema\\\/person\\\/2db16dc65b6e4590ac85c22bd6b0d8bd\",\"name\":\"CDU Bezirksfraktion Hamburg-Mitte\",\"image\":{\"@type\":\"ImageObject\",\"inLanguage\":\"de\",\"@id\":\"https:\\\/\\\/www.cdu-fraktion-hamburg-mitte.de\\\/cms\\\/wp-content\\\/uploads\\\/2023\\\/11\\\/CDU-Logo-Avatar-150x150.png\",\"url\":\"https:\\\/\\\/www.cdu-fraktion-hamburg-mitte.de\\\/cms\\\/wp-content\\\/uploads\\\/2023\\\/11\\\/CDU-Logo-Avatar-150x150.png\",\"contentUrl\":\"https:\\\/\\\/www.cdu-fraktion-hamburg-mitte.de\\\/cms\\\/wp-content\\\/uploads\\\/2023\\\/11\\\/CDU-Logo-Avatar-150x150.png\",\"caption\":\"CDU Bezirksfraktion Hamburg-Mitte\"},\"url\":\"https:\\\/\\\/www.cdu-fraktion-hamburg-mitte.de\\\/cms\\\/author\\\/politikwerft\\\/\"}]}<\/script>\n<!-- \/ Yoast SEO plugin. -->","yoast_head_json":{"title":"Bei der Sanierung und Neuplanung von Stra\u00dfen an alle Verkehrsteilnehmer denken! &#8226; CDU-Bezirksfraktion Hamburg-Mitte","robots":{"index":"index","follow":"follow","max-snippet":"max-snippet:-1","max-image-preview":"max-image-preview:large","max-video-preview":"max-video-preview:-1"},"canonical":"https:\/\/www.cdu-fraktion-hamburg-mitte.de\/cms\/bei-der-sanierung-und-neuplanung-von-strassen-an-alle-verkehrsteilnehmer-denken\/","og_locale":"de_DE","og_type":"article","og_title":"Bei der Sanierung und Neuplanung von Stra\u00dfen an alle Verkehrsteilnehmer denken! &#8226; CDU-Bezirksfraktion Hamburg-Mitte","og_description":"Die Bezirkskoalition aus CDU, SPD und FDP setzt sich mit Nachdruck daf\u00fcr ein, eine sichere und effiziente Verkehrsinfrastruktur f\u00fcr alle B\u00fcrgerinnen und B\u00fcrger in Hamburg-Mitte zu schaffen. Durch den Ausbau der Velorouten, die Verbesserung der Situation f\u00fcr Fu\u00dfg\u00e4ngerinnen und Fu\u00dfg\u00e4nger sowie die angemessene Ber\u00fccksichtigung der Bed\u00fcrfnisse der Autofahrenden strebt die&hellip;","og_url":"https:\/\/www.cdu-fraktion-hamburg-mitte.de\/cms\/bei-der-sanierung-und-neuplanung-von-strassen-an-alle-verkehrsteilnehmer-denken\/","og_site_name":"CDU-Bezirksfraktion Hamburg-Mitte","article_published_time":"2023-07-13T10:21:57+00:00","article_modified_time":"2023-07-17T10:30:06+00:00","og_image":[{"width":1333,"height":1333,"url":"https:\/\/www.cdu-fraktion-hamburg-mitte.de\/cms\/wp-content\/uploads\/2021\/03\/190401_Kacheln-Kandidaten-BOETTCHER-min.jpg","type":"image\/jpeg"}],"author":"CDU Bezirksfraktion Hamburg-Mitte","twitter_card":"summary_large_image","twitter_misc":{"Verfasst von":"CDU Bezirksfraktion Hamburg-Mitte","Gesch\u00e4tzte Lesezeit":"2\u00a0Minuten"},"schema":{"@context":"https:\/\/schema.org","@graph":[{"@type":"Article","@id":"https:\/\/www.cdu-fraktion-hamburg-mitte.de\/cms\/bei-der-sanierung-und-neuplanung-von-strassen-an-alle-verkehrsteilnehmer-denken\/#article","isPartOf":{"@id":"https:\/\/www.cdu-fraktion-hamburg-mitte.de\/cms\/bei-der-sanierung-und-neuplanung-von-strassen-an-alle-verkehrsteilnehmer-denken\/"},"author":{"name":"CDU Bezirksfraktion Hamburg-Mitte","@id":"https:\/\/www.cdu-fraktion-hamburg-mitte.de\/cms\/#\/schema\/person\/2db16dc65b6e4590ac85c22bd6b0d8bd"},"headline":"Bei der Sanierung und Neuplanung von Stra\u00dfen an alle Verkehrsteilnehmer denken!","datePublished":"2023-07-13T10:21:57+00:00","dateModified":"2023-07-17T10:30:06+00:00","mainEntityOfPage":{"@id":"https:\/\/www.cdu-fraktion-hamburg-mitte.de\/cms\/bei-der-sanierung-und-neuplanung-von-strassen-an-alle-verkehrsteilnehmer-denken\/"},"wordCount":364,"publisher":{"@id":"https:\/\/www.cdu-fraktion-hamburg-mitte.de\/cms\/#organization"},"image":{"@id":"https:\/\/www.cdu-fraktion-hamburg-mitte.de\/cms\/bei-der-sanierung-und-neuplanung-von-strassen-an-alle-verkehrsteilnehmer-denken\/#primaryimage"},"thumbnailUrl":"https:\/\/www.cdu-fraktion-hamburg-mitte.de\/cms\/wp-content\/uploads\/2021\/03\/190401_Kacheln-Kandidaten-BOETTCHER-min.jpg","keywords":["Dr. Gunter B\u00f6ttcher","Initiativen","Mobilit\u00e4t","Verkehrsplanung"],"articleSection":["Pressemitteilungen"],"inLanguage":"de"},{"@type":"WebPage","@id":"https:\/\/www.cdu-fraktion-hamburg-mitte.de\/cms\/bei-der-sanierung-und-neuplanung-von-strassen-an-alle-verkehrsteilnehmer-denken\/","url":"https:\/\/www.cdu-fraktion-hamburg-mitte.de\/cms\/bei-der-sanierung-und-neuplanung-von-strassen-an-alle-verkehrsteilnehmer-denken\/","name":"Bei der Sanierung und Neuplanung von Stra\u00dfen an alle Verkehrsteilnehmer denken! &#8226; CDU-Bezirksfraktion Hamburg-Mitte","isPartOf":{"@id":"https:\/\/www.cdu-fraktion-hamburg-mitte.de\/cms\/#website"},"primaryImageOfPage":{"@id":"https:\/\/www.cdu-fraktion-hamburg-mitte.de\/cms\/bei-der-sanierung-und-neuplanung-von-strassen-an-alle-verkehrsteilnehmer-denken\/#primaryimage"},"image":{"@id":"https:\/\/www.cdu-fraktion-hamburg-mitte.de\/cms\/bei-der-sanierung-und-neuplanung-von-strassen-an-alle-verkehrsteilnehmer-denken\/#primaryimage"},"thumbnailUrl":"https:\/\/www.cdu-fraktion-hamburg-mitte.de\/cms\/wp-content\/uploads\/2021\/03\/190401_Kacheln-Kandidaten-BOETTCHER-min.jpg","datePublished":"2023-07-13T10:21:57+00:00","dateModified":"2023-07-17T10:30:06+00:00","breadcrumb":{"@id":"https:\/\/www.cdu-fraktion-hamburg-mitte.de\/cms\/bei-der-sanierung-und-neuplanung-von-strassen-an-alle-verkehrsteilnehmer-denken\/#breadcrumb"},"inLanguage":"de","potentialAction":[{"@type":"ReadAction","target":["https:\/\/www.cdu-fraktion-hamburg-mitte.de\/cms\/bei-der-sanierung-und-neuplanung-von-strassen-an-alle-verkehrsteilnehmer-denken\/"]}]},{"@type":"ImageObject","inLanguage":"de","@id":"https:\/\/www.cdu-fraktion-hamburg-mitte.de\/cms\/bei-der-sanierung-und-neuplanung-von-strassen-an-alle-verkehrsteilnehmer-denken\/#primaryimage","url":"https:\/\/www.cdu-fraktion-hamburg-mitte.de\/cms\/wp-content\/uploads\/2021\/03\/190401_Kacheln-Kandidaten-BOETTCHER-min.jpg","contentUrl":"https:\/\/www.cdu-fraktion-hamburg-mitte.de\/cms\/wp-content\/uploads\/2021\/03\/190401_Kacheln-Kandidaten-BOETTCHER-min.jpg","width":1333,"height":1333,"caption":"Dr. Gunter B\u00f6ttcher"},{"@type":"BreadcrumbList","@id":"https:\/\/www.cdu-fraktion-hamburg-mitte.de\/cms\/bei-der-sanierung-und-neuplanung-von-strassen-an-alle-verkehrsteilnehmer-denken\/#breadcrumb","itemListElement":[{"@type":"ListItem","position":1,"name":"Startseite","item":"https:\/\/www.cdu-fraktion-hamburg-mitte.de\/cms\/"},{"@type":"ListItem","position":2,"name":"Bei der Sanierung und Neuplanung von Stra\u00dfen an alle Verkehrsteilnehmer denken!"}]},{"@type":"WebSite","@id":"https:\/\/www.cdu-fraktion-hamburg-mitte.de\/cms\/#website","url":"https:\/\/www.cdu-fraktion-hamburg-mitte.de\/cms\/","name":"CDU-Bezirksfraktion Hamburg-Mitte","description":"Politik in der Bezirksversammlung Hamburg-Mitte","publisher":{"@id":"https:\/\/www.cdu-fraktion-hamburg-mitte.de\/cms\/#organization"},"potentialAction":[{"@type":"SearchAction","target":{"@type":"EntryPoint","urlTemplate":"https:\/\/www.cdu-fraktion-hamburg-mitte.de\/cms\/?s={search_term_string}"},"query-input":{"@type":"PropertyValueSpecification","valueRequired":true,"valueName":"search_term_string"}}],"inLanguage":"de"},{"@type":"Organization","@id":"https:\/\/www.cdu-fraktion-hamburg-mitte.de\/cms\/#organization","name":"CDU-B\u00fcrgerschaftsfraktion Hamburg","url":"https:\/\/www.cdu-fraktion-hamburg-mitte.de\/cms\/","logo":{"@type":"ImageObject","inLanguage":"de","@id":"https:\/\/www.cdu-fraktion-hamburg-mitte.de\/cms\/#\/schema\/logo\/image\/","url":"","contentUrl":"","caption":"CDU-B\u00fcrgerschaftsfraktion Hamburg"},"image":{"@id":"https:\/\/www.cdu-fraktion-hamburg-mitte.de\/cms\/#\/schema\/logo\/image\/"}},{"@type":"Person","@id":"https:\/\/www.cdu-fraktion-hamburg-mitte.de\/cms\/#\/schema\/person\/2db16dc65b6e4590ac85c22bd6b0d8bd","name":"CDU Bezirksfraktion Hamburg-Mitte","image":{"@type":"ImageObject","inLanguage":"de","@id":"https:\/\/www.cdu-fraktion-hamburg-mitte.de\/cms\/wp-content\/uploads\/2023\/11\/CDU-Logo-Avatar-150x150.png","url":"https:\/\/www.cdu-fraktion-hamburg-mitte.de\/cms\/wp-content\/uploads\/2023\/11\/CDU-Logo-Avatar-150x150.png","contentUrl":"https:\/\/www.cdu-fraktion-hamburg-mitte.de\/cms\/wp-content\/uploads\/2023\/11\/CDU-Logo-Avatar-150x150.png","caption":"CDU Bezirksfraktion Hamburg-Mitte"},"url":"https:\/\/www.cdu-fraktion-hamburg-mitte.de\/cms\/author\/politikwerft\/"}]}},"_links":{"self":[{"href":"https:\/\/www.cdu-fraktion-hamburg-mitte.de\/cms\/wp-json\/wp\/v2\/posts\/12948","targetHints":{"allow":["GET"]}}],"collection":[{"href":"https:\/\/www.cdu-fraktion-hamburg-mitte.de\/cms\/wp-json\/wp\/v2\/posts"}],"about":[{"href":"https:\/\/www.cdu-fraktion-hamburg-mitte.de\/cms\/wp-json\/wp\/v2\/types\/post"}],"author":[{"embeddable":true,"href":"https:\/\/www.cdu-fraktion-hamburg-mitte.de\/cms\/wp-json\/wp\/v2\/users\/1"}],"replies":[{"embeddable":true,"href":"https:\/\/www.cdu-fraktion-hamburg-mitte.de\/cms\/wp-json\/wp\/v2\/comments?post=12948"}],"version-history":[{"count":1,"href":"https:\/\/www.cdu-fraktion-hamburg-mitte.de\/cms\/wp-json\/wp\/v2\/posts\/12948\/revisions"}],"predecessor-version":[{"id":12950,"href":"https:\/\/www.cdu-fraktion-hamburg-mitte.de\/cms\/wp-json\/wp\/v2\/posts\/12948\/revisions\/12950"}],"wp:featuredmedia":[{"embeddable":true,"href":"https:\/\/www.cdu-fraktion-hamburg-mitte.de\/cms\/wp-json\/wp\/v2\/media\/10923"}],"wp:attachment":[{"href":"https:\/\/www.cdu-fraktion-hamburg-mitte.de\/cms\/wp-json\/wp\/v2\/media?parent=12948"}],"wp:term":[{"taxonomy":"category","embeddable":true,"href":"https:\/\/www.cdu-fraktion-hamburg-mitte.de\/cms\/wp-json\/wp\/v2\/categories?post=12948"},{"taxonomy":"post_tag","embeddable":true,"href":"https:\/\/www.cdu-fraktion-hamburg-mitte.de\/cms\/wp-json\/wp\/v2\/tags?post=12948"}],"curies":[{"name":"wp","href":"https:\/\/api.w.org\/{rel}","templated":true}]}}