{"id":12964,"date":"2023-08-14T09:19:34","date_gmt":"2023-08-14T07:19:34","guid":{"rendered":"https:\/\/www.cdu-fraktion-hamburg-mitte.de\/cms\/?p=12964"},"modified":"2023-08-14T09:19:34","modified_gmt":"2023-08-14T07:19:34","slug":"neuer-standort-fuer-das-denkmal-die-woge","status":"publish","type":"post","link":"https:\/\/www.cdu-fraktion-hamburg-mitte.de\/cms\/neuer-standort-fuer-das-denkmal-die-woge\/","title":{"rendered":"Neuer Standort f\u00fcr das Denkmal \u201eDie Woge\u201c"},"content":{"rendered":"<p><strong>Auf Initiative der CDU, SPD und FDP soll das Denkmal einen neuen Platz auf dem Vorplatz des Museums Elbinsel Wilhelmsburg bekommen. <\/strong><\/p>\n<p>Das Denkmal \u201eDie Woge\u201c ist allen verstorbenen Flutopfern in der Nacht vom 16. auf den 17. Februar 1962 gewidmet. Insbesondere den Opfern, die im Kleingartengebiet an der Harburger Chaussee und Georg-Wilhelm-Stra\u00dfe in Notunterk\u00fcnften wohnten, welche durch den dortigen Spreehafen-Deichbruch eine hohe Opferzahl zu beklagen hatten.<\/p>\n<p><strong>Ronald Dittmer, CDU Vorsitzender Elbinseln:<\/strong> <em>&#8222;Wir freuen uns sehr, dass nunmehr das Denkmal zur Sturmflut 1962, umgangssprachlich &#8222;Die Woge&#8220; genannt, ihren endg\u00fcltigen Platz am Museum Elbinsel Wilhelmsburg findet. Das Museum soll 2025 auch in das &#8222;Erste Hamburger Flutmuseum&#8220; umgewandelt werden. Und dort vor dem Hause ist dann der beste Platz f\u00fcr die Woge.\u201c<\/em><\/p>\n<p><strong>Roland Hoitz, Parlamentarischer Gesch\u00e4ftsf\u00fchrer der CDU Bezirksfraktion Hamburg-Mitte erg\u00e4nzt:<\/strong> <em>\u201eUm dies zu erm\u00f6glichen, fanden umfangreiche Gespr\u00e4che mit dem Museum und dem Bezirksamt statt. Wir haben als Koalition eine hervorragende L\u00f6sung gefunden und falls n\u00f6tig, werden wir im Rahmen unserer M\u00f6glichkeiten auch F\u00f6rdermittel zur Umsetzung zur Verf\u00fcgung stellen.&#8220;<\/em><\/p>\n<a href=\"https:\/\/www.cdu-fraktion-hamburg-mitte.de\/cms\/wp-content\/uploads\/2023\/08\/22-4034-Die-Woge-sanieren-und-vor-dem-Museum-Elbinsel-Wilhelmsburg-aufstellen.pdf\" class=\"pdfemb-viewer\" style=\"\" data-width=\"max\" data-height=\"max\" data-mobile-width=\"500\"  data-scrollbar=\"none\" data-download=\"on\" data-tracking=\"on\" data-newwindow=\"on\" data-pagetextbox=\"off\" data-scrolltotop=\"off\" data-startzoom=\"100\" data-startfpzoom=\"100\" data-toolbar=\"top\" data-toolbar-fixed=\"on\">22-4034, Die Woge - sanieren und vor dem Museum Elbinsel Wilhelmsburg aufstellen<br\/><\/a>\n","protected":false},"excerpt":{"rendered":"<p>Auf Initiative der CDU, SPD und FDP soll das Denkmal einen neuen Platz auf dem Vorplatz des Museums Elbinsel Wilhelmsburg bekommen. Das Denkmal \u201eDie Woge\u201c ist allen verstorbenen Flutopfern in der Nacht vom 16. auf den 17. Februar 1962 gewidmet. Insbesondere den Opfern, die im Kleingartengebiet an der Harburger Chaussee&hellip;<\/p>\n","protected":false},"author":1,"featured_media":12966,"comment_status":"closed","ping_status":"closed","sticky":false,"template":"","format":"standard","meta":{"inline_featured_image":false,"footnotes":""},"categories":[549,559],"tags":[874,873,876,875,522,872,516],"class_list":["post-12964","post","type-post","status-publish","format-standard","has-post-thumbnail","hentry","category-initiativen","category-wilhelmsburg-veddel-initiativen","tag-denkmal","tag-die-woge","tag-flutopfer","tag-museum-elbinsel-wilhelmsburg","tag-roland-hoitz","tag-ronald-dittmer","tag-wilhelmsburg"],"yoast_head":"<!-- This site is optimized with the Yoast SEO plugin v27.5 - https:\/\/yoast.com\/product\/yoast-seo-wordpress\/ -->\n<title>Neuer Standort f\u00fcr das Denkmal \u201eDie Woge\u201c &#8226; CDU-Bezirksfraktion Hamburg-Mitte<\/title>\n<meta name=\"robots\" content=\"index, follow, max-snippet:-1, max-image-preview:large, max-video-preview:-1\" \/>\n<link rel=\"canonical\" href=\"https:\/\/www.cdu-fraktion-hamburg-mitte.de\/cms\/neuer-standort-fuer-das-denkmal-die-woge\/\" \/>\n<meta property=\"og:locale\" content=\"de_DE\" \/>\n<meta property=\"og:type\" content=\"article\" \/>\n<meta property=\"og:title\" content=\"Neuer Standort f\u00fcr das Denkmal \u201eDie Woge\u201c &#8226; CDU-Bezirksfraktion Hamburg-Mitte\" \/>\n<meta property=\"og:description\" content=\"Auf Initiative der CDU, SPD und FDP soll das Denkmal einen neuen Platz auf dem Vorplatz des Museums Elbinsel Wilhelmsburg bekommen. Das Denkmal \u201eDie Woge\u201c ist allen verstorbenen Flutopfern in der Nacht vom 16. auf den 17. Februar 1962 gewidmet. Insbesondere den Opfern, die im Kleingartengebiet an der Harburger Chaussee&hellip;\" \/>\n<meta property=\"og:url\" content=\"https:\/\/www.cdu-fraktion-hamburg-mitte.de\/cms\/neuer-standort-fuer-das-denkmal-die-woge\/\" \/>\n<meta property=\"og:site_name\" content=\"CDU-Bezirksfraktion Hamburg-Mitte\" \/>\n<meta property=\"article:published_time\" content=\"2023-08-14T07:19:34+00:00\" \/>\n<meta property=\"og:image\" content=\"https:\/\/www.cdu-fraktion-hamburg-mitte.de\/cms\/wp-content\/uploads\/2023\/08\/Dittmer-Ronald-1280x1731.jpg\" \/>\n\t<meta property=\"og:image:width\" content=\"1280\" \/>\n\t<meta property=\"og:image:height\" content=\"1731\" \/>\n\t<meta property=\"og:image:type\" content=\"image\/jpeg\" \/>\n<meta name=\"author\" content=\"CDU Bezirksfraktion Hamburg-Mitte\" \/>\n<meta name=\"twitter:card\" content=\"summary_large_image\" \/>\n<meta name=\"twitter:label1\" content=\"Verfasst von\" \/>\n\t<meta name=\"twitter:data1\" content=\"CDU Bezirksfraktion Hamburg-Mitte\" \/>\n\t<meta name=\"twitter:label2\" content=\"Gesch\u00e4tzte Lesezeit\" \/>\n\t<meta name=\"twitter:data2\" content=\"1\u00a0Minute\" \/>\n<script type=\"application\/ld+json\" class=\"yoast-schema-graph\">{\"@context\":\"https:\\\/\\\/schema.org\",\"@graph\":[{\"@type\":\"Article\",\"@id\":\"https:\\\/\\\/www.cdu-fraktion-hamburg-mitte.de\\\/cms\\\/neuer-standort-fuer-das-denkmal-die-woge\\\/#article\",\"isPartOf\":{\"@id\":\"https:\\\/\\\/www.cdu-fraktion-hamburg-mitte.de\\\/cms\\\/neuer-standort-fuer-das-denkmal-die-woge\\\/\"},\"author\":{\"name\":\"CDU Bezirksfraktion Hamburg-Mitte\",\"@id\":\"https:\\\/\\\/www.cdu-fraktion-hamburg-mitte.de\\\/cms\\\/#\\\/schema\\\/person\\\/2db16dc65b6e4590ac85c22bd6b0d8bd\"},\"headline\":\"Neuer Standort f\u00fcr das Denkmal \u201eDie Woge\u201c\",\"datePublished\":\"2023-08-14T07:19:34+00:00\",\"mainEntityOfPage\":{\"@id\":\"https:\\\/\\\/www.cdu-fraktion-hamburg-mitte.de\\\/cms\\\/neuer-standort-fuer-das-denkmal-die-woge\\\/\"},\"wordCount\":208,\"publisher\":{\"@id\":\"https:\\\/\\\/www.cdu-fraktion-hamburg-mitte.de\\\/cms\\\/#organization\"},\"image\":{\"@id\":\"https:\\\/\\\/www.cdu-fraktion-hamburg-mitte.de\\\/cms\\\/neuer-standort-fuer-das-denkmal-die-woge\\\/#primaryimage\"},\"thumbnailUrl\":\"https:\\\/\\\/www.cdu-fraktion-hamburg-mitte.de\\\/cms\\\/wp-content\\\/uploads\\\/2023\\\/08\\\/Dittmer-Ronald-scaled.jpg\",\"keywords\":[\"Denkmal\",\"Die Woge\",\"Flutopfer\",\"Museum Elbinsel Wilhelmsburg\",\"Roland Hoitz\",\"Ronald Dittmer\",\"Wilhelmsburg\"],\"articleSection\":[\"Initiativen\",\"Wilhelmsburg \\\/ Veddel\"],\"inLanguage\":\"de\"},{\"@type\":\"WebPage\",\"@id\":\"https:\\\/\\\/www.cdu-fraktion-hamburg-mitte.de\\\/cms\\\/neuer-standort-fuer-das-denkmal-die-woge\\\/\",\"url\":\"https:\\\/\\\/www.cdu-fraktion-hamburg-mitte.de\\\/cms\\\/neuer-standort-fuer-das-denkmal-die-woge\\\/\",\"name\":\"Neuer Standort f\u00fcr das Denkmal \u201eDie Woge\u201c &#8226; CDU-Bezirksfraktion Hamburg-Mitte\",\"isPartOf\":{\"@id\":\"https:\\\/\\\/www.cdu-fraktion-hamburg-mitte.de\\\/cms\\\/#website\"},\"primaryImageOfPage\":{\"@id\":\"https:\\\/\\\/www.cdu-fraktion-hamburg-mitte.de\\\/cms\\\/neuer-standort-fuer-das-denkmal-die-woge\\\/#primaryimage\"},\"image\":{\"@id\":\"https:\\\/\\\/www.cdu-fraktion-hamburg-mitte.de\\\/cms\\\/neuer-standort-fuer-das-denkmal-die-woge\\\/#primaryimage\"},\"thumbnailUrl\":\"https:\\\/\\\/www.cdu-fraktion-hamburg-mitte.de\\\/cms\\\/wp-content\\\/uploads\\\/2023\\\/08\\\/Dittmer-Ronald-scaled.jpg\",\"datePublished\":\"2023-08-14T07:19:34+00:00\",\"breadcrumb\":{\"@id\":\"https:\\\/\\\/www.cdu-fraktion-hamburg-mitte.de\\\/cms\\\/neuer-standort-fuer-das-denkmal-die-woge\\\/#breadcrumb\"},\"inLanguage\":\"de\",\"potentialAction\":[{\"@type\":\"ReadAction\",\"target\":[\"https:\\\/\\\/www.cdu-fraktion-hamburg-mitte.de\\\/cms\\\/neuer-standort-fuer-das-denkmal-die-woge\\\/\"]}]},{\"@type\":\"ImageObject\",\"inLanguage\":\"de\",\"@id\":\"https:\\\/\\\/www.cdu-fraktion-hamburg-mitte.de\\\/cms\\\/neuer-standort-fuer-das-denkmal-die-woge\\\/#primaryimage\",\"url\":\"https:\\\/\\\/www.cdu-fraktion-hamburg-mitte.de\\\/cms\\\/wp-content\\\/uploads\\\/2023\\\/08\\\/Dittmer-Ronald-scaled.jpg\",\"contentUrl\":\"https:\\\/\\\/www.cdu-fraktion-hamburg-mitte.de\\\/cms\\\/wp-content\\\/uploads\\\/2023\\\/08\\\/Dittmer-Ronald-scaled.jpg\",\"width\":1893,\"height\":2560},{\"@type\":\"BreadcrumbList\",\"@id\":\"https:\\\/\\\/www.cdu-fraktion-hamburg-mitte.de\\\/cms\\\/neuer-standort-fuer-das-denkmal-die-woge\\\/#breadcrumb\",\"itemListElement\":[{\"@type\":\"ListItem\",\"position\":1,\"name\":\"Startseite\",\"item\":\"https:\\\/\\\/www.cdu-fraktion-hamburg-mitte.de\\\/cms\\\/\"},{\"@type\":\"ListItem\",\"position\":2,\"name\":\"Neuer Standort f\u00fcr das Denkmal \u201eDie Woge\u201c\"}]},{\"@type\":\"WebSite\",\"@id\":\"https:\\\/\\\/www.cdu-fraktion-hamburg-mitte.de\\\/cms\\\/#website\",\"url\":\"https:\\\/\\\/www.cdu-fraktion-hamburg-mitte.de\\\/cms\\\/\",\"name\":\"CDU-Bezirksfraktion Hamburg-Mitte\",\"description\":\"Politik in der Bezirksversammlung Hamburg-Mitte\",\"publisher\":{\"@id\":\"https:\\\/\\\/www.cdu-fraktion-hamburg-mitte.de\\\/cms\\\/#organization\"},\"potentialAction\":[{\"@type\":\"SearchAction\",\"target\":{\"@type\":\"EntryPoint\",\"urlTemplate\":\"https:\\\/\\\/www.cdu-fraktion-hamburg-mitte.de\\\/cms\\\/?s={search_term_string}\"},\"query-input\":{\"@type\":\"PropertyValueSpecification\",\"valueRequired\":true,\"valueName\":\"search_term_string\"}}],\"inLanguage\":\"de\"},{\"@type\":\"Organization\",\"@id\":\"https:\\\/\\\/www.cdu-fraktion-hamburg-mitte.de\\\/cms\\\/#organization\",\"name\":\"CDU-B\u00fcrgerschaftsfraktion Hamburg\",\"url\":\"https:\\\/\\\/www.cdu-fraktion-hamburg-mitte.de\\\/cms\\\/\",\"logo\":{\"@type\":\"ImageObject\",\"inLanguage\":\"de\",\"@id\":\"https:\\\/\\\/www.cdu-fraktion-hamburg-mitte.de\\\/cms\\\/#\\\/schema\\\/logo\\\/image\\\/\",\"url\":\"\",\"contentUrl\":\"\",\"caption\":\"CDU-B\u00fcrgerschaftsfraktion Hamburg\"},\"image\":{\"@id\":\"https:\\\/\\\/www.cdu-fraktion-hamburg-mitte.de\\\/cms\\\/#\\\/schema\\\/logo\\\/image\\\/\"}},{\"@type\":\"Person\",\"@id\":\"https:\\\/\\\/www.cdu-fraktion-hamburg-mitte.de\\\/cms\\\/#\\\/schema\\\/person\\\/2db16dc65b6e4590ac85c22bd6b0d8bd\",\"name\":\"CDU Bezirksfraktion Hamburg-Mitte\",\"image\":{\"@type\":\"ImageObject\",\"inLanguage\":\"de\",\"@id\":\"https:\\\/\\\/www.cdu-fraktion-hamburg-mitte.de\\\/cms\\\/wp-content\\\/uploads\\\/2023\\\/11\\\/CDU-Logo-Avatar-150x150.png\",\"url\":\"https:\\\/\\\/www.cdu-fraktion-hamburg-mitte.de\\\/cms\\\/wp-content\\\/uploads\\\/2023\\\/11\\\/CDU-Logo-Avatar-150x150.png\",\"contentUrl\":\"https:\\\/\\\/www.cdu-fraktion-hamburg-mitte.de\\\/cms\\\/wp-content\\\/uploads\\\/2023\\\/11\\\/CDU-Logo-Avatar-150x150.png\",\"caption\":\"CDU Bezirksfraktion Hamburg-Mitte\"},\"url\":\"https:\\\/\\\/www.cdu-fraktion-hamburg-mitte.de\\\/cms\\\/author\\\/politikwerft\\\/\"}]}<\/script>\n<!-- \/ Yoast SEO plugin. -->","yoast_head_json":{"title":"Neuer Standort f\u00fcr das Denkmal \u201eDie Woge\u201c &#8226; CDU-Bezirksfraktion Hamburg-Mitte","robots":{"index":"index","follow":"follow","max-snippet":"max-snippet:-1","max-image-preview":"max-image-preview:large","max-video-preview":"max-video-preview:-1"},"canonical":"https:\/\/www.cdu-fraktion-hamburg-mitte.de\/cms\/neuer-standort-fuer-das-denkmal-die-woge\/","og_locale":"de_DE","og_type":"article","og_title":"Neuer Standort f\u00fcr das Denkmal \u201eDie Woge\u201c &#8226; CDU-Bezirksfraktion Hamburg-Mitte","og_description":"Auf Initiative der CDU, SPD und FDP soll das Denkmal einen neuen Platz auf dem Vorplatz des Museums Elbinsel Wilhelmsburg bekommen. Das Denkmal \u201eDie Woge\u201c ist allen verstorbenen Flutopfern in der Nacht vom 16. auf den 17. Februar 1962 gewidmet. Insbesondere den Opfern, die im Kleingartengebiet an der Harburger Chaussee&hellip;","og_url":"https:\/\/www.cdu-fraktion-hamburg-mitte.de\/cms\/neuer-standort-fuer-das-denkmal-die-woge\/","og_site_name":"CDU-Bezirksfraktion Hamburg-Mitte","article_published_time":"2023-08-14T07:19:34+00:00","og_image":[{"width":1280,"height":1731,"url":"https:\/\/www.cdu-fraktion-hamburg-mitte.de\/cms\/wp-content\/uploads\/2023\/08\/Dittmer-Ronald-1280x1731.jpg","type":"image\/jpeg"}],"author":"CDU Bezirksfraktion Hamburg-Mitte","twitter_card":"summary_large_image","twitter_misc":{"Verfasst von":"CDU Bezirksfraktion Hamburg-Mitte","Gesch\u00e4tzte Lesezeit":"1\u00a0Minute"},"schema":{"@context":"https:\/\/schema.org","@graph":[{"@type":"Article","@id":"https:\/\/www.cdu-fraktion-hamburg-mitte.de\/cms\/neuer-standort-fuer-das-denkmal-die-woge\/#article","isPartOf":{"@id":"https:\/\/www.cdu-fraktion-hamburg-mitte.de\/cms\/neuer-standort-fuer-das-denkmal-die-woge\/"},"author":{"name":"CDU Bezirksfraktion Hamburg-Mitte","@id":"https:\/\/www.cdu-fraktion-hamburg-mitte.de\/cms\/#\/schema\/person\/2db16dc65b6e4590ac85c22bd6b0d8bd"},"headline":"Neuer Standort f\u00fcr das Denkmal \u201eDie Woge\u201c","datePublished":"2023-08-14T07:19:34+00:00","mainEntityOfPage":{"@id":"https:\/\/www.cdu-fraktion-hamburg-mitte.de\/cms\/neuer-standort-fuer-das-denkmal-die-woge\/"},"wordCount":208,"publisher":{"@id":"https:\/\/www.cdu-fraktion-hamburg-mitte.de\/cms\/#organization"},"image":{"@id":"https:\/\/www.cdu-fraktion-hamburg-mitte.de\/cms\/neuer-standort-fuer-das-denkmal-die-woge\/#primaryimage"},"thumbnailUrl":"https:\/\/www.cdu-fraktion-hamburg-mitte.de\/cms\/wp-content\/uploads\/2023\/08\/Dittmer-Ronald-scaled.jpg","keywords":["Denkmal","Die Woge","Flutopfer","Museum Elbinsel Wilhelmsburg","Roland Hoitz","Ronald Dittmer","Wilhelmsburg"],"articleSection":["Initiativen","Wilhelmsburg \/ Veddel"],"inLanguage":"de"},{"@type":"WebPage","@id":"https:\/\/www.cdu-fraktion-hamburg-mitte.de\/cms\/neuer-standort-fuer-das-denkmal-die-woge\/","url":"https:\/\/www.cdu-fraktion-hamburg-mitte.de\/cms\/neuer-standort-fuer-das-denkmal-die-woge\/","name":"Neuer Standort f\u00fcr das Denkmal \u201eDie Woge\u201c &#8226; CDU-Bezirksfraktion Hamburg-Mitte","isPartOf":{"@id":"https:\/\/www.cdu-fraktion-hamburg-mitte.de\/cms\/#website"},"primaryImageOfPage":{"@id":"https:\/\/www.cdu-fraktion-hamburg-mitte.de\/cms\/neuer-standort-fuer-das-denkmal-die-woge\/#primaryimage"},"image":{"@id":"https:\/\/www.cdu-fraktion-hamburg-mitte.de\/cms\/neuer-standort-fuer-das-denkmal-die-woge\/#primaryimage"},"thumbnailUrl":"https:\/\/www.cdu-fraktion-hamburg-mitte.de\/cms\/wp-content\/uploads\/2023\/08\/Dittmer-Ronald-scaled.jpg","datePublished":"2023-08-14T07:19:34+00:00","breadcrumb":{"@id":"https:\/\/www.cdu-fraktion-hamburg-mitte.de\/cms\/neuer-standort-fuer-das-denkmal-die-woge\/#breadcrumb"},"inLanguage":"de","potentialAction":[{"@type":"ReadAction","target":["https:\/\/www.cdu-fraktion-hamburg-mitte.de\/cms\/neuer-standort-fuer-das-denkmal-die-woge\/"]}]},{"@type":"ImageObject","inLanguage":"de","@id":"https:\/\/www.cdu-fraktion-hamburg-mitte.de\/cms\/neuer-standort-fuer-das-denkmal-die-woge\/#primaryimage","url":"https:\/\/www.cdu-fraktion-hamburg-mitte.de\/cms\/wp-content\/uploads\/2023\/08\/Dittmer-Ronald-scaled.jpg","contentUrl":"https:\/\/www.cdu-fraktion-hamburg-mitte.de\/cms\/wp-content\/uploads\/2023\/08\/Dittmer-Ronald-scaled.jpg","width":1893,"height":2560},{"@type":"BreadcrumbList","@id":"https:\/\/www.cdu-fraktion-hamburg-mitte.de\/cms\/neuer-standort-fuer-das-denkmal-die-woge\/#breadcrumb","itemListElement":[{"@type":"ListItem","position":1,"name":"Startseite","item":"https:\/\/www.cdu-fraktion-hamburg-mitte.de\/cms\/"},{"@type":"ListItem","position":2,"name":"Neuer Standort f\u00fcr das Denkmal \u201eDie Woge\u201c"}]},{"@type":"WebSite","@id":"https:\/\/www.cdu-fraktion-hamburg-mitte.de\/cms\/#website","url":"https:\/\/www.cdu-fraktion-hamburg-mitte.de\/cms\/","name":"CDU-Bezirksfraktion Hamburg-Mitte","description":"Politik in der Bezirksversammlung Hamburg-Mitte","publisher":{"@id":"https:\/\/www.cdu-fraktion-hamburg-mitte.de\/cms\/#organization"},"potentialAction":[{"@type":"SearchAction","target":{"@type":"EntryPoint","urlTemplate":"https:\/\/www.cdu-fraktion-hamburg-mitte.de\/cms\/?s={search_term_string}"},"query-input":{"@type":"PropertyValueSpecification","valueRequired":true,"valueName":"search_term_string"}}],"inLanguage":"de"},{"@type":"Organization","@id":"https:\/\/www.cdu-fraktion-hamburg-mitte.de\/cms\/#organization","name":"CDU-B\u00fcrgerschaftsfraktion Hamburg","url":"https:\/\/www.cdu-fraktion-hamburg-mitte.de\/cms\/","logo":{"@type":"ImageObject","inLanguage":"de","@id":"https:\/\/www.cdu-fraktion-hamburg-mitte.de\/cms\/#\/schema\/logo\/image\/","url":"","contentUrl":"","caption":"CDU-B\u00fcrgerschaftsfraktion Hamburg"},"image":{"@id":"https:\/\/www.cdu-fraktion-hamburg-mitte.de\/cms\/#\/schema\/logo\/image\/"}},{"@type":"Person","@id":"https:\/\/www.cdu-fraktion-hamburg-mitte.de\/cms\/#\/schema\/person\/2db16dc65b6e4590ac85c22bd6b0d8bd","name":"CDU Bezirksfraktion Hamburg-Mitte","image":{"@type":"ImageObject","inLanguage":"de","@id":"https:\/\/www.cdu-fraktion-hamburg-mitte.de\/cms\/wp-content\/uploads\/2023\/11\/CDU-Logo-Avatar-150x150.png","url":"https:\/\/www.cdu-fraktion-hamburg-mitte.de\/cms\/wp-content\/uploads\/2023\/11\/CDU-Logo-Avatar-150x150.png","contentUrl":"https:\/\/www.cdu-fraktion-hamburg-mitte.de\/cms\/wp-content\/uploads\/2023\/11\/CDU-Logo-Avatar-150x150.png","caption":"CDU Bezirksfraktion Hamburg-Mitte"},"url":"https:\/\/www.cdu-fraktion-hamburg-mitte.de\/cms\/author\/politikwerft\/"}]}},"_links":{"self":[{"href":"https:\/\/www.cdu-fraktion-hamburg-mitte.de\/cms\/wp-json\/wp\/v2\/posts\/12964","targetHints":{"allow":["GET"]}}],"collection":[{"href":"https:\/\/www.cdu-fraktion-hamburg-mitte.de\/cms\/wp-json\/wp\/v2\/posts"}],"about":[{"href":"https:\/\/www.cdu-fraktion-hamburg-mitte.de\/cms\/wp-json\/wp\/v2\/types\/post"}],"author":[{"embeddable":true,"href":"https:\/\/www.cdu-fraktion-hamburg-mitte.de\/cms\/wp-json\/wp\/v2\/users\/1"}],"replies":[{"embeddable":true,"href":"https:\/\/www.cdu-fraktion-hamburg-mitte.de\/cms\/wp-json\/wp\/v2\/comments?post=12964"}],"version-history":[{"count":1,"href":"https:\/\/www.cdu-fraktion-hamburg-mitte.de\/cms\/wp-json\/wp\/v2\/posts\/12964\/revisions"}],"predecessor-version":[{"id":12967,"href":"https:\/\/www.cdu-fraktion-hamburg-mitte.de\/cms\/wp-json\/wp\/v2\/posts\/12964\/revisions\/12967"}],"wp:featuredmedia":[{"embeddable":true,"href":"https:\/\/www.cdu-fraktion-hamburg-mitte.de\/cms\/wp-json\/wp\/v2\/media\/12966"}],"wp:attachment":[{"href":"https:\/\/www.cdu-fraktion-hamburg-mitte.de\/cms\/wp-json\/wp\/v2\/media?parent=12964"}],"wp:term":[{"taxonomy":"category","embeddable":true,"href":"https:\/\/www.cdu-fraktion-hamburg-mitte.de\/cms\/wp-json\/wp\/v2\/categories?post=12964"},{"taxonomy":"post_tag","embeddable":true,"href":"https:\/\/www.cdu-fraktion-hamburg-mitte.de\/cms\/wp-json\/wp\/v2\/tags?post=12964"}],"curies":[{"name":"wp","href":"https:\/\/api.w.org\/{rel}","templated":true}]}}