{"id":12981,"date":"2023-09-25T07:27:36","date_gmt":"2023-09-25T05:27:36","guid":{"rendered":"https:\/\/www.cdu-fraktion-hamburg-mitte.de\/cms\/?p=12981"},"modified":"2023-09-26T07:34:04","modified_gmt":"2023-09-26T05:34:04","slug":"10-000-neue-baeume-fuer-hamburg-mitte-es-kann-losgehen","status":"publish","type":"post","link":"https:\/\/www.cdu-fraktion-hamburg-mitte.de\/cms\/10-000-neue-baeume-fuer-hamburg-mitte-es-kann-losgehen\/","title":{"rendered":"10.000 neue B\u00e4ume f\u00fcr Hamburg-Mitte &#8211; Es kann losgehen!"},"content":{"rendered":"<p>Bereits 2021 hatte die Bezirkskoalition aus CDU, SPD und FDP einen entsprechenden Antrag in die Bezirksversammlung Hamburg-Mitte eingebracht. Jetzt ist klar: Noch in diesem Herbst geht es los, eine Fl\u00e4che ist gefunden.<\/p>\n<p>Die Stadt Hamburg hat sich zum Ziel gesetzt bis 2030 den CO2-Aussto\u00df um mehr als die H\u00e4lfte zu reduzieren. Bis 2050 soll Hamburg Klimaneutral sein. Die steigende Einwohnerzahl Hamburgs und die damit einhergehenden neuen Bauprojekte, Veloroutenausbau, \u00d6PNV-Ausbau und weitere Stadtentwicklungsprojekte stellen das Vorhaben einer klimaneutralen Stadt vor weitere Herausforderungen. Der Vertrag f\u00fcr Hamburgs Stadtgr\u00fcn bekr\u00e4ftigt Hamburgs Ruf als die \u201egr\u00fcne Metropole am Wasser\u201c. Das \u00fcber die Stadt verteilte Netz an Biotopen darf nicht verkleinert werden. Es gilt zu gew\u00e4hrleisten, dass rund 23% des gesamten Stadtgebiets in der Biotopverbunds-Fl\u00e4che gesichert ist. Bereits jetzt gelingt es dem Bezirk Hamburg-Mitte, die ausgeweitete Zahl an Neubauten mit dem Stadtgr\u00fcn zu vereinbaren und weist als einziger Bezirk eine positive Baum-Bilanz auf und tr\u00e4gt somit zum Erhalt der \u201egr\u00fcnen Lunge\u201c Hamburgs bei. Gibt es f\u00fcr die zu genehmigende Wohneinheit keinen anliegenden Standort, so muss eine Ausgleichsfl\u00e4che gefunden werden.<\/p>\n<p>Auf einem Flurst\u00fcck zwischen \u00d6jendorfer Park, A1 und Hegenredder ist nun eine Fl\u00e4che von ca. 20.000qm, ca. 2 Hektar, ausgew\u00e4hlt worden, auf der zuk\u00fcnftig 10.000 B\u00e4ume gepflanzt werden sollen. Im Herbst 2023 soll knapp die H\u00e4lfte (1 Hektar) erstmals bepflanzt werden. Es k\u00f6nnen ca. 3.000 bis 5.000 Geh\u00f6lze (verschiedene Qualit\u00e4ten und Arten, u. a. Eiche, Ahorn, Hainbuche) gepflanzt werden. Dieses Vorhaben wird, einschlie\u00dflich der notwendigen mind. 5-j\u00e4hrigen Fertigstellungs- und Entwicklungspflege sowie aller notwendigen Arbeiten (Planung, Ausschreibung, Fl\u00e4chenvorbereitung, Umsetzung) ca. 60.000 Euro brutto kosten. Die Bezirkskoalition stellt diese Summe mit gro\u00dfer Freude \u00fcber den Start der Arbeiten zur Verf\u00fcgung. In den folgenden Jahren werden alle Fl\u00e4chen des Grundst\u00fccks bepflanzt und gegebenenfalls weitere Fl\u00e4chen f\u00fcr das Vorhaben in Anspruch genommen.<\/p>\n<p><strong>Gunter B\u00f6ttcher, CDU-Fraktionsvorsitzender in Hamburg-Mitte:<\/strong> <em>\u201eDie Koalition von CDU, SPD und FDP in Hamburg-Mitte hat bereits im Koalitionsvertrag die Weiterentwicklung der Stadtnatur als ein wichtiges Thema adressiert. Die gr\u00fcne Stadt wird nun konkret weiterentwickelt. Angrenzend an den \u00d6jendorfer Park werden noch in diesem Herbst die ersten knapp 5000 von geplanten 10.000 neuen B\u00e4ume gepflanzt. Das Waldgebiet des Parkes wird damit sinnvoll erweitert, die Parkfl\u00e4che dadurch weiter aufgewertet. Das ist angesichts der geplanten st\u00e4dtebaulichen Entwicklung im S\u00fcdwesten mit der \u201eGartenstadt \u00d6jendorf\u201c ein wichtiger Baustein f\u00fcr die Gr\u00fcnentwicklung im Osten des Bezirks Hamburg-Mitte.\u201c<\/em><\/p>\n","protected":false},"excerpt":{"rendered":"<p>Bereits 2021 hatte die Bezirkskoalition aus CDU, SPD und FDP einen entsprechenden Antrag in die Bezirksversammlung Hamburg-Mitte eingebracht. Jetzt ist klar: Noch in diesem Herbst geht es los, eine Fl\u00e4che ist gefunden. Die Stadt Hamburg hat sich zum Ziel gesetzt bis 2030 den CO2-Aussto\u00df um mehr als die H\u00e4lfte zu&hellip;<\/p>\n","protected":false},"author":1,"featured_media":10923,"comment_status":"closed","ping_status":"closed","sticky":false,"template":"","format":"standard","meta":{"inline_featured_image":false,"footnotes":""},"categories":[82],"tags":[722,495,521,884,885,517,518],"class_list":["post-12981","post","type-post","status-publish","format-standard","has-post-thumbnail","hentry","category-pressemitteilung","tag-baumpflanzungen","tag-billstedt","tag-dr-gunter-boettcher","tag-klimaneutral","tag-klimaschutz","tag-stadtnatur","tag-umwelt"],"yoast_head":"<!-- This site is optimized with the Yoast SEO plugin v27.5 - https:\/\/yoast.com\/product\/yoast-seo-wordpress\/ -->\n<title>10.000 neue B\u00e4ume f\u00fcr Hamburg-Mitte - Es kann losgehen! &#8226; CDU-Bezirksfraktion Hamburg-Mitte<\/title>\n<meta name=\"robots\" content=\"index, follow, max-snippet:-1, max-image-preview:large, max-video-preview:-1\" \/>\n<link rel=\"canonical\" href=\"https:\/\/www.cdu-fraktion-hamburg-mitte.de\/cms\/10-000-neue-baeume-fuer-hamburg-mitte-es-kann-losgehen\/\" \/>\n<meta property=\"og:locale\" content=\"de_DE\" \/>\n<meta property=\"og:type\" content=\"article\" \/>\n<meta property=\"og:title\" content=\"10.000 neue B\u00e4ume f\u00fcr Hamburg-Mitte - Es kann losgehen! &#8226; CDU-Bezirksfraktion Hamburg-Mitte\" \/>\n<meta property=\"og:description\" content=\"Bereits 2021 hatte die Bezirkskoalition aus CDU, SPD und FDP einen entsprechenden Antrag in die Bezirksversammlung Hamburg-Mitte eingebracht. Jetzt ist klar: Noch in diesem Herbst geht es los, eine Fl\u00e4che ist gefunden. Die Stadt Hamburg hat sich zum Ziel gesetzt bis 2030 den CO2-Aussto\u00df um mehr als die H\u00e4lfte zu&hellip;\" \/>\n<meta property=\"og:url\" content=\"https:\/\/www.cdu-fraktion-hamburg-mitte.de\/cms\/10-000-neue-baeume-fuer-hamburg-mitte-es-kann-losgehen\/\" \/>\n<meta property=\"og:site_name\" content=\"CDU-Bezirksfraktion Hamburg-Mitte\" \/>\n<meta property=\"article:published_time\" content=\"2023-09-25T05:27:36+00:00\" \/>\n<meta property=\"article:modified_time\" content=\"2023-09-26T05:34:04+00:00\" \/>\n<meta property=\"og:image\" content=\"https:\/\/www.cdu-fraktion-hamburg-mitte.de\/cms\/wp-content\/uploads\/2021\/03\/190401_Kacheln-Kandidaten-BOETTCHER-min.jpg\" \/>\n\t<meta property=\"og:image:width\" content=\"1333\" \/>\n\t<meta property=\"og:image:height\" content=\"1333\" \/>\n\t<meta property=\"og:image:type\" content=\"image\/jpeg\" \/>\n<meta name=\"author\" content=\"CDU Bezirksfraktion Hamburg-Mitte\" \/>\n<meta name=\"twitter:card\" content=\"summary_large_image\" \/>\n<meta name=\"twitter:label1\" content=\"Verfasst von\" \/>\n\t<meta name=\"twitter:data1\" content=\"CDU Bezirksfraktion Hamburg-Mitte\" \/>\n\t<meta name=\"twitter:label2\" content=\"Gesch\u00e4tzte Lesezeit\" \/>\n\t<meta name=\"twitter:data2\" content=\"3\u00a0Minuten\" \/>\n<script type=\"application\/ld+json\" class=\"yoast-schema-graph\">{\"@context\":\"https:\\\/\\\/schema.org\",\"@graph\":[{\"@type\":\"Article\",\"@id\":\"https:\\\/\\\/www.cdu-fraktion-hamburg-mitte.de\\\/cms\\\/10-000-neue-baeume-fuer-hamburg-mitte-es-kann-losgehen\\\/#article\",\"isPartOf\":{\"@id\":\"https:\\\/\\\/www.cdu-fraktion-hamburg-mitte.de\\\/cms\\\/10-000-neue-baeume-fuer-hamburg-mitte-es-kann-losgehen\\\/\"},\"author\":{\"name\":\"CDU Bezirksfraktion Hamburg-Mitte\",\"@id\":\"https:\\\/\\\/www.cdu-fraktion-hamburg-mitte.de\\\/cms\\\/#\\\/schema\\\/person\\\/2db16dc65b6e4590ac85c22bd6b0d8bd\"},\"headline\":\"10.000 neue B\u00e4ume f\u00fcr Hamburg-Mitte &#8211; Es kann losgehen!\",\"datePublished\":\"2023-09-25T05:27:36+00:00\",\"dateModified\":\"2023-09-26T05:34:04+00:00\",\"mainEntityOfPage\":{\"@id\":\"https:\\\/\\\/www.cdu-fraktion-hamburg-mitte.de\\\/cms\\\/10-000-neue-baeume-fuer-hamburg-mitte-es-kann-losgehen\\\/\"},\"wordCount\":420,\"publisher\":{\"@id\":\"https:\\\/\\\/www.cdu-fraktion-hamburg-mitte.de\\\/cms\\\/#organization\"},\"image\":{\"@id\":\"https:\\\/\\\/www.cdu-fraktion-hamburg-mitte.de\\\/cms\\\/10-000-neue-baeume-fuer-hamburg-mitte-es-kann-losgehen\\\/#primaryimage\"},\"thumbnailUrl\":\"https:\\\/\\\/www.cdu-fraktion-hamburg-mitte.de\\\/cms\\\/wp-content\\\/uploads\\\/2021\\\/03\\\/190401_Kacheln-Kandidaten-BOETTCHER-min.jpg\",\"keywords\":[\"Baumpflanzungen\",\"Billstedt\",\"Dr. Gunter B\u00f6ttcher\",\"Klimaneutral\",\"Klimaschutz\",\"Stadtnatur\",\"Umwelt\"],\"articleSection\":[\"Pressemitteilungen\"],\"inLanguage\":\"de\"},{\"@type\":\"WebPage\",\"@id\":\"https:\\\/\\\/www.cdu-fraktion-hamburg-mitte.de\\\/cms\\\/10-000-neue-baeume-fuer-hamburg-mitte-es-kann-losgehen\\\/\",\"url\":\"https:\\\/\\\/www.cdu-fraktion-hamburg-mitte.de\\\/cms\\\/10-000-neue-baeume-fuer-hamburg-mitte-es-kann-losgehen\\\/\",\"name\":\"10.000 neue B\u00e4ume f\u00fcr Hamburg-Mitte - Es kann losgehen! &#8226; CDU-Bezirksfraktion Hamburg-Mitte\",\"isPartOf\":{\"@id\":\"https:\\\/\\\/www.cdu-fraktion-hamburg-mitte.de\\\/cms\\\/#website\"},\"primaryImageOfPage\":{\"@id\":\"https:\\\/\\\/www.cdu-fraktion-hamburg-mitte.de\\\/cms\\\/10-000-neue-baeume-fuer-hamburg-mitte-es-kann-losgehen\\\/#primaryimage\"},\"image\":{\"@id\":\"https:\\\/\\\/www.cdu-fraktion-hamburg-mitte.de\\\/cms\\\/10-000-neue-baeume-fuer-hamburg-mitte-es-kann-losgehen\\\/#primaryimage\"},\"thumbnailUrl\":\"https:\\\/\\\/www.cdu-fraktion-hamburg-mitte.de\\\/cms\\\/wp-content\\\/uploads\\\/2021\\\/03\\\/190401_Kacheln-Kandidaten-BOETTCHER-min.jpg\",\"datePublished\":\"2023-09-25T05:27:36+00:00\",\"dateModified\":\"2023-09-26T05:34:04+00:00\",\"breadcrumb\":{\"@id\":\"https:\\\/\\\/www.cdu-fraktion-hamburg-mitte.de\\\/cms\\\/10-000-neue-baeume-fuer-hamburg-mitte-es-kann-losgehen\\\/#breadcrumb\"},\"inLanguage\":\"de\",\"potentialAction\":[{\"@type\":\"ReadAction\",\"target\":[\"https:\\\/\\\/www.cdu-fraktion-hamburg-mitte.de\\\/cms\\\/10-000-neue-baeume-fuer-hamburg-mitte-es-kann-losgehen\\\/\"]}]},{\"@type\":\"ImageObject\",\"inLanguage\":\"de\",\"@id\":\"https:\\\/\\\/www.cdu-fraktion-hamburg-mitte.de\\\/cms\\\/10-000-neue-baeume-fuer-hamburg-mitte-es-kann-losgehen\\\/#primaryimage\",\"url\":\"https:\\\/\\\/www.cdu-fraktion-hamburg-mitte.de\\\/cms\\\/wp-content\\\/uploads\\\/2021\\\/03\\\/190401_Kacheln-Kandidaten-BOETTCHER-min.jpg\",\"contentUrl\":\"https:\\\/\\\/www.cdu-fraktion-hamburg-mitte.de\\\/cms\\\/wp-content\\\/uploads\\\/2021\\\/03\\\/190401_Kacheln-Kandidaten-BOETTCHER-min.jpg\",\"width\":1333,\"height\":1333,\"caption\":\"Dr. Gunter B\u00f6ttcher\"},{\"@type\":\"BreadcrumbList\",\"@id\":\"https:\\\/\\\/www.cdu-fraktion-hamburg-mitte.de\\\/cms\\\/10-000-neue-baeume-fuer-hamburg-mitte-es-kann-losgehen\\\/#breadcrumb\",\"itemListElement\":[{\"@type\":\"ListItem\",\"position\":1,\"name\":\"Startseite\",\"item\":\"https:\\\/\\\/www.cdu-fraktion-hamburg-mitte.de\\\/cms\\\/\"},{\"@type\":\"ListItem\",\"position\":2,\"name\":\"10.000 neue B\u00e4ume f\u00fcr Hamburg-Mitte - Es kann losgehen!\"}]},{\"@type\":\"WebSite\",\"@id\":\"https:\\\/\\\/www.cdu-fraktion-hamburg-mitte.de\\\/cms\\\/#website\",\"url\":\"https:\\\/\\\/www.cdu-fraktion-hamburg-mitte.de\\\/cms\\\/\",\"name\":\"CDU-Bezirksfraktion Hamburg-Mitte\",\"description\":\"Politik in der Bezirksversammlung Hamburg-Mitte\",\"publisher\":{\"@id\":\"https:\\\/\\\/www.cdu-fraktion-hamburg-mitte.de\\\/cms\\\/#organization\"},\"potentialAction\":[{\"@type\":\"SearchAction\",\"target\":{\"@type\":\"EntryPoint\",\"urlTemplate\":\"https:\\\/\\\/www.cdu-fraktion-hamburg-mitte.de\\\/cms\\\/?s={search_term_string}\"},\"query-input\":{\"@type\":\"PropertyValueSpecification\",\"valueRequired\":true,\"valueName\":\"search_term_string\"}}],\"inLanguage\":\"de\"},{\"@type\":\"Organization\",\"@id\":\"https:\\\/\\\/www.cdu-fraktion-hamburg-mitte.de\\\/cms\\\/#organization\",\"name\":\"CDU-B\u00fcrgerschaftsfraktion Hamburg\",\"url\":\"https:\\\/\\\/www.cdu-fraktion-hamburg-mitte.de\\\/cms\\\/\",\"logo\":{\"@type\":\"ImageObject\",\"inLanguage\":\"de\",\"@id\":\"https:\\\/\\\/www.cdu-fraktion-hamburg-mitte.de\\\/cms\\\/#\\\/schema\\\/logo\\\/image\\\/\",\"url\":\"\",\"contentUrl\":\"\",\"caption\":\"CDU-B\u00fcrgerschaftsfraktion Hamburg\"},\"image\":{\"@id\":\"https:\\\/\\\/www.cdu-fraktion-hamburg-mitte.de\\\/cms\\\/#\\\/schema\\\/logo\\\/image\\\/\"}},{\"@type\":\"Person\",\"@id\":\"https:\\\/\\\/www.cdu-fraktion-hamburg-mitte.de\\\/cms\\\/#\\\/schema\\\/person\\\/2db16dc65b6e4590ac85c22bd6b0d8bd\",\"name\":\"CDU Bezirksfraktion Hamburg-Mitte\",\"image\":{\"@type\":\"ImageObject\",\"inLanguage\":\"de\",\"@id\":\"https:\\\/\\\/www.cdu-fraktion-hamburg-mitte.de\\\/cms\\\/wp-content\\\/uploads\\\/2023\\\/11\\\/CDU-Logo-Avatar-150x150.png\",\"url\":\"https:\\\/\\\/www.cdu-fraktion-hamburg-mitte.de\\\/cms\\\/wp-content\\\/uploads\\\/2023\\\/11\\\/CDU-Logo-Avatar-150x150.png\",\"contentUrl\":\"https:\\\/\\\/www.cdu-fraktion-hamburg-mitte.de\\\/cms\\\/wp-content\\\/uploads\\\/2023\\\/11\\\/CDU-Logo-Avatar-150x150.png\",\"caption\":\"CDU Bezirksfraktion Hamburg-Mitte\"},\"url\":\"https:\\\/\\\/www.cdu-fraktion-hamburg-mitte.de\\\/cms\\\/author\\\/politikwerft\\\/\"}]}<\/script>\n<!-- \/ Yoast SEO plugin. -->","yoast_head_json":{"title":"10.000 neue B\u00e4ume f\u00fcr Hamburg-Mitte - Es kann losgehen! &#8226; CDU-Bezirksfraktion Hamburg-Mitte","robots":{"index":"index","follow":"follow","max-snippet":"max-snippet:-1","max-image-preview":"max-image-preview:large","max-video-preview":"max-video-preview:-1"},"canonical":"https:\/\/www.cdu-fraktion-hamburg-mitte.de\/cms\/10-000-neue-baeume-fuer-hamburg-mitte-es-kann-losgehen\/","og_locale":"de_DE","og_type":"article","og_title":"10.000 neue B\u00e4ume f\u00fcr Hamburg-Mitte - Es kann losgehen! &#8226; CDU-Bezirksfraktion Hamburg-Mitte","og_description":"Bereits 2021 hatte die Bezirkskoalition aus CDU, SPD und FDP einen entsprechenden Antrag in die Bezirksversammlung Hamburg-Mitte eingebracht. Jetzt ist klar: Noch in diesem Herbst geht es los, eine Fl\u00e4che ist gefunden. Die Stadt Hamburg hat sich zum Ziel gesetzt bis 2030 den CO2-Aussto\u00df um mehr als die H\u00e4lfte zu&hellip;","og_url":"https:\/\/www.cdu-fraktion-hamburg-mitte.de\/cms\/10-000-neue-baeume-fuer-hamburg-mitte-es-kann-losgehen\/","og_site_name":"CDU-Bezirksfraktion Hamburg-Mitte","article_published_time":"2023-09-25T05:27:36+00:00","article_modified_time":"2023-09-26T05:34:04+00:00","og_image":[{"width":1333,"height":1333,"url":"https:\/\/www.cdu-fraktion-hamburg-mitte.de\/cms\/wp-content\/uploads\/2021\/03\/190401_Kacheln-Kandidaten-BOETTCHER-min.jpg","type":"image\/jpeg"}],"author":"CDU Bezirksfraktion Hamburg-Mitte","twitter_card":"summary_large_image","twitter_misc":{"Verfasst von":"CDU Bezirksfraktion Hamburg-Mitte","Gesch\u00e4tzte Lesezeit":"3\u00a0Minuten"},"schema":{"@context":"https:\/\/schema.org","@graph":[{"@type":"Article","@id":"https:\/\/www.cdu-fraktion-hamburg-mitte.de\/cms\/10-000-neue-baeume-fuer-hamburg-mitte-es-kann-losgehen\/#article","isPartOf":{"@id":"https:\/\/www.cdu-fraktion-hamburg-mitte.de\/cms\/10-000-neue-baeume-fuer-hamburg-mitte-es-kann-losgehen\/"},"author":{"name":"CDU Bezirksfraktion Hamburg-Mitte","@id":"https:\/\/www.cdu-fraktion-hamburg-mitte.de\/cms\/#\/schema\/person\/2db16dc65b6e4590ac85c22bd6b0d8bd"},"headline":"10.000 neue B\u00e4ume f\u00fcr Hamburg-Mitte &#8211; Es kann losgehen!","datePublished":"2023-09-25T05:27:36+00:00","dateModified":"2023-09-26T05:34:04+00:00","mainEntityOfPage":{"@id":"https:\/\/www.cdu-fraktion-hamburg-mitte.de\/cms\/10-000-neue-baeume-fuer-hamburg-mitte-es-kann-losgehen\/"},"wordCount":420,"publisher":{"@id":"https:\/\/www.cdu-fraktion-hamburg-mitte.de\/cms\/#organization"},"image":{"@id":"https:\/\/www.cdu-fraktion-hamburg-mitte.de\/cms\/10-000-neue-baeume-fuer-hamburg-mitte-es-kann-losgehen\/#primaryimage"},"thumbnailUrl":"https:\/\/www.cdu-fraktion-hamburg-mitte.de\/cms\/wp-content\/uploads\/2021\/03\/190401_Kacheln-Kandidaten-BOETTCHER-min.jpg","keywords":["Baumpflanzungen","Billstedt","Dr. Gunter B\u00f6ttcher","Klimaneutral","Klimaschutz","Stadtnatur","Umwelt"],"articleSection":["Pressemitteilungen"],"inLanguage":"de"},{"@type":"WebPage","@id":"https:\/\/www.cdu-fraktion-hamburg-mitte.de\/cms\/10-000-neue-baeume-fuer-hamburg-mitte-es-kann-losgehen\/","url":"https:\/\/www.cdu-fraktion-hamburg-mitte.de\/cms\/10-000-neue-baeume-fuer-hamburg-mitte-es-kann-losgehen\/","name":"10.000 neue B\u00e4ume f\u00fcr Hamburg-Mitte - Es kann losgehen! &#8226; CDU-Bezirksfraktion Hamburg-Mitte","isPartOf":{"@id":"https:\/\/www.cdu-fraktion-hamburg-mitte.de\/cms\/#website"},"primaryImageOfPage":{"@id":"https:\/\/www.cdu-fraktion-hamburg-mitte.de\/cms\/10-000-neue-baeume-fuer-hamburg-mitte-es-kann-losgehen\/#primaryimage"},"image":{"@id":"https:\/\/www.cdu-fraktion-hamburg-mitte.de\/cms\/10-000-neue-baeume-fuer-hamburg-mitte-es-kann-losgehen\/#primaryimage"},"thumbnailUrl":"https:\/\/www.cdu-fraktion-hamburg-mitte.de\/cms\/wp-content\/uploads\/2021\/03\/190401_Kacheln-Kandidaten-BOETTCHER-min.jpg","datePublished":"2023-09-25T05:27:36+00:00","dateModified":"2023-09-26T05:34:04+00:00","breadcrumb":{"@id":"https:\/\/www.cdu-fraktion-hamburg-mitte.de\/cms\/10-000-neue-baeume-fuer-hamburg-mitte-es-kann-losgehen\/#breadcrumb"},"inLanguage":"de","potentialAction":[{"@type":"ReadAction","target":["https:\/\/www.cdu-fraktion-hamburg-mitte.de\/cms\/10-000-neue-baeume-fuer-hamburg-mitte-es-kann-losgehen\/"]}]},{"@type":"ImageObject","inLanguage":"de","@id":"https:\/\/www.cdu-fraktion-hamburg-mitte.de\/cms\/10-000-neue-baeume-fuer-hamburg-mitte-es-kann-losgehen\/#primaryimage","url":"https:\/\/www.cdu-fraktion-hamburg-mitte.de\/cms\/wp-content\/uploads\/2021\/03\/190401_Kacheln-Kandidaten-BOETTCHER-min.jpg","contentUrl":"https:\/\/www.cdu-fraktion-hamburg-mitte.de\/cms\/wp-content\/uploads\/2021\/03\/190401_Kacheln-Kandidaten-BOETTCHER-min.jpg","width":1333,"height":1333,"caption":"Dr. Gunter B\u00f6ttcher"},{"@type":"BreadcrumbList","@id":"https:\/\/www.cdu-fraktion-hamburg-mitte.de\/cms\/10-000-neue-baeume-fuer-hamburg-mitte-es-kann-losgehen\/#breadcrumb","itemListElement":[{"@type":"ListItem","position":1,"name":"Startseite","item":"https:\/\/www.cdu-fraktion-hamburg-mitte.de\/cms\/"},{"@type":"ListItem","position":2,"name":"10.000 neue B\u00e4ume f\u00fcr Hamburg-Mitte - Es kann losgehen!"}]},{"@type":"WebSite","@id":"https:\/\/www.cdu-fraktion-hamburg-mitte.de\/cms\/#website","url":"https:\/\/www.cdu-fraktion-hamburg-mitte.de\/cms\/","name":"CDU-Bezirksfraktion Hamburg-Mitte","description":"Politik in der Bezirksversammlung Hamburg-Mitte","publisher":{"@id":"https:\/\/www.cdu-fraktion-hamburg-mitte.de\/cms\/#organization"},"potentialAction":[{"@type":"SearchAction","target":{"@type":"EntryPoint","urlTemplate":"https:\/\/www.cdu-fraktion-hamburg-mitte.de\/cms\/?s={search_term_string}"},"query-input":{"@type":"PropertyValueSpecification","valueRequired":true,"valueName":"search_term_string"}}],"inLanguage":"de"},{"@type":"Organization","@id":"https:\/\/www.cdu-fraktion-hamburg-mitte.de\/cms\/#organization","name":"CDU-B\u00fcrgerschaftsfraktion Hamburg","url":"https:\/\/www.cdu-fraktion-hamburg-mitte.de\/cms\/","logo":{"@type":"ImageObject","inLanguage":"de","@id":"https:\/\/www.cdu-fraktion-hamburg-mitte.de\/cms\/#\/schema\/logo\/image\/","url":"","contentUrl":"","caption":"CDU-B\u00fcrgerschaftsfraktion Hamburg"},"image":{"@id":"https:\/\/www.cdu-fraktion-hamburg-mitte.de\/cms\/#\/schema\/logo\/image\/"}},{"@type":"Person","@id":"https:\/\/www.cdu-fraktion-hamburg-mitte.de\/cms\/#\/schema\/person\/2db16dc65b6e4590ac85c22bd6b0d8bd","name":"CDU Bezirksfraktion Hamburg-Mitte","image":{"@type":"ImageObject","inLanguage":"de","@id":"https:\/\/www.cdu-fraktion-hamburg-mitte.de\/cms\/wp-content\/uploads\/2023\/11\/CDU-Logo-Avatar-150x150.png","url":"https:\/\/www.cdu-fraktion-hamburg-mitte.de\/cms\/wp-content\/uploads\/2023\/11\/CDU-Logo-Avatar-150x150.png","contentUrl":"https:\/\/www.cdu-fraktion-hamburg-mitte.de\/cms\/wp-content\/uploads\/2023\/11\/CDU-Logo-Avatar-150x150.png","caption":"CDU Bezirksfraktion Hamburg-Mitte"},"url":"https:\/\/www.cdu-fraktion-hamburg-mitte.de\/cms\/author\/politikwerft\/"}]}},"_links":{"self":[{"href":"https:\/\/www.cdu-fraktion-hamburg-mitte.de\/cms\/wp-json\/wp\/v2\/posts\/12981","targetHints":{"allow":["GET"]}}],"collection":[{"href":"https:\/\/www.cdu-fraktion-hamburg-mitte.de\/cms\/wp-json\/wp\/v2\/posts"}],"about":[{"href":"https:\/\/www.cdu-fraktion-hamburg-mitte.de\/cms\/wp-json\/wp\/v2\/types\/post"}],"author":[{"embeddable":true,"href":"https:\/\/www.cdu-fraktion-hamburg-mitte.de\/cms\/wp-json\/wp\/v2\/users\/1"}],"replies":[{"embeddable":true,"href":"https:\/\/www.cdu-fraktion-hamburg-mitte.de\/cms\/wp-json\/wp\/v2\/comments?post=12981"}],"version-history":[{"count":1,"href":"https:\/\/www.cdu-fraktion-hamburg-mitte.de\/cms\/wp-json\/wp\/v2\/posts\/12981\/revisions"}],"predecessor-version":[{"id":12982,"href":"https:\/\/www.cdu-fraktion-hamburg-mitte.de\/cms\/wp-json\/wp\/v2\/posts\/12981\/revisions\/12982"}],"wp:featuredmedia":[{"embeddable":true,"href":"https:\/\/www.cdu-fraktion-hamburg-mitte.de\/cms\/wp-json\/wp\/v2\/media\/10923"}],"wp:attachment":[{"href":"https:\/\/www.cdu-fraktion-hamburg-mitte.de\/cms\/wp-json\/wp\/v2\/media?parent=12981"}],"wp:term":[{"taxonomy":"category","embeddable":true,"href":"https:\/\/www.cdu-fraktion-hamburg-mitte.de\/cms\/wp-json\/wp\/v2\/categories?post=12981"},{"taxonomy":"post_tag","embeddable":true,"href":"https:\/\/www.cdu-fraktion-hamburg-mitte.de\/cms\/wp-json\/wp\/v2\/tags?post=12981"}],"curies":[{"name":"wp","href":"https:\/\/api.w.org\/{rel}","templated":true}]}}