{"id":13398,"date":"2023-12-07T08:16:24","date_gmt":"2023-12-07T07:16:24","guid":{"rendered":"https:\/\/www.cdu-fraktion-hamburg-mitte.de\/cms\/?p=13398"},"modified":"2023-12-07T08:16:24","modified_gmt":"2023-12-07T07:16:24","slug":"foerderung-der-horner-freiheit","status":"publish","type":"post","link":"https:\/\/www.cdu-fraktion-hamburg-mitte.de\/cms\/foerderung-der-horner-freiheit\/","title":{"rendered":"F\u00f6rderung der Horner Freiheit"},"content":{"rendered":"<p>Die Bezirkskoalition aus CDU, SPD und FDP sichert die Finanzierung der Horner Freiheit f\u00fcr 2023 in H\u00f6he von 30.000\u20ac. Als lokales Kultur- und Begegnungszentrum im Hamburger Osten leistet die Horner Freiheit mit seinen Angeboten einen wichtigen gesellschaftlichen Beitrag vor Ort.<\/p>\n<p>&#8222;Die Horner Freiheit ist zu einem nicht wegzudenkenden Ort der Begegnung im Quartier geworden. Hier wird Kunst und Kultur f\u00fcr Jung und Alt angeboten. Stadtteilkultur ist wichtig, da die Kultur gesellschaftliche Werte erlebbar macht und so auf anschauliche Weise auf soziale Zusammenh\u00e4nge einwirkt&#8220;, so der CDU-Fraktionsvorsitzende, Dr. Gunter B\u00f6ttcher.<\/p>\n<p>Die Horner Freiheit vereint unter ihrem Dach Beratungsr\u00e4ume, Kursr\u00e4ume und Gruppenr\u00e4ume sowie einen Veranstaltungssaal mit B\u00fchne. Die Horner B\u00fccherhalle, der AWO-Treff, die Geschichtswerkstatt und ein gem\u00fctliches Caf\u00e9 komplettieren das Angebot des Stadtteilzentrums. Seit ihrem Bestehen wird die Horner Freiheit durch den Quartiersfond finanziert. Das wird auch 2024 der Fall sein.<\/p>\n<p>F\u00fcr das Jahr 2023 wurden dabei nur die Personalkosten bewilligt, eine L\u00fccke von 30.000\u20ac in der Finanzierung der Horner Freiheit wurde dabei im Anschluss durch Restmittel des Quartiersfond ausgeglichen. In diesem Jahr liegen solche Restmittel nicht vor, es soll dieses Jahr daher eine Finanzierung \u00fcber konsumtive Sondermittel geben, um die wichtige Arbeit der Horner Freiheit zu erhalten. Die entstandenen Zusatzkosten resultieren aus Nachforderungen der Betriebskosten f\u00fcr das Jahr 2020 in H\u00f6he von fast 6.000\u20ac. Auch entfallene Veranstaltungen aufgrund der Vakanz auf dem Posten der Gesch\u00e4ftsf\u00fchrung haben ihren Anteil am entstandenen Defizit, ebenso aufgekommene Reparaturen und Instandsetzungen. So musste beispielsweise die Schlie\u00dfanlage gewechselt werden. Hier entstanden Kosten in H\u00f6he von ca. 25.000\u20ac.<\/p>\n<p>Wir als Bezirkskoalition legen gro\u00dfen Wert auf lokale Kultur- und Gesellschaftsangebote unter einem Dach. Eine F\u00f6rderung der Horner Freiheit liegt uns daher besonders am Herzen. Sie ist ein voller Erfolg, gesch\u00e4tzt vor Ort und \u00fcber Stadtteilgrenzen hinweg vernetzt und bekannt.<\/p>\n","protected":false},"excerpt":{"rendered":"<p>Die Bezirkskoalition aus CDU, SPD und FDP sichert die Finanzierung der Horner Freiheit f\u00fcr 2023 in H\u00f6he von 30.000\u20ac. Als lokales Kultur- und Begegnungszentrum im Hamburger Osten leistet die Horner Freiheit mit seinen Angeboten einen wichtigen gesellschaftlichen Beitrag vor Ort. &#8222;Die Horner Freiheit ist zu einem nicht wegzudenkenden Ort der&hellip;<\/p>\n","protected":false},"author":1,"featured_media":10923,"comment_status":"closed","ping_status":"closed","sticky":false,"template":"","format":"standard","meta":{"inline_featured_image":false,"footnotes":""},"categories":[82],"tags":[632,521,512,778],"class_list":["post-13398","post","type-post","status-publish","format-standard","has-post-thumbnail","hentry","category-pressemitteilung","tag-bezirksversammlung","tag-dr-gunter-boettcher","tag-horn","tag-horner-freiheit"],"yoast_head":"<!-- This site is optimized with the Yoast SEO plugin v27.5 - https:\/\/yoast.com\/product\/yoast-seo-wordpress\/ -->\n<title>F\u00f6rderung der Horner Freiheit &#8226; CDU-Bezirksfraktion Hamburg-Mitte<\/title>\n<meta name=\"robots\" content=\"index, follow, max-snippet:-1, max-image-preview:large, max-video-preview:-1\" \/>\n<link rel=\"canonical\" href=\"https:\/\/www.cdu-fraktion-hamburg-mitte.de\/cms\/foerderung-der-horner-freiheit\/\" \/>\n<meta property=\"og:locale\" content=\"de_DE\" \/>\n<meta property=\"og:type\" content=\"article\" \/>\n<meta property=\"og:title\" content=\"F\u00f6rderung der Horner Freiheit &#8226; CDU-Bezirksfraktion Hamburg-Mitte\" \/>\n<meta property=\"og:description\" content=\"Die Bezirkskoalition aus CDU, SPD und FDP sichert die Finanzierung der Horner Freiheit f\u00fcr 2023 in H\u00f6he von 30.000\u20ac. Als lokales Kultur- und Begegnungszentrum im Hamburger Osten leistet die Horner Freiheit mit seinen Angeboten einen wichtigen gesellschaftlichen Beitrag vor Ort. &#8222;Die Horner Freiheit ist zu einem nicht wegzudenkenden Ort der&hellip;\" \/>\n<meta property=\"og:url\" content=\"https:\/\/www.cdu-fraktion-hamburg-mitte.de\/cms\/foerderung-der-horner-freiheit\/\" \/>\n<meta property=\"og:site_name\" content=\"CDU-Bezirksfraktion Hamburg-Mitte\" \/>\n<meta property=\"article:published_time\" content=\"2023-12-07T07:16:24+00:00\" \/>\n<meta property=\"og:image\" content=\"https:\/\/www.cdu-fraktion-hamburg-mitte.de\/cms\/wp-content\/uploads\/2021\/03\/190401_Kacheln-Kandidaten-BOETTCHER-min.jpg\" \/>\n\t<meta property=\"og:image:width\" content=\"1333\" \/>\n\t<meta property=\"og:image:height\" content=\"1333\" \/>\n\t<meta property=\"og:image:type\" content=\"image\/jpeg\" \/>\n<meta name=\"author\" content=\"CDU Bezirksfraktion Hamburg-Mitte\" \/>\n<meta name=\"twitter:card\" content=\"summary_large_image\" \/>\n<meta name=\"twitter:label1\" content=\"Verfasst von\" \/>\n\t<meta name=\"twitter:data1\" content=\"CDU Bezirksfraktion Hamburg-Mitte\" \/>\n\t<meta name=\"twitter:label2\" content=\"Gesch\u00e4tzte Lesezeit\" \/>\n\t<meta name=\"twitter:data2\" content=\"2\u00a0Minuten\" \/>\n<script type=\"application\/ld+json\" class=\"yoast-schema-graph\">{\"@context\":\"https:\\\/\\\/schema.org\",\"@graph\":[{\"@type\":\"Article\",\"@id\":\"https:\\\/\\\/www.cdu-fraktion-hamburg-mitte.de\\\/cms\\\/foerderung-der-horner-freiheit\\\/#article\",\"isPartOf\":{\"@id\":\"https:\\\/\\\/www.cdu-fraktion-hamburg-mitte.de\\\/cms\\\/foerderung-der-horner-freiheit\\\/\"},\"author\":{\"name\":\"CDU Bezirksfraktion Hamburg-Mitte\",\"@id\":\"https:\\\/\\\/www.cdu-fraktion-hamburg-mitte.de\\\/cms\\\/#\\\/schema\\\/person\\\/2db16dc65b6e4590ac85c22bd6b0d8bd\"},\"headline\":\"F\u00f6rderung der Horner Freiheit\",\"datePublished\":\"2023-12-07T07:16:24+00:00\",\"mainEntityOfPage\":{\"@id\":\"https:\\\/\\\/www.cdu-fraktion-hamburg-mitte.de\\\/cms\\\/foerderung-der-horner-freiheit\\\/\"},\"wordCount\":309,\"publisher\":{\"@id\":\"https:\\\/\\\/www.cdu-fraktion-hamburg-mitte.de\\\/cms\\\/#organization\"},\"image\":{\"@id\":\"https:\\\/\\\/www.cdu-fraktion-hamburg-mitte.de\\\/cms\\\/foerderung-der-horner-freiheit\\\/#primaryimage\"},\"thumbnailUrl\":\"https:\\\/\\\/www.cdu-fraktion-hamburg-mitte.de\\\/cms\\\/wp-content\\\/uploads\\\/2021\\\/03\\\/190401_Kacheln-Kandidaten-BOETTCHER-min.jpg\",\"keywords\":[\"Bezirksversammlung\",\"Dr. Gunter B\u00f6ttcher\",\"Horn\",\"Horner Freiheit\"],\"articleSection\":[\"Pressemitteilungen\"],\"inLanguage\":\"de\"},{\"@type\":\"WebPage\",\"@id\":\"https:\\\/\\\/www.cdu-fraktion-hamburg-mitte.de\\\/cms\\\/foerderung-der-horner-freiheit\\\/\",\"url\":\"https:\\\/\\\/www.cdu-fraktion-hamburg-mitte.de\\\/cms\\\/foerderung-der-horner-freiheit\\\/\",\"name\":\"F\u00f6rderung der Horner Freiheit &#8226; CDU-Bezirksfraktion Hamburg-Mitte\",\"isPartOf\":{\"@id\":\"https:\\\/\\\/www.cdu-fraktion-hamburg-mitte.de\\\/cms\\\/#website\"},\"primaryImageOfPage\":{\"@id\":\"https:\\\/\\\/www.cdu-fraktion-hamburg-mitte.de\\\/cms\\\/foerderung-der-horner-freiheit\\\/#primaryimage\"},\"image\":{\"@id\":\"https:\\\/\\\/www.cdu-fraktion-hamburg-mitte.de\\\/cms\\\/foerderung-der-horner-freiheit\\\/#primaryimage\"},\"thumbnailUrl\":\"https:\\\/\\\/www.cdu-fraktion-hamburg-mitte.de\\\/cms\\\/wp-content\\\/uploads\\\/2021\\\/03\\\/190401_Kacheln-Kandidaten-BOETTCHER-min.jpg\",\"datePublished\":\"2023-12-07T07:16:24+00:00\",\"breadcrumb\":{\"@id\":\"https:\\\/\\\/www.cdu-fraktion-hamburg-mitte.de\\\/cms\\\/foerderung-der-horner-freiheit\\\/#breadcrumb\"},\"inLanguage\":\"de\",\"potentialAction\":[{\"@type\":\"ReadAction\",\"target\":[\"https:\\\/\\\/www.cdu-fraktion-hamburg-mitte.de\\\/cms\\\/foerderung-der-horner-freiheit\\\/\"]}]},{\"@type\":\"ImageObject\",\"inLanguage\":\"de\",\"@id\":\"https:\\\/\\\/www.cdu-fraktion-hamburg-mitte.de\\\/cms\\\/foerderung-der-horner-freiheit\\\/#primaryimage\",\"url\":\"https:\\\/\\\/www.cdu-fraktion-hamburg-mitte.de\\\/cms\\\/wp-content\\\/uploads\\\/2021\\\/03\\\/190401_Kacheln-Kandidaten-BOETTCHER-min.jpg\",\"contentUrl\":\"https:\\\/\\\/www.cdu-fraktion-hamburg-mitte.de\\\/cms\\\/wp-content\\\/uploads\\\/2021\\\/03\\\/190401_Kacheln-Kandidaten-BOETTCHER-min.jpg\",\"width\":1333,\"height\":1333,\"caption\":\"Dr. Gunter B\u00f6ttcher\"},{\"@type\":\"BreadcrumbList\",\"@id\":\"https:\\\/\\\/www.cdu-fraktion-hamburg-mitte.de\\\/cms\\\/foerderung-der-horner-freiheit\\\/#breadcrumb\",\"itemListElement\":[{\"@type\":\"ListItem\",\"position\":1,\"name\":\"Startseite\",\"item\":\"https:\\\/\\\/www.cdu-fraktion-hamburg-mitte.de\\\/cms\\\/\"},{\"@type\":\"ListItem\",\"position\":2,\"name\":\"F\u00f6rderung der Horner Freiheit\"}]},{\"@type\":\"WebSite\",\"@id\":\"https:\\\/\\\/www.cdu-fraktion-hamburg-mitte.de\\\/cms\\\/#website\",\"url\":\"https:\\\/\\\/www.cdu-fraktion-hamburg-mitte.de\\\/cms\\\/\",\"name\":\"CDU-Bezirksfraktion Hamburg-Mitte\",\"description\":\"Politik in der Bezirksversammlung Hamburg-Mitte\",\"publisher\":{\"@id\":\"https:\\\/\\\/www.cdu-fraktion-hamburg-mitte.de\\\/cms\\\/#organization\"},\"potentialAction\":[{\"@type\":\"SearchAction\",\"target\":{\"@type\":\"EntryPoint\",\"urlTemplate\":\"https:\\\/\\\/www.cdu-fraktion-hamburg-mitte.de\\\/cms\\\/?s={search_term_string}\"},\"query-input\":{\"@type\":\"PropertyValueSpecification\",\"valueRequired\":true,\"valueName\":\"search_term_string\"}}],\"inLanguage\":\"de\"},{\"@type\":\"Organization\",\"@id\":\"https:\\\/\\\/www.cdu-fraktion-hamburg-mitte.de\\\/cms\\\/#organization\",\"name\":\"CDU-B\u00fcrgerschaftsfraktion Hamburg\",\"url\":\"https:\\\/\\\/www.cdu-fraktion-hamburg-mitte.de\\\/cms\\\/\",\"logo\":{\"@type\":\"ImageObject\",\"inLanguage\":\"de\",\"@id\":\"https:\\\/\\\/www.cdu-fraktion-hamburg-mitte.de\\\/cms\\\/#\\\/schema\\\/logo\\\/image\\\/\",\"url\":\"\",\"contentUrl\":\"\",\"caption\":\"CDU-B\u00fcrgerschaftsfraktion Hamburg\"},\"image\":{\"@id\":\"https:\\\/\\\/www.cdu-fraktion-hamburg-mitte.de\\\/cms\\\/#\\\/schema\\\/logo\\\/image\\\/\"}},{\"@type\":\"Person\",\"@id\":\"https:\\\/\\\/www.cdu-fraktion-hamburg-mitte.de\\\/cms\\\/#\\\/schema\\\/person\\\/2db16dc65b6e4590ac85c22bd6b0d8bd\",\"name\":\"CDU Bezirksfraktion Hamburg-Mitte\",\"image\":{\"@type\":\"ImageObject\",\"inLanguage\":\"de\",\"@id\":\"https:\\\/\\\/www.cdu-fraktion-hamburg-mitte.de\\\/cms\\\/wp-content\\\/uploads\\\/2023\\\/11\\\/CDU-Logo-Avatar-150x150.png\",\"url\":\"https:\\\/\\\/www.cdu-fraktion-hamburg-mitte.de\\\/cms\\\/wp-content\\\/uploads\\\/2023\\\/11\\\/CDU-Logo-Avatar-150x150.png\",\"contentUrl\":\"https:\\\/\\\/www.cdu-fraktion-hamburg-mitte.de\\\/cms\\\/wp-content\\\/uploads\\\/2023\\\/11\\\/CDU-Logo-Avatar-150x150.png\",\"caption\":\"CDU Bezirksfraktion Hamburg-Mitte\"},\"url\":\"https:\\\/\\\/www.cdu-fraktion-hamburg-mitte.de\\\/cms\\\/author\\\/politikwerft\\\/\"}]}<\/script>\n<!-- \/ Yoast SEO plugin. -->","yoast_head_json":{"title":"F\u00f6rderung der Horner Freiheit &#8226; CDU-Bezirksfraktion Hamburg-Mitte","robots":{"index":"index","follow":"follow","max-snippet":"max-snippet:-1","max-image-preview":"max-image-preview:large","max-video-preview":"max-video-preview:-1"},"canonical":"https:\/\/www.cdu-fraktion-hamburg-mitte.de\/cms\/foerderung-der-horner-freiheit\/","og_locale":"de_DE","og_type":"article","og_title":"F\u00f6rderung der Horner Freiheit &#8226; CDU-Bezirksfraktion Hamburg-Mitte","og_description":"Die Bezirkskoalition aus CDU, SPD und FDP sichert die Finanzierung der Horner Freiheit f\u00fcr 2023 in H\u00f6he von 30.000\u20ac. Als lokales Kultur- und Begegnungszentrum im Hamburger Osten leistet die Horner Freiheit mit seinen Angeboten einen wichtigen gesellschaftlichen Beitrag vor Ort. &#8222;Die Horner Freiheit ist zu einem nicht wegzudenkenden Ort der&hellip;","og_url":"https:\/\/www.cdu-fraktion-hamburg-mitte.de\/cms\/foerderung-der-horner-freiheit\/","og_site_name":"CDU-Bezirksfraktion Hamburg-Mitte","article_published_time":"2023-12-07T07:16:24+00:00","og_image":[{"width":1333,"height":1333,"url":"https:\/\/www.cdu-fraktion-hamburg-mitte.de\/cms\/wp-content\/uploads\/2021\/03\/190401_Kacheln-Kandidaten-BOETTCHER-min.jpg","type":"image\/jpeg"}],"author":"CDU Bezirksfraktion Hamburg-Mitte","twitter_card":"summary_large_image","twitter_misc":{"Verfasst von":"CDU Bezirksfraktion Hamburg-Mitte","Gesch\u00e4tzte Lesezeit":"2\u00a0Minuten"},"schema":{"@context":"https:\/\/schema.org","@graph":[{"@type":"Article","@id":"https:\/\/www.cdu-fraktion-hamburg-mitte.de\/cms\/foerderung-der-horner-freiheit\/#article","isPartOf":{"@id":"https:\/\/www.cdu-fraktion-hamburg-mitte.de\/cms\/foerderung-der-horner-freiheit\/"},"author":{"name":"CDU Bezirksfraktion Hamburg-Mitte","@id":"https:\/\/www.cdu-fraktion-hamburg-mitte.de\/cms\/#\/schema\/person\/2db16dc65b6e4590ac85c22bd6b0d8bd"},"headline":"F\u00f6rderung der Horner Freiheit","datePublished":"2023-12-07T07:16:24+00:00","mainEntityOfPage":{"@id":"https:\/\/www.cdu-fraktion-hamburg-mitte.de\/cms\/foerderung-der-horner-freiheit\/"},"wordCount":309,"publisher":{"@id":"https:\/\/www.cdu-fraktion-hamburg-mitte.de\/cms\/#organization"},"image":{"@id":"https:\/\/www.cdu-fraktion-hamburg-mitte.de\/cms\/foerderung-der-horner-freiheit\/#primaryimage"},"thumbnailUrl":"https:\/\/www.cdu-fraktion-hamburg-mitte.de\/cms\/wp-content\/uploads\/2021\/03\/190401_Kacheln-Kandidaten-BOETTCHER-min.jpg","keywords":["Bezirksversammlung","Dr. Gunter B\u00f6ttcher","Horn","Horner Freiheit"],"articleSection":["Pressemitteilungen"],"inLanguage":"de"},{"@type":"WebPage","@id":"https:\/\/www.cdu-fraktion-hamburg-mitte.de\/cms\/foerderung-der-horner-freiheit\/","url":"https:\/\/www.cdu-fraktion-hamburg-mitte.de\/cms\/foerderung-der-horner-freiheit\/","name":"F\u00f6rderung der Horner Freiheit &#8226; CDU-Bezirksfraktion Hamburg-Mitte","isPartOf":{"@id":"https:\/\/www.cdu-fraktion-hamburg-mitte.de\/cms\/#website"},"primaryImageOfPage":{"@id":"https:\/\/www.cdu-fraktion-hamburg-mitte.de\/cms\/foerderung-der-horner-freiheit\/#primaryimage"},"image":{"@id":"https:\/\/www.cdu-fraktion-hamburg-mitte.de\/cms\/foerderung-der-horner-freiheit\/#primaryimage"},"thumbnailUrl":"https:\/\/www.cdu-fraktion-hamburg-mitte.de\/cms\/wp-content\/uploads\/2021\/03\/190401_Kacheln-Kandidaten-BOETTCHER-min.jpg","datePublished":"2023-12-07T07:16:24+00:00","breadcrumb":{"@id":"https:\/\/www.cdu-fraktion-hamburg-mitte.de\/cms\/foerderung-der-horner-freiheit\/#breadcrumb"},"inLanguage":"de","potentialAction":[{"@type":"ReadAction","target":["https:\/\/www.cdu-fraktion-hamburg-mitte.de\/cms\/foerderung-der-horner-freiheit\/"]}]},{"@type":"ImageObject","inLanguage":"de","@id":"https:\/\/www.cdu-fraktion-hamburg-mitte.de\/cms\/foerderung-der-horner-freiheit\/#primaryimage","url":"https:\/\/www.cdu-fraktion-hamburg-mitte.de\/cms\/wp-content\/uploads\/2021\/03\/190401_Kacheln-Kandidaten-BOETTCHER-min.jpg","contentUrl":"https:\/\/www.cdu-fraktion-hamburg-mitte.de\/cms\/wp-content\/uploads\/2021\/03\/190401_Kacheln-Kandidaten-BOETTCHER-min.jpg","width":1333,"height":1333,"caption":"Dr. Gunter B\u00f6ttcher"},{"@type":"BreadcrumbList","@id":"https:\/\/www.cdu-fraktion-hamburg-mitte.de\/cms\/foerderung-der-horner-freiheit\/#breadcrumb","itemListElement":[{"@type":"ListItem","position":1,"name":"Startseite","item":"https:\/\/www.cdu-fraktion-hamburg-mitte.de\/cms\/"},{"@type":"ListItem","position":2,"name":"F\u00f6rderung der Horner Freiheit"}]},{"@type":"WebSite","@id":"https:\/\/www.cdu-fraktion-hamburg-mitte.de\/cms\/#website","url":"https:\/\/www.cdu-fraktion-hamburg-mitte.de\/cms\/","name":"CDU-Bezirksfraktion Hamburg-Mitte","description":"Politik in der Bezirksversammlung Hamburg-Mitte","publisher":{"@id":"https:\/\/www.cdu-fraktion-hamburg-mitte.de\/cms\/#organization"},"potentialAction":[{"@type":"SearchAction","target":{"@type":"EntryPoint","urlTemplate":"https:\/\/www.cdu-fraktion-hamburg-mitte.de\/cms\/?s={search_term_string}"},"query-input":{"@type":"PropertyValueSpecification","valueRequired":true,"valueName":"search_term_string"}}],"inLanguage":"de"},{"@type":"Organization","@id":"https:\/\/www.cdu-fraktion-hamburg-mitte.de\/cms\/#organization","name":"CDU-B\u00fcrgerschaftsfraktion Hamburg","url":"https:\/\/www.cdu-fraktion-hamburg-mitte.de\/cms\/","logo":{"@type":"ImageObject","inLanguage":"de","@id":"https:\/\/www.cdu-fraktion-hamburg-mitte.de\/cms\/#\/schema\/logo\/image\/","url":"","contentUrl":"","caption":"CDU-B\u00fcrgerschaftsfraktion Hamburg"},"image":{"@id":"https:\/\/www.cdu-fraktion-hamburg-mitte.de\/cms\/#\/schema\/logo\/image\/"}},{"@type":"Person","@id":"https:\/\/www.cdu-fraktion-hamburg-mitte.de\/cms\/#\/schema\/person\/2db16dc65b6e4590ac85c22bd6b0d8bd","name":"CDU Bezirksfraktion Hamburg-Mitte","image":{"@type":"ImageObject","inLanguage":"de","@id":"https:\/\/www.cdu-fraktion-hamburg-mitte.de\/cms\/wp-content\/uploads\/2023\/11\/CDU-Logo-Avatar-150x150.png","url":"https:\/\/www.cdu-fraktion-hamburg-mitte.de\/cms\/wp-content\/uploads\/2023\/11\/CDU-Logo-Avatar-150x150.png","contentUrl":"https:\/\/www.cdu-fraktion-hamburg-mitte.de\/cms\/wp-content\/uploads\/2023\/11\/CDU-Logo-Avatar-150x150.png","caption":"CDU Bezirksfraktion Hamburg-Mitte"},"url":"https:\/\/www.cdu-fraktion-hamburg-mitte.de\/cms\/author\/politikwerft\/"}]}},"_links":{"self":[{"href":"https:\/\/www.cdu-fraktion-hamburg-mitte.de\/cms\/wp-json\/wp\/v2\/posts\/13398","targetHints":{"allow":["GET"]}}],"collection":[{"href":"https:\/\/www.cdu-fraktion-hamburg-mitte.de\/cms\/wp-json\/wp\/v2\/posts"}],"about":[{"href":"https:\/\/www.cdu-fraktion-hamburg-mitte.de\/cms\/wp-json\/wp\/v2\/types\/post"}],"author":[{"embeddable":true,"href":"https:\/\/www.cdu-fraktion-hamburg-mitte.de\/cms\/wp-json\/wp\/v2\/users\/1"}],"replies":[{"embeddable":true,"href":"https:\/\/www.cdu-fraktion-hamburg-mitte.de\/cms\/wp-json\/wp\/v2\/comments?post=13398"}],"version-history":[{"count":1,"href":"https:\/\/www.cdu-fraktion-hamburg-mitte.de\/cms\/wp-json\/wp\/v2\/posts\/13398\/revisions"}],"predecessor-version":[{"id":13399,"href":"https:\/\/www.cdu-fraktion-hamburg-mitte.de\/cms\/wp-json\/wp\/v2\/posts\/13398\/revisions\/13399"}],"wp:featuredmedia":[{"embeddable":true,"href":"https:\/\/www.cdu-fraktion-hamburg-mitte.de\/cms\/wp-json\/wp\/v2\/media\/10923"}],"wp:attachment":[{"href":"https:\/\/www.cdu-fraktion-hamburg-mitte.de\/cms\/wp-json\/wp\/v2\/media?parent=13398"}],"wp:term":[{"taxonomy":"category","embeddable":true,"href":"https:\/\/www.cdu-fraktion-hamburg-mitte.de\/cms\/wp-json\/wp\/v2\/categories?post=13398"},{"taxonomy":"post_tag","embeddable":true,"href":"https:\/\/www.cdu-fraktion-hamburg-mitte.de\/cms\/wp-json\/wp\/v2\/tags?post=13398"}],"curies":[{"name":"wp","href":"https:\/\/api.w.org\/{rel}","templated":true}]}}