{"id":13403,"date":"2023-12-18T08:55:49","date_gmt":"2023-12-18T07:55:49","guid":{"rendered":"https:\/\/www.cdu-fraktion-hamburg-mitte.de\/cms\/?p=13403"},"modified":"2024-01-22T09:03:12","modified_gmt":"2024-01-22T08:03:12","slug":"40-000e-fuer-einen-kleinbus-fuer-die-jugendfeuerwehr-in-kirchdorf","status":"publish","type":"post","link":"https:\/\/www.cdu-fraktion-hamburg-mitte.de\/cms\/40-000e-fuer-einen-kleinbus-fuer-die-jugendfeuerwehr-in-kirchdorf\/","title":{"rendered":"40.000\u20ac f\u00fcr einen Kleinbus f\u00fcr die Jugendfeuerwehr in Kirchdorf"},"content":{"rendered":"<p>Die Koalition aus CDU, SPD und FDP in Hamburg-Mitte setzt sich aktiv f\u00fcr die F\u00f6rderung der Jugendarbeit auf der Elbinsel ein. In diesem Zusammenhang wurde ein Vorhaben der Feuerwehr Kirchdorf aufgegriffen, der die Notwendigkeit eines speziellen Kleintransporters f\u00fcr die Jugendarbeit in Fokus nimmt.<\/p>\n<p>Aktuell steht f\u00fcr den Transport der 18 Jugendlichen der Wehr zu verschiedenen Aktivit\u00e4ten nur das &#8222;L\u00f6schfahrzeug 2&#8220; zur Verf\u00fcgung, das jedoch lediglich \u00fcber 8 Sitzpl\u00e4tze verf\u00fcgt. Dies erfordert den zus\u00e4tzlichen Einsatz privater Fahrzeuge oder sogar die Au\u00dferbetriebnahme des &#8222;L\u00f6schfahrzeugs 1&#8220;, was wiederum die Sicherheit in Wilhelmsburg beeintr\u00e4chtigen w\u00fcrde.<\/p>\n<p>Die Bezirkskoalition unterst\u00fctzt die freiwillige Feuerwehr Kirchdorf und sieht die dringende Notwendigkeit, ein Fahrzeug mit 9 Sitzpl\u00e4tzen und ausreichend Stauraum anzuschaffen. Dieser Kleintransporter soll vom F\u00f6rderverein der Freiwilligen Feuerwehr Kirchdorf betrieben werden, um die ehrenamtliche Arbeit zu unterst\u00fctzen und den Jugendlichen eine sichere und angemessene Transportm\u00f6glichkeit zu bieten.<\/p>\n<p><strong>Roland Hoitz, regionalpolitischer Sprecher der CDU-Fraktion in Hamburg-Mitte f\u00fcr Wilhelmsburg:<\/strong> <em>&#8222;Die Feuerwehr in Kirchdorf zu unterst\u00fctzen, freut uns sehr. Wir setzen uns gemeinsam daf\u00fcr ein, dass die Freiwillige Feuerwehr Kirchdorf die notwendigen Mittel erh\u00e4lt, um ihre wichtige Arbeit mit den Jugendlichen fortzusetzen und leisten damit unseren Beitrag.&#8220;<\/em><\/p>\n<p>Im Jahr 2018 gr\u00fcndete die freiwillige Feuerwehr Kirchdorf eine Jugendfeuerwehr, die nicht nur lokal, sondern auf der gesamten Elbinsel aktiv ist. Die engagierte Jugendarbeit der Feuerwehr tr\u00e4gt nicht nur dazu bei, den Zusammenhalt in Kirchdorf zu st\u00e4rken, sondern hat auch positive Auswirkungen auf die Rekrutierung neuer Mitglieder f\u00fcr die Einsatzabteilungen der Freiwilligen Feuerwehren auf der Elbinsel.<\/p>\n","protected":false},"excerpt":{"rendered":"<p>Die Koalition aus CDU, SPD und FDP in Hamburg-Mitte setzt sich aktiv f\u00fcr die F\u00f6rderung der Jugendarbeit auf der Elbinsel ein. In diesem Zusammenhang wurde ein Vorhaben der Feuerwehr Kirchdorf aufgegriffen, der die Notwendigkeit eines speziellen Kleintransporters f\u00fcr die Jugendarbeit in Fokus nimmt. Aktuell steht f\u00fcr den Transport der 18&hellip;<\/p>\n","protected":false},"author":1,"featured_media":10931,"comment_status":"closed","ping_status":"closed","sticky":false,"template":"","format":"standard","meta":{"inline_featured_image":false,"footnotes":""},"categories":[82],"tags":[905,904,522],"class_list":["post-13403","post","type-post","status-publish","format-standard","has-post-thumbnail","hentry","category-pressemitteilung","tag-feuerwehr-kirchdorf","tag-jugendfeuerwehr-kirchdorf","tag-roland-hoitz"],"yoast_head":"<!-- This site is optimized with the Yoast SEO plugin v27.5 - https:\/\/yoast.com\/product\/yoast-seo-wordpress\/ -->\n<title>40.000\u20ac f\u00fcr einen Kleinbus f\u00fcr die Jugendfeuerwehr in Kirchdorf &#8226; CDU-Bezirksfraktion Hamburg-Mitte<\/title>\n<meta name=\"robots\" content=\"index, follow, max-snippet:-1, max-image-preview:large, max-video-preview:-1\" \/>\n<link rel=\"canonical\" href=\"https:\/\/www.cdu-fraktion-hamburg-mitte.de\/cms\/40-000e-fuer-einen-kleinbus-fuer-die-jugendfeuerwehr-in-kirchdorf\/\" \/>\n<meta property=\"og:locale\" content=\"de_DE\" \/>\n<meta property=\"og:type\" content=\"article\" \/>\n<meta property=\"og:title\" content=\"40.000\u20ac f\u00fcr einen Kleinbus f\u00fcr die Jugendfeuerwehr in Kirchdorf &#8226; CDU-Bezirksfraktion Hamburg-Mitte\" \/>\n<meta property=\"og:description\" content=\"Die Koalition aus CDU, SPD und FDP in Hamburg-Mitte setzt sich aktiv f\u00fcr die F\u00f6rderung der Jugendarbeit auf der Elbinsel ein. In diesem Zusammenhang wurde ein Vorhaben der Feuerwehr Kirchdorf aufgegriffen, der die Notwendigkeit eines speziellen Kleintransporters f\u00fcr die Jugendarbeit in Fokus nimmt. Aktuell steht f\u00fcr den Transport der 18&hellip;\" \/>\n<meta property=\"og:url\" content=\"https:\/\/www.cdu-fraktion-hamburg-mitte.de\/cms\/40-000e-fuer-einen-kleinbus-fuer-die-jugendfeuerwehr-in-kirchdorf\/\" \/>\n<meta property=\"og:site_name\" content=\"CDU-Bezirksfraktion Hamburg-Mitte\" \/>\n<meta property=\"article:published_time\" content=\"2023-12-18T07:55:49+00:00\" \/>\n<meta property=\"article:modified_time\" content=\"2024-01-22T08:03:12+00:00\" \/>\n<meta property=\"og:image\" content=\"https:\/\/www.cdu-fraktion-hamburg-mitte.de\/cms\/wp-content\/uploads\/2021\/03\/190401_Kacheln-Kandidaten-HOITZ-min.jpg\" \/>\n\t<meta property=\"og:image:width\" content=\"1333\" \/>\n\t<meta property=\"og:image:height\" content=\"1333\" \/>\n\t<meta property=\"og:image:type\" content=\"image\/jpeg\" \/>\n<meta name=\"author\" content=\"CDU Bezirksfraktion Hamburg-Mitte\" \/>\n<meta name=\"twitter:card\" content=\"summary_large_image\" \/>\n<meta name=\"twitter:label1\" content=\"Verfasst von\" \/>\n\t<meta name=\"twitter:data1\" content=\"CDU Bezirksfraktion Hamburg-Mitte\" \/>\n\t<meta name=\"twitter:label2\" content=\"Gesch\u00e4tzte Lesezeit\" \/>\n\t<meta name=\"twitter:data2\" content=\"2\u00a0Minuten\" \/>\n<script type=\"application\/ld+json\" class=\"yoast-schema-graph\">{\"@context\":\"https:\\\/\\\/schema.org\",\"@graph\":[{\"@type\":\"Article\",\"@id\":\"https:\\\/\\\/www.cdu-fraktion-hamburg-mitte.de\\\/cms\\\/40-000e-fuer-einen-kleinbus-fuer-die-jugendfeuerwehr-in-kirchdorf\\\/#article\",\"isPartOf\":{\"@id\":\"https:\\\/\\\/www.cdu-fraktion-hamburg-mitte.de\\\/cms\\\/40-000e-fuer-einen-kleinbus-fuer-die-jugendfeuerwehr-in-kirchdorf\\\/\"},\"author\":{\"name\":\"CDU Bezirksfraktion Hamburg-Mitte\",\"@id\":\"https:\\\/\\\/www.cdu-fraktion-hamburg-mitte.de\\\/cms\\\/#\\\/schema\\\/person\\\/2db16dc65b6e4590ac85c22bd6b0d8bd\"},\"headline\":\"40.000\u20ac f\u00fcr einen Kleinbus f\u00fcr die Jugendfeuerwehr in Kirchdorf\",\"datePublished\":\"2023-12-18T07:55:49+00:00\",\"dateModified\":\"2024-01-22T08:03:12+00:00\",\"mainEntityOfPage\":{\"@id\":\"https:\\\/\\\/www.cdu-fraktion-hamburg-mitte.de\\\/cms\\\/40-000e-fuer-einen-kleinbus-fuer-die-jugendfeuerwehr-in-kirchdorf\\\/\"},\"wordCount\":273,\"publisher\":{\"@id\":\"https:\\\/\\\/www.cdu-fraktion-hamburg-mitte.de\\\/cms\\\/#organization\"},\"image\":{\"@id\":\"https:\\\/\\\/www.cdu-fraktion-hamburg-mitte.de\\\/cms\\\/40-000e-fuer-einen-kleinbus-fuer-die-jugendfeuerwehr-in-kirchdorf\\\/#primaryimage\"},\"thumbnailUrl\":\"https:\\\/\\\/www.cdu-fraktion-hamburg-mitte.de\\\/cms\\\/wp-content\\\/uploads\\\/2021\\\/03\\\/190401_Kacheln-Kandidaten-HOITZ-min.jpg\",\"keywords\":[\"Feuerwehr Kirchdorf\",\"Jugendfeuerwehr Kirchdorf\",\"Roland Hoitz\"],\"articleSection\":[\"Pressemitteilungen\"],\"inLanguage\":\"de\"},{\"@type\":\"WebPage\",\"@id\":\"https:\\\/\\\/www.cdu-fraktion-hamburg-mitte.de\\\/cms\\\/40-000e-fuer-einen-kleinbus-fuer-die-jugendfeuerwehr-in-kirchdorf\\\/\",\"url\":\"https:\\\/\\\/www.cdu-fraktion-hamburg-mitte.de\\\/cms\\\/40-000e-fuer-einen-kleinbus-fuer-die-jugendfeuerwehr-in-kirchdorf\\\/\",\"name\":\"40.000\u20ac f\u00fcr einen Kleinbus f\u00fcr die Jugendfeuerwehr in Kirchdorf &#8226; CDU-Bezirksfraktion Hamburg-Mitte\",\"isPartOf\":{\"@id\":\"https:\\\/\\\/www.cdu-fraktion-hamburg-mitte.de\\\/cms\\\/#website\"},\"primaryImageOfPage\":{\"@id\":\"https:\\\/\\\/www.cdu-fraktion-hamburg-mitte.de\\\/cms\\\/40-000e-fuer-einen-kleinbus-fuer-die-jugendfeuerwehr-in-kirchdorf\\\/#primaryimage\"},\"image\":{\"@id\":\"https:\\\/\\\/www.cdu-fraktion-hamburg-mitte.de\\\/cms\\\/40-000e-fuer-einen-kleinbus-fuer-die-jugendfeuerwehr-in-kirchdorf\\\/#primaryimage\"},\"thumbnailUrl\":\"https:\\\/\\\/www.cdu-fraktion-hamburg-mitte.de\\\/cms\\\/wp-content\\\/uploads\\\/2021\\\/03\\\/190401_Kacheln-Kandidaten-HOITZ-min.jpg\",\"datePublished\":\"2023-12-18T07:55:49+00:00\",\"dateModified\":\"2024-01-22T08:03:12+00:00\",\"breadcrumb\":{\"@id\":\"https:\\\/\\\/www.cdu-fraktion-hamburg-mitte.de\\\/cms\\\/40-000e-fuer-einen-kleinbus-fuer-die-jugendfeuerwehr-in-kirchdorf\\\/#breadcrumb\"},\"inLanguage\":\"de\",\"potentialAction\":[{\"@type\":\"ReadAction\",\"target\":[\"https:\\\/\\\/www.cdu-fraktion-hamburg-mitte.de\\\/cms\\\/40-000e-fuer-einen-kleinbus-fuer-die-jugendfeuerwehr-in-kirchdorf\\\/\"]}]},{\"@type\":\"ImageObject\",\"inLanguage\":\"de\",\"@id\":\"https:\\\/\\\/www.cdu-fraktion-hamburg-mitte.de\\\/cms\\\/40-000e-fuer-einen-kleinbus-fuer-die-jugendfeuerwehr-in-kirchdorf\\\/#primaryimage\",\"url\":\"https:\\\/\\\/www.cdu-fraktion-hamburg-mitte.de\\\/cms\\\/wp-content\\\/uploads\\\/2021\\\/03\\\/190401_Kacheln-Kandidaten-HOITZ-min.jpg\",\"contentUrl\":\"https:\\\/\\\/www.cdu-fraktion-hamburg-mitte.de\\\/cms\\\/wp-content\\\/uploads\\\/2021\\\/03\\\/190401_Kacheln-Kandidaten-HOITZ-min.jpg\",\"width\":1333,\"height\":1333,\"caption\":\"Roland Hoitz\"},{\"@type\":\"BreadcrumbList\",\"@id\":\"https:\\\/\\\/www.cdu-fraktion-hamburg-mitte.de\\\/cms\\\/40-000e-fuer-einen-kleinbus-fuer-die-jugendfeuerwehr-in-kirchdorf\\\/#breadcrumb\",\"itemListElement\":[{\"@type\":\"ListItem\",\"position\":1,\"name\":\"Startseite\",\"item\":\"https:\\\/\\\/www.cdu-fraktion-hamburg-mitte.de\\\/cms\\\/\"},{\"@type\":\"ListItem\",\"position\":2,\"name\":\"40.000\u20ac f\u00fcr einen Kleinbus f\u00fcr die Jugendfeuerwehr in Kirchdorf\"}]},{\"@type\":\"WebSite\",\"@id\":\"https:\\\/\\\/www.cdu-fraktion-hamburg-mitte.de\\\/cms\\\/#website\",\"url\":\"https:\\\/\\\/www.cdu-fraktion-hamburg-mitte.de\\\/cms\\\/\",\"name\":\"CDU-Bezirksfraktion Hamburg-Mitte\",\"description\":\"Politik in der Bezirksversammlung Hamburg-Mitte\",\"publisher\":{\"@id\":\"https:\\\/\\\/www.cdu-fraktion-hamburg-mitte.de\\\/cms\\\/#organization\"},\"potentialAction\":[{\"@type\":\"SearchAction\",\"target\":{\"@type\":\"EntryPoint\",\"urlTemplate\":\"https:\\\/\\\/www.cdu-fraktion-hamburg-mitte.de\\\/cms\\\/?s={search_term_string}\"},\"query-input\":{\"@type\":\"PropertyValueSpecification\",\"valueRequired\":true,\"valueName\":\"search_term_string\"}}],\"inLanguage\":\"de\"},{\"@type\":\"Organization\",\"@id\":\"https:\\\/\\\/www.cdu-fraktion-hamburg-mitte.de\\\/cms\\\/#organization\",\"name\":\"CDU-B\u00fcrgerschaftsfraktion Hamburg\",\"url\":\"https:\\\/\\\/www.cdu-fraktion-hamburg-mitte.de\\\/cms\\\/\",\"logo\":{\"@type\":\"ImageObject\",\"inLanguage\":\"de\",\"@id\":\"https:\\\/\\\/www.cdu-fraktion-hamburg-mitte.de\\\/cms\\\/#\\\/schema\\\/logo\\\/image\\\/\",\"url\":\"\",\"contentUrl\":\"\",\"caption\":\"CDU-B\u00fcrgerschaftsfraktion Hamburg\"},\"image\":{\"@id\":\"https:\\\/\\\/www.cdu-fraktion-hamburg-mitte.de\\\/cms\\\/#\\\/schema\\\/logo\\\/image\\\/\"}},{\"@type\":\"Person\",\"@id\":\"https:\\\/\\\/www.cdu-fraktion-hamburg-mitte.de\\\/cms\\\/#\\\/schema\\\/person\\\/2db16dc65b6e4590ac85c22bd6b0d8bd\",\"name\":\"CDU Bezirksfraktion Hamburg-Mitte\",\"image\":{\"@type\":\"ImageObject\",\"inLanguage\":\"de\",\"@id\":\"https:\\\/\\\/www.cdu-fraktion-hamburg-mitte.de\\\/cms\\\/wp-content\\\/uploads\\\/2023\\\/11\\\/CDU-Logo-Avatar-150x150.png\",\"url\":\"https:\\\/\\\/www.cdu-fraktion-hamburg-mitte.de\\\/cms\\\/wp-content\\\/uploads\\\/2023\\\/11\\\/CDU-Logo-Avatar-150x150.png\",\"contentUrl\":\"https:\\\/\\\/www.cdu-fraktion-hamburg-mitte.de\\\/cms\\\/wp-content\\\/uploads\\\/2023\\\/11\\\/CDU-Logo-Avatar-150x150.png\",\"caption\":\"CDU Bezirksfraktion Hamburg-Mitte\"},\"url\":\"https:\\\/\\\/www.cdu-fraktion-hamburg-mitte.de\\\/cms\\\/author\\\/politikwerft\\\/\"}]}<\/script>\n<!-- \/ Yoast SEO plugin. -->","yoast_head_json":{"title":"40.000\u20ac f\u00fcr einen Kleinbus f\u00fcr die Jugendfeuerwehr in Kirchdorf &#8226; CDU-Bezirksfraktion Hamburg-Mitte","robots":{"index":"index","follow":"follow","max-snippet":"max-snippet:-1","max-image-preview":"max-image-preview:large","max-video-preview":"max-video-preview:-1"},"canonical":"https:\/\/www.cdu-fraktion-hamburg-mitte.de\/cms\/40-000e-fuer-einen-kleinbus-fuer-die-jugendfeuerwehr-in-kirchdorf\/","og_locale":"de_DE","og_type":"article","og_title":"40.000\u20ac f\u00fcr einen Kleinbus f\u00fcr die Jugendfeuerwehr in Kirchdorf &#8226; CDU-Bezirksfraktion Hamburg-Mitte","og_description":"Die Koalition aus CDU, SPD und FDP in Hamburg-Mitte setzt sich aktiv f\u00fcr die F\u00f6rderung der Jugendarbeit auf der Elbinsel ein. In diesem Zusammenhang wurde ein Vorhaben der Feuerwehr Kirchdorf aufgegriffen, der die Notwendigkeit eines speziellen Kleintransporters f\u00fcr die Jugendarbeit in Fokus nimmt. Aktuell steht f\u00fcr den Transport der 18&hellip;","og_url":"https:\/\/www.cdu-fraktion-hamburg-mitte.de\/cms\/40-000e-fuer-einen-kleinbus-fuer-die-jugendfeuerwehr-in-kirchdorf\/","og_site_name":"CDU-Bezirksfraktion Hamburg-Mitte","article_published_time":"2023-12-18T07:55:49+00:00","article_modified_time":"2024-01-22T08:03:12+00:00","og_image":[{"width":1333,"height":1333,"url":"https:\/\/www.cdu-fraktion-hamburg-mitte.de\/cms\/wp-content\/uploads\/2021\/03\/190401_Kacheln-Kandidaten-HOITZ-min.jpg","type":"image\/jpeg"}],"author":"CDU Bezirksfraktion Hamburg-Mitte","twitter_card":"summary_large_image","twitter_misc":{"Verfasst von":"CDU Bezirksfraktion Hamburg-Mitte","Gesch\u00e4tzte Lesezeit":"2\u00a0Minuten"},"schema":{"@context":"https:\/\/schema.org","@graph":[{"@type":"Article","@id":"https:\/\/www.cdu-fraktion-hamburg-mitte.de\/cms\/40-000e-fuer-einen-kleinbus-fuer-die-jugendfeuerwehr-in-kirchdorf\/#article","isPartOf":{"@id":"https:\/\/www.cdu-fraktion-hamburg-mitte.de\/cms\/40-000e-fuer-einen-kleinbus-fuer-die-jugendfeuerwehr-in-kirchdorf\/"},"author":{"name":"CDU Bezirksfraktion Hamburg-Mitte","@id":"https:\/\/www.cdu-fraktion-hamburg-mitte.de\/cms\/#\/schema\/person\/2db16dc65b6e4590ac85c22bd6b0d8bd"},"headline":"40.000\u20ac f\u00fcr einen Kleinbus f\u00fcr die Jugendfeuerwehr in Kirchdorf","datePublished":"2023-12-18T07:55:49+00:00","dateModified":"2024-01-22T08:03:12+00:00","mainEntityOfPage":{"@id":"https:\/\/www.cdu-fraktion-hamburg-mitte.de\/cms\/40-000e-fuer-einen-kleinbus-fuer-die-jugendfeuerwehr-in-kirchdorf\/"},"wordCount":273,"publisher":{"@id":"https:\/\/www.cdu-fraktion-hamburg-mitte.de\/cms\/#organization"},"image":{"@id":"https:\/\/www.cdu-fraktion-hamburg-mitte.de\/cms\/40-000e-fuer-einen-kleinbus-fuer-die-jugendfeuerwehr-in-kirchdorf\/#primaryimage"},"thumbnailUrl":"https:\/\/www.cdu-fraktion-hamburg-mitte.de\/cms\/wp-content\/uploads\/2021\/03\/190401_Kacheln-Kandidaten-HOITZ-min.jpg","keywords":["Feuerwehr Kirchdorf","Jugendfeuerwehr Kirchdorf","Roland Hoitz"],"articleSection":["Pressemitteilungen"],"inLanguage":"de"},{"@type":"WebPage","@id":"https:\/\/www.cdu-fraktion-hamburg-mitte.de\/cms\/40-000e-fuer-einen-kleinbus-fuer-die-jugendfeuerwehr-in-kirchdorf\/","url":"https:\/\/www.cdu-fraktion-hamburg-mitte.de\/cms\/40-000e-fuer-einen-kleinbus-fuer-die-jugendfeuerwehr-in-kirchdorf\/","name":"40.000\u20ac f\u00fcr einen Kleinbus f\u00fcr die Jugendfeuerwehr in Kirchdorf &#8226; CDU-Bezirksfraktion Hamburg-Mitte","isPartOf":{"@id":"https:\/\/www.cdu-fraktion-hamburg-mitte.de\/cms\/#website"},"primaryImageOfPage":{"@id":"https:\/\/www.cdu-fraktion-hamburg-mitte.de\/cms\/40-000e-fuer-einen-kleinbus-fuer-die-jugendfeuerwehr-in-kirchdorf\/#primaryimage"},"image":{"@id":"https:\/\/www.cdu-fraktion-hamburg-mitte.de\/cms\/40-000e-fuer-einen-kleinbus-fuer-die-jugendfeuerwehr-in-kirchdorf\/#primaryimage"},"thumbnailUrl":"https:\/\/www.cdu-fraktion-hamburg-mitte.de\/cms\/wp-content\/uploads\/2021\/03\/190401_Kacheln-Kandidaten-HOITZ-min.jpg","datePublished":"2023-12-18T07:55:49+00:00","dateModified":"2024-01-22T08:03:12+00:00","breadcrumb":{"@id":"https:\/\/www.cdu-fraktion-hamburg-mitte.de\/cms\/40-000e-fuer-einen-kleinbus-fuer-die-jugendfeuerwehr-in-kirchdorf\/#breadcrumb"},"inLanguage":"de","potentialAction":[{"@type":"ReadAction","target":["https:\/\/www.cdu-fraktion-hamburg-mitte.de\/cms\/40-000e-fuer-einen-kleinbus-fuer-die-jugendfeuerwehr-in-kirchdorf\/"]}]},{"@type":"ImageObject","inLanguage":"de","@id":"https:\/\/www.cdu-fraktion-hamburg-mitte.de\/cms\/40-000e-fuer-einen-kleinbus-fuer-die-jugendfeuerwehr-in-kirchdorf\/#primaryimage","url":"https:\/\/www.cdu-fraktion-hamburg-mitte.de\/cms\/wp-content\/uploads\/2021\/03\/190401_Kacheln-Kandidaten-HOITZ-min.jpg","contentUrl":"https:\/\/www.cdu-fraktion-hamburg-mitte.de\/cms\/wp-content\/uploads\/2021\/03\/190401_Kacheln-Kandidaten-HOITZ-min.jpg","width":1333,"height":1333,"caption":"Roland Hoitz"},{"@type":"BreadcrumbList","@id":"https:\/\/www.cdu-fraktion-hamburg-mitte.de\/cms\/40-000e-fuer-einen-kleinbus-fuer-die-jugendfeuerwehr-in-kirchdorf\/#breadcrumb","itemListElement":[{"@type":"ListItem","position":1,"name":"Startseite","item":"https:\/\/www.cdu-fraktion-hamburg-mitte.de\/cms\/"},{"@type":"ListItem","position":2,"name":"40.000\u20ac f\u00fcr einen Kleinbus f\u00fcr die Jugendfeuerwehr in Kirchdorf"}]},{"@type":"WebSite","@id":"https:\/\/www.cdu-fraktion-hamburg-mitte.de\/cms\/#website","url":"https:\/\/www.cdu-fraktion-hamburg-mitte.de\/cms\/","name":"CDU-Bezirksfraktion Hamburg-Mitte","description":"Politik in der Bezirksversammlung Hamburg-Mitte","publisher":{"@id":"https:\/\/www.cdu-fraktion-hamburg-mitte.de\/cms\/#organization"},"potentialAction":[{"@type":"SearchAction","target":{"@type":"EntryPoint","urlTemplate":"https:\/\/www.cdu-fraktion-hamburg-mitte.de\/cms\/?s={search_term_string}"},"query-input":{"@type":"PropertyValueSpecification","valueRequired":true,"valueName":"search_term_string"}}],"inLanguage":"de"},{"@type":"Organization","@id":"https:\/\/www.cdu-fraktion-hamburg-mitte.de\/cms\/#organization","name":"CDU-B\u00fcrgerschaftsfraktion Hamburg","url":"https:\/\/www.cdu-fraktion-hamburg-mitte.de\/cms\/","logo":{"@type":"ImageObject","inLanguage":"de","@id":"https:\/\/www.cdu-fraktion-hamburg-mitte.de\/cms\/#\/schema\/logo\/image\/","url":"","contentUrl":"","caption":"CDU-B\u00fcrgerschaftsfraktion Hamburg"},"image":{"@id":"https:\/\/www.cdu-fraktion-hamburg-mitte.de\/cms\/#\/schema\/logo\/image\/"}},{"@type":"Person","@id":"https:\/\/www.cdu-fraktion-hamburg-mitte.de\/cms\/#\/schema\/person\/2db16dc65b6e4590ac85c22bd6b0d8bd","name":"CDU Bezirksfraktion Hamburg-Mitte","image":{"@type":"ImageObject","inLanguage":"de","@id":"https:\/\/www.cdu-fraktion-hamburg-mitte.de\/cms\/wp-content\/uploads\/2023\/11\/CDU-Logo-Avatar-150x150.png","url":"https:\/\/www.cdu-fraktion-hamburg-mitte.de\/cms\/wp-content\/uploads\/2023\/11\/CDU-Logo-Avatar-150x150.png","contentUrl":"https:\/\/www.cdu-fraktion-hamburg-mitte.de\/cms\/wp-content\/uploads\/2023\/11\/CDU-Logo-Avatar-150x150.png","caption":"CDU Bezirksfraktion Hamburg-Mitte"},"url":"https:\/\/www.cdu-fraktion-hamburg-mitte.de\/cms\/author\/politikwerft\/"}]}},"_links":{"self":[{"href":"https:\/\/www.cdu-fraktion-hamburg-mitte.de\/cms\/wp-json\/wp\/v2\/posts\/13403","targetHints":{"allow":["GET"]}}],"collection":[{"href":"https:\/\/www.cdu-fraktion-hamburg-mitte.de\/cms\/wp-json\/wp\/v2\/posts"}],"about":[{"href":"https:\/\/www.cdu-fraktion-hamburg-mitte.de\/cms\/wp-json\/wp\/v2\/types\/post"}],"author":[{"embeddable":true,"href":"https:\/\/www.cdu-fraktion-hamburg-mitte.de\/cms\/wp-json\/wp\/v2\/users\/1"}],"replies":[{"embeddable":true,"href":"https:\/\/www.cdu-fraktion-hamburg-mitte.de\/cms\/wp-json\/wp\/v2\/comments?post=13403"}],"version-history":[{"count":1,"href":"https:\/\/www.cdu-fraktion-hamburg-mitte.de\/cms\/wp-json\/wp\/v2\/posts\/13403\/revisions"}],"predecessor-version":[{"id":13404,"href":"https:\/\/www.cdu-fraktion-hamburg-mitte.de\/cms\/wp-json\/wp\/v2\/posts\/13403\/revisions\/13404"}],"wp:featuredmedia":[{"embeddable":true,"href":"https:\/\/www.cdu-fraktion-hamburg-mitte.de\/cms\/wp-json\/wp\/v2\/media\/10931"}],"wp:attachment":[{"href":"https:\/\/www.cdu-fraktion-hamburg-mitte.de\/cms\/wp-json\/wp\/v2\/media?parent=13403"}],"wp:term":[{"taxonomy":"category","embeddable":true,"href":"https:\/\/www.cdu-fraktion-hamburg-mitte.de\/cms\/wp-json\/wp\/v2\/categories?post=13403"},{"taxonomy":"post_tag","embeddable":true,"href":"https:\/\/www.cdu-fraktion-hamburg-mitte.de\/cms\/wp-json\/wp\/v2\/tags?post=13403"}],"curies":[{"name":"wp","href":"https:\/\/api.w.org\/{rel}","templated":true}]}}