{"id":13900,"date":"2025-04-16T08:14:58","date_gmt":"2025-04-16T06:14:58","guid":{"rendered":"https:\/\/www.cdu-fraktion-hamburg-mitte.de\/cms\/?p=13900"},"modified":"2025-04-16T08:14:58","modified_gmt":"2025-04-16T06:14:58","slug":"koalitionsverhandlungen-von-cdu-spd-und-fdp-mit-volt-in-hamburg-mitte-gescheitert","status":"publish","type":"post","link":"https:\/\/www.cdu-fraktion-hamburg-mitte.de\/cms\/koalitionsverhandlungen-von-cdu-spd-und-fdp-mit-volt-in-hamburg-mitte-gescheitert\/","title":{"rendered":"Koalitionsverhandlungen von CDU, SPD und FDP mit Volt in Hamburg-Mitte gescheitert"},"content":{"rendered":"<p>Nach den Wahlergebnissen zur Bezirksversammlung am 09. Juni 2024 blieb die Frage nach m\u00f6glichen Koalitionen im Bezirk Hamburg-Mitte bis heute offen.<\/p>\n<p>Das endg\u00fcltige Wahlergebnis brachte f\u00fcr: SPD 28,5 % (+ 1,4% gg\u00fc. der Wahl 2019 | 14 Mandate), CDU 15,6 % (plus 3,5 % | 8 Mandate), FDP 4,8 % (2 Mandate), DIE LINKE 14,8 % (minus 0,8 % | 8 Mandate), GR\u00dcNE 21,0 % (minus 8,3 % | 11 Mandate), AfD 10,2 % (plus 2,5 % | 5 Mandate) und die Volt 5,1 % (3 Mandate).<\/p>\n<p>In der letzten Woche hat die Volt-Partei offiziell beschlossen, keine Koalition mit der CDU eingehen zu wollen. Zur Absage von Volt erkl\u00e4rt der <strong>Kreisvorsitzende der CDU Hamburg-Mitte und Bundestagsabgeordnete<\/strong> <strong>Christoph de Vries<\/strong>:<br \/>\n&#8222;Ich bedaure sehr, dass die pragmatische, konstruktive und erfolgreiche Arbeit der Deutschland-Koalition im Bezirk Hamburg-Mitte nicht in erweiterter Formation fortgesetzt werden kann, obwohl sich CDU, SPD und FDP monatelang intensiv um eine verl\u00e4ssliche Zusammenarbeit mit Volt bem\u00fcht haben. Dies ist umso bedauerlicher, weil sowohl CDU als auch SPD bei der zur\u00fcckliegenden Bezirkswahl an Stimmen und Mandaten zugelegt haben. F\u00fcr den destruktiven Ansatz und die mangelnde Bereitschaft von Volt, Kompromisse zu schlie\u00dfen und gemeinsam nach L\u00f6sungen zu suchen, fehlt uns Christdemokraten jedes Verst\u00e4ndnis. Das gilt auch f\u00fcr die Absage an eine Koalition w\u00e4hrend laufender Gespr\u00e4che. Nach der Absage von Volt an eine Koalition in Hamburg-Nord und Hamburg-Mitte ist mir schleierhaft, welchen politischen Gestaltungsanspruch<br \/>\ndiese Partei hat. F\u00fcr Hamburg-Mitte bedeutet diese Absage nichts Gutes, weil CDU Kreisgesch\u00e4ftsstelle nun ein Linksb\u00fcndnis mit den Gr\u00fcnen droht. Wir bedanken uns f\u00fcr die au\u00dferordentlich vertrauensvolle Zusammenarbeit bei SPD und FDP und werden unsere Arbeit als b\u00fcrgerliche Kraft in der Bezirksversammlung engagiert und sichtbar fortsetzen.&#8220;<\/p>\n<p>Zur Absage der Volt Partei erkl\u00e4rt der <strong>Fraktionsvorsitzende der CDU-Bezirksfraktion Hamburg-Mitte, Dr. Gunter B\u00f6ttcher<\/strong>:<br \/>\n\u201eWir bedauern sehr, dass Volt die Sondierungsgespr\u00e4che hat platzen lassen. Wir hatten zwei \u201egro\u00dfe\u201c Gespr\u00e4chsrunden, die SPD hat versucht, mit Volt auch bilateral zu konkreten Themen zu sondieren. Bedauerlicherweise hat Volt sich nicht bereit erkl\u00e4rt, zu den wichtigen kommunalpolitischen Themen in Hamburg-Mitte mit der CDU direkt zu sprechen, diverse Gespr\u00e4chsangebote wurden leider nicht angenommen. Die CDU Hamburg-Mitte ist wie in der letzten Legislatur auch, wieder bereit, Verantwortung f\u00fcr eine zukunftsorientierte und dabei nachhaltige Entwicklung des Bezirks zu \u00fcbernehmen und daf\u00fcr auch die f\u00fcr Koalitionsverhandlungen n\u00f6tigen Kompromisse einzugehen. Volt hat eine wichtige Chance vertan, den Bezirk Hamburg-Mitte gemeinsam zu gestalten.<br \/>\nVolt hat deutlich gemacht, dass es ihnen keineswegs um einen Kompromiss oder gute Politik f\u00fcr die B\u00fcrgerinnen und B\u00fcrger in Hamburg-Mitte ging. Sie haben inhaltlich nicht einmal nach einem konkreten Grund gesucht, die bisherige erfolgreiche Koalition in Mitte aus SPD, CDU und FDP nicht zu unterst\u00fctzen und scheitern zu lassen. Denn \u00fcber konkrete inhaltlich kritische Punkte hat Volt nie mit der CDU gesprochen. So sehr wir bedauern, dass es nun zu keiner Koalition mit der CDU kommen wird, ist f\u00fcr uns aber auch klar: Macht um jeden Preis war und ist nicht Leitlinie unseres Handelns. Und f\u00fcr eine Zusammenarbeit bedarf es verl\u00e4sslicher, glaubw\u00fcrdiger und ehrlicher Partner.\u201c<\/p>\n","protected":false},"excerpt":{"rendered":"<p>Nach den Wahlergebnissen zur Bezirksversammlung am 09. Juni 2024 blieb die Frage nach m\u00f6glichen Koalitionen im Bezirk Hamburg-Mitte bis heute offen. Das endg\u00fcltige Wahlergebnis brachte f\u00fcr: SPD 28,5 % (+ 1,4% gg\u00fc. der Wahl 2019 | 14 Mandate), CDU 15,6 % (plus 3,5 % | 8 Mandate), FDP 4,8 %&hellip;<\/p>\n","protected":false},"author":45,"featured_media":13465,"comment_status":"closed","ping_status":"closed","sticky":false,"template":"","format":"standard","meta":{"inline_featured_image":false,"footnotes":""},"categories":[82],"tags":[632,934,521,927,933,932],"class_list":["post-13900","post","type-post","status-publish","format-standard","has-post-thumbnail","hentry","category-pressemitteilung","tag-bezirksversammlung","tag-christoph-de-vries","tag-dr-gunter-boettcher","tag-hamburg-mitte","tag-koalition","tag-koalitionsverhandlungen"],"yoast_head":"<!-- This site is optimized with the Yoast SEO plugin v27.5 - https:\/\/yoast.com\/product\/yoast-seo-wordpress\/ -->\n<title>Koalitionsverhandlungen von CDU, SPD und FDP mit Volt in Hamburg-Mitte gescheitert &#8226; CDU-Bezirksfraktion Hamburg-Mitte<\/title>\n<meta name=\"robots\" content=\"index, follow, max-snippet:-1, max-image-preview:large, max-video-preview:-1\" \/>\n<link rel=\"canonical\" href=\"https:\/\/www.cdu-fraktion-hamburg-mitte.de\/cms\/koalitionsverhandlungen-von-cdu-spd-und-fdp-mit-volt-in-hamburg-mitte-gescheitert\/\" \/>\n<meta property=\"og:locale\" content=\"de_DE\" \/>\n<meta property=\"og:type\" content=\"article\" \/>\n<meta property=\"og:title\" content=\"Koalitionsverhandlungen von CDU, SPD und FDP mit Volt in Hamburg-Mitte gescheitert &#8226; CDU-Bezirksfraktion Hamburg-Mitte\" \/>\n<meta property=\"og:description\" content=\"Nach den Wahlergebnissen zur Bezirksversammlung am 09. Juni 2024 blieb die Frage nach m\u00f6glichen Koalitionen im Bezirk Hamburg-Mitte bis heute offen. Das endg\u00fcltige Wahlergebnis brachte f\u00fcr: SPD 28,5 % (+ 1,4% gg\u00fc. der Wahl 2019 | 14 Mandate), CDU 15,6 % (plus 3,5 % | 8 Mandate), FDP 4,8 %&hellip;\" \/>\n<meta property=\"og:url\" content=\"https:\/\/www.cdu-fraktion-hamburg-mitte.de\/cms\/koalitionsverhandlungen-von-cdu-spd-und-fdp-mit-volt-in-hamburg-mitte-gescheitert\/\" \/>\n<meta property=\"og:site_name\" content=\"CDU-Bezirksfraktion Hamburg-Mitte\" \/>\n<meta property=\"article:published_time\" content=\"2025-04-16T06:14:58+00:00\" \/>\n<meta property=\"og:image\" content=\"https:\/\/www.cdu-fraktion-hamburg-mitte.de\/cms\/wp-content\/uploads\/2024\/07\/WK1_Boettcher_Foto.jpg\" \/>\n\t<meta property=\"og:image:width\" content=\"600\" \/>\n\t<meta property=\"og:image:height\" content=\"600\" \/>\n\t<meta property=\"og:image:type\" content=\"image\/jpeg\" \/>\n<meta name=\"author\" content=\"fraktion\" \/>\n<meta name=\"twitter:card\" content=\"summary_large_image\" \/>\n<meta name=\"twitter:label1\" content=\"Verfasst von\" \/>\n\t<meta name=\"twitter:data1\" content=\"fraktion\" \/>\n\t<meta name=\"twitter:label2\" content=\"Gesch\u00e4tzte Lesezeit\" \/>\n\t<meta name=\"twitter:data2\" content=\"3\u00a0Minuten\" \/>\n<script type=\"application\/ld+json\" class=\"yoast-schema-graph\">{\"@context\":\"https:\\\/\\\/schema.org\",\"@graph\":[{\"@type\":\"Article\",\"@id\":\"https:\\\/\\\/www.cdu-fraktion-hamburg-mitte.de\\\/cms\\\/koalitionsverhandlungen-von-cdu-spd-und-fdp-mit-volt-in-hamburg-mitte-gescheitert\\\/#article\",\"isPartOf\":{\"@id\":\"https:\\\/\\\/www.cdu-fraktion-hamburg-mitte.de\\\/cms\\\/koalitionsverhandlungen-von-cdu-spd-und-fdp-mit-volt-in-hamburg-mitte-gescheitert\\\/\"},\"author\":{\"name\":\"fraktion\",\"@id\":\"https:\\\/\\\/www.cdu-fraktion-hamburg-mitte.de\\\/cms\\\/#\\\/schema\\\/person\\\/01bd1301f44cce77a35a1506b8747e05\"},\"headline\":\"Koalitionsverhandlungen von CDU, SPD und FDP mit Volt in Hamburg-Mitte gescheitert\",\"datePublished\":\"2025-04-16T06:14:58+00:00\",\"mainEntityOfPage\":{\"@id\":\"https:\\\/\\\/www.cdu-fraktion-hamburg-mitte.de\\\/cms\\\/koalitionsverhandlungen-von-cdu-spd-und-fdp-mit-volt-in-hamburg-mitte-gescheitert\\\/\"},\"wordCount\":509,\"publisher\":{\"@id\":\"https:\\\/\\\/www.cdu-fraktion-hamburg-mitte.de\\\/cms\\\/#organization\"},\"image\":{\"@id\":\"https:\\\/\\\/www.cdu-fraktion-hamburg-mitte.de\\\/cms\\\/koalitionsverhandlungen-von-cdu-spd-und-fdp-mit-volt-in-hamburg-mitte-gescheitert\\\/#primaryimage\"},\"thumbnailUrl\":\"https:\\\/\\\/www.cdu-fraktion-hamburg-mitte.de\\\/cms\\\/wp-content\\\/uploads\\\/2024\\\/07\\\/WK1_Boettcher_Foto.jpg\",\"keywords\":[\"Bezirksversammlung\",\"Christoph de Vries\",\"Dr. Gunter B\u00f6ttcher\",\"Hamburg-Mitte\",\"Koalition\",\"Koalitionsverhandlungen\"],\"articleSection\":[\"Pressemitteilungen\"],\"inLanguage\":\"de\"},{\"@type\":\"WebPage\",\"@id\":\"https:\\\/\\\/www.cdu-fraktion-hamburg-mitte.de\\\/cms\\\/koalitionsverhandlungen-von-cdu-spd-und-fdp-mit-volt-in-hamburg-mitte-gescheitert\\\/\",\"url\":\"https:\\\/\\\/www.cdu-fraktion-hamburg-mitte.de\\\/cms\\\/koalitionsverhandlungen-von-cdu-spd-und-fdp-mit-volt-in-hamburg-mitte-gescheitert\\\/\",\"name\":\"Koalitionsverhandlungen von CDU, SPD und FDP mit Volt in Hamburg-Mitte gescheitert &#8226; CDU-Bezirksfraktion Hamburg-Mitte\",\"isPartOf\":{\"@id\":\"https:\\\/\\\/www.cdu-fraktion-hamburg-mitte.de\\\/cms\\\/#website\"},\"primaryImageOfPage\":{\"@id\":\"https:\\\/\\\/www.cdu-fraktion-hamburg-mitte.de\\\/cms\\\/koalitionsverhandlungen-von-cdu-spd-und-fdp-mit-volt-in-hamburg-mitte-gescheitert\\\/#primaryimage\"},\"image\":{\"@id\":\"https:\\\/\\\/www.cdu-fraktion-hamburg-mitte.de\\\/cms\\\/koalitionsverhandlungen-von-cdu-spd-und-fdp-mit-volt-in-hamburg-mitte-gescheitert\\\/#primaryimage\"},\"thumbnailUrl\":\"https:\\\/\\\/www.cdu-fraktion-hamburg-mitte.de\\\/cms\\\/wp-content\\\/uploads\\\/2024\\\/07\\\/WK1_Boettcher_Foto.jpg\",\"datePublished\":\"2025-04-16T06:14:58+00:00\",\"breadcrumb\":{\"@id\":\"https:\\\/\\\/www.cdu-fraktion-hamburg-mitte.de\\\/cms\\\/koalitionsverhandlungen-von-cdu-spd-und-fdp-mit-volt-in-hamburg-mitte-gescheitert\\\/#breadcrumb\"},\"inLanguage\":\"de\",\"potentialAction\":[{\"@type\":\"ReadAction\",\"target\":[\"https:\\\/\\\/www.cdu-fraktion-hamburg-mitte.de\\\/cms\\\/koalitionsverhandlungen-von-cdu-spd-und-fdp-mit-volt-in-hamburg-mitte-gescheitert\\\/\"]}]},{\"@type\":\"ImageObject\",\"inLanguage\":\"de\",\"@id\":\"https:\\\/\\\/www.cdu-fraktion-hamburg-mitte.de\\\/cms\\\/koalitionsverhandlungen-von-cdu-spd-und-fdp-mit-volt-in-hamburg-mitte-gescheitert\\\/#primaryimage\",\"url\":\"https:\\\/\\\/www.cdu-fraktion-hamburg-mitte.de\\\/cms\\\/wp-content\\\/uploads\\\/2024\\\/07\\\/WK1_Boettcher_Foto.jpg\",\"contentUrl\":\"https:\\\/\\\/www.cdu-fraktion-hamburg-mitte.de\\\/cms\\\/wp-content\\\/uploads\\\/2024\\\/07\\\/WK1_Boettcher_Foto.jpg\",\"width\":600,\"height\":600,\"caption\":\"Dr. Gunter B\u00f6ttcher\"},{\"@type\":\"BreadcrumbList\",\"@id\":\"https:\\\/\\\/www.cdu-fraktion-hamburg-mitte.de\\\/cms\\\/koalitionsverhandlungen-von-cdu-spd-und-fdp-mit-volt-in-hamburg-mitte-gescheitert\\\/#breadcrumb\",\"itemListElement\":[{\"@type\":\"ListItem\",\"position\":1,\"name\":\"Startseite\",\"item\":\"https:\\\/\\\/www.cdu-fraktion-hamburg-mitte.de\\\/cms\\\/\"},{\"@type\":\"ListItem\",\"position\":2,\"name\":\"Koalitionsverhandlungen von CDU, SPD und FDP mit Volt in Hamburg-Mitte gescheitert\"}]},{\"@type\":\"WebSite\",\"@id\":\"https:\\\/\\\/www.cdu-fraktion-hamburg-mitte.de\\\/cms\\\/#website\",\"url\":\"https:\\\/\\\/www.cdu-fraktion-hamburg-mitte.de\\\/cms\\\/\",\"name\":\"CDU-Bezirksfraktion Hamburg-Mitte\",\"description\":\"Politik in der Bezirksversammlung Hamburg-Mitte\",\"publisher\":{\"@id\":\"https:\\\/\\\/www.cdu-fraktion-hamburg-mitte.de\\\/cms\\\/#organization\"},\"potentialAction\":[{\"@type\":\"SearchAction\",\"target\":{\"@type\":\"EntryPoint\",\"urlTemplate\":\"https:\\\/\\\/www.cdu-fraktion-hamburg-mitte.de\\\/cms\\\/?s={search_term_string}\"},\"query-input\":{\"@type\":\"PropertyValueSpecification\",\"valueRequired\":true,\"valueName\":\"search_term_string\"}}],\"inLanguage\":\"de\"},{\"@type\":\"Organization\",\"@id\":\"https:\\\/\\\/www.cdu-fraktion-hamburg-mitte.de\\\/cms\\\/#organization\",\"name\":\"CDU-B\u00fcrgerschaftsfraktion Hamburg\",\"url\":\"https:\\\/\\\/www.cdu-fraktion-hamburg-mitte.de\\\/cms\\\/\",\"logo\":{\"@type\":\"ImageObject\",\"inLanguage\":\"de\",\"@id\":\"https:\\\/\\\/www.cdu-fraktion-hamburg-mitte.de\\\/cms\\\/#\\\/schema\\\/logo\\\/image\\\/\",\"url\":\"\",\"contentUrl\":\"\",\"caption\":\"CDU-B\u00fcrgerschaftsfraktion Hamburg\"},\"image\":{\"@id\":\"https:\\\/\\\/www.cdu-fraktion-hamburg-mitte.de\\\/cms\\\/#\\\/schema\\\/logo\\\/image\\\/\"}},{\"@type\":\"Person\",\"@id\":\"https:\\\/\\\/www.cdu-fraktion-hamburg-mitte.de\\\/cms\\\/#\\\/schema\\\/person\\\/01bd1301f44cce77a35a1506b8747e05\",\"name\":\"fraktion\",\"image\":{\"@type\":\"ImageObject\",\"inLanguage\":\"de\",\"@id\":\"https:\\\/\\\/www.cdu-fraktion-hamburg-mitte.de\\\/cms\\\/wp-content\\\/uploads\\\/2023\\\/11\\\/CDU-Logo-Avatar-150x150.png\",\"url\":\"https:\\\/\\\/www.cdu-fraktion-hamburg-mitte.de\\\/cms\\\/wp-content\\\/uploads\\\/2023\\\/11\\\/CDU-Logo-Avatar-150x150.png\",\"contentUrl\":\"https:\\\/\\\/www.cdu-fraktion-hamburg-mitte.de\\\/cms\\\/wp-content\\\/uploads\\\/2023\\\/11\\\/CDU-Logo-Avatar-150x150.png\",\"caption\":\"fraktion\"},\"url\":\"https:\\\/\\\/www.cdu-fraktion-hamburg-mitte.de\\\/cms\\\/author\\\/fraktion\\\/\"}]}<\/script>\n<!-- \/ Yoast SEO plugin. -->","yoast_head_json":{"title":"Koalitionsverhandlungen von CDU, SPD und FDP mit Volt in Hamburg-Mitte gescheitert &#8226; CDU-Bezirksfraktion Hamburg-Mitte","robots":{"index":"index","follow":"follow","max-snippet":"max-snippet:-1","max-image-preview":"max-image-preview:large","max-video-preview":"max-video-preview:-1"},"canonical":"https:\/\/www.cdu-fraktion-hamburg-mitte.de\/cms\/koalitionsverhandlungen-von-cdu-spd-und-fdp-mit-volt-in-hamburg-mitte-gescheitert\/","og_locale":"de_DE","og_type":"article","og_title":"Koalitionsverhandlungen von CDU, SPD und FDP mit Volt in Hamburg-Mitte gescheitert &#8226; CDU-Bezirksfraktion Hamburg-Mitte","og_description":"Nach den Wahlergebnissen zur Bezirksversammlung am 09. Juni 2024 blieb die Frage nach m\u00f6glichen Koalitionen im Bezirk Hamburg-Mitte bis heute offen. Das endg\u00fcltige Wahlergebnis brachte f\u00fcr: SPD 28,5 % (+ 1,4% gg\u00fc. der Wahl 2019 | 14 Mandate), CDU 15,6 % (plus 3,5 % | 8 Mandate), FDP 4,8 %&hellip;","og_url":"https:\/\/www.cdu-fraktion-hamburg-mitte.de\/cms\/koalitionsverhandlungen-von-cdu-spd-und-fdp-mit-volt-in-hamburg-mitte-gescheitert\/","og_site_name":"CDU-Bezirksfraktion Hamburg-Mitte","article_published_time":"2025-04-16T06:14:58+00:00","og_image":[{"width":600,"height":600,"url":"https:\/\/www.cdu-fraktion-hamburg-mitte.de\/cms\/wp-content\/uploads\/2024\/07\/WK1_Boettcher_Foto.jpg","type":"image\/jpeg"}],"author":"fraktion","twitter_card":"summary_large_image","twitter_misc":{"Verfasst von":"fraktion","Gesch\u00e4tzte Lesezeit":"3\u00a0Minuten"},"schema":{"@context":"https:\/\/schema.org","@graph":[{"@type":"Article","@id":"https:\/\/www.cdu-fraktion-hamburg-mitte.de\/cms\/koalitionsverhandlungen-von-cdu-spd-und-fdp-mit-volt-in-hamburg-mitte-gescheitert\/#article","isPartOf":{"@id":"https:\/\/www.cdu-fraktion-hamburg-mitte.de\/cms\/koalitionsverhandlungen-von-cdu-spd-und-fdp-mit-volt-in-hamburg-mitte-gescheitert\/"},"author":{"name":"fraktion","@id":"https:\/\/www.cdu-fraktion-hamburg-mitte.de\/cms\/#\/schema\/person\/01bd1301f44cce77a35a1506b8747e05"},"headline":"Koalitionsverhandlungen von CDU, SPD und FDP mit Volt in Hamburg-Mitte gescheitert","datePublished":"2025-04-16T06:14:58+00:00","mainEntityOfPage":{"@id":"https:\/\/www.cdu-fraktion-hamburg-mitte.de\/cms\/koalitionsverhandlungen-von-cdu-spd-und-fdp-mit-volt-in-hamburg-mitte-gescheitert\/"},"wordCount":509,"publisher":{"@id":"https:\/\/www.cdu-fraktion-hamburg-mitte.de\/cms\/#organization"},"image":{"@id":"https:\/\/www.cdu-fraktion-hamburg-mitte.de\/cms\/koalitionsverhandlungen-von-cdu-spd-und-fdp-mit-volt-in-hamburg-mitte-gescheitert\/#primaryimage"},"thumbnailUrl":"https:\/\/www.cdu-fraktion-hamburg-mitte.de\/cms\/wp-content\/uploads\/2024\/07\/WK1_Boettcher_Foto.jpg","keywords":["Bezirksversammlung","Christoph de Vries","Dr. Gunter B\u00f6ttcher","Hamburg-Mitte","Koalition","Koalitionsverhandlungen"],"articleSection":["Pressemitteilungen"],"inLanguage":"de"},{"@type":"WebPage","@id":"https:\/\/www.cdu-fraktion-hamburg-mitte.de\/cms\/koalitionsverhandlungen-von-cdu-spd-und-fdp-mit-volt-in-hamburg-mitte-gescheitert\/","url":"https:\/\/www.cdu-fraktion-hamburg-mitte.de\/cms\/koalitionsverhandlungen-von-cdu-spd-und-fdp-mit-volt-in-hamburg-mitte-gescheitert\/","name":"Koalitionsverhandlungen von CDU, SPD und FDP mit Volt in Hamburg-Mitte gescheitert &#8226; CDU-Bezirksfraktion Hamburg-Mitte","isPartOf":{"@id":"https:\/\/www.cdu-fraktion-hamburg-mitte.de\/cms\/#website"},"primaryImageOfPage":{"@id":"https:\/\/www.cdu-fraktion-hamburg-mitte.de\/cms\/koalitionsverhandlungen-von-cdu-spd-und-fdp-mit-volt-in-hamburg-mitte-gescheitert\/#primaryimage"},"image":{"@id":"https:\/\/www.cdu-fraktion-hamburg-mitte.de\/cms\/koalitionsverhandlungen-von-cdu-spd-und-fdp-mit-volt-in-hamburg-mitte-gescheitert\/#primaryimage"},"thumbnailUrl":"https:\/\/www.cdu-fraktion-hamburg-mitte.de\/cms\/wp-content\/uploads\/2024\/07\/WK1_Boettcher_Foto.jpg","datePublished":"2025-04-16T06:14:58+00:00","breadcrumb":{"@id":"https:\/\/www.cdu-fraktion-hamburg-mitte.de\/cms\/koalitionsverhandlungen-von-cdu-spd-und-fdp-mit-volt-in-hamburg-mitte-gescheitert\/#breadcrumb"},"inLanguage":"de","potentialAction":[{"@type":"ReadAction","target":["https:\/\/www.cdu-fraktion-hamburg-mitte.de\/cms\/koalitionsverhandlungen-von-cdu-spd-und-fdp-mit-volt-in-hamburg-mitte-gescheitert\/"]}]},{"@type":"ImageObject","inLanguage":"de","@id":"https:\/\/www.cdu-fraktion-hamburg-mitte.de\/cms\/koalitionsverhandlungen-von-cdu-spd-und-fdp-mit-volt-in-hamburg-mitte-gescheitert\/#primaryimage","url":"https:\/\/www.cdu-fraktion-hamburg-mitte.de\/cms\/wp-content\/uploads\/2024\/07\/WK1_Boettcher_Foto.jpg","contentUrl":"https:\/\/www.cdu-fraktion-hamburg-mitte.de\/cms\/wp-content\/uploads\/2024\/07\/WK1_Boettcher_Foto.jpg","width":600,"height":600,"caption":"Dr. Gunter B\u00f6ttcher"},{"@type":"BreadcrumbList","@id":"https:\/\/www.cdu-fraktion-hamburg-mitte.de\/cms\/koalitionsverhandlungen-von-cdu-spd-und-fdp-mit-volt-in-hamburg-mitte-gescheitert\/#breadcrumb","itemListElement":[{"@type":"ListItem","position":1,"name":"Startseite","item":"https:\/\/www.cdu-fraktion-hamburg-mitte.de\/cms\/"},{"@type":"ListItem","position":2,"name":"Koalitionsverhandlungen von CDU, SPD und FDP mit Volt in Hamburg-Mitte gescheitert"}]},{"@type":"WebSite","@id":"https:\/\/www.cdu-fraktion-hamburg-mitte.de\/cms\/#website","url":"https:\/\/www.cdu-fraktion-hamburg-mitte.de\/cms\/","name":"CDU-Bezirksfraktion Hamburg-Mitte","description":"Politik in der Bezirksversammlung Hamburg-Mitte","publisher":{"@id":"https:\/\/www.cdu-fraktion-hamburg-mitte.de\/cms\/#organization"},"potentialAction":[{"@type":"SearchAction","target":{"@type":"EntryPoint","urlTemplate":"https:\/\/www.cdu-fraktion-hamburg-mitte.de\/cms\/?s={search_term_string}"},"query-input":{"@type":"PropertyValueSpecification","valueRequired":true,"valueName":"search_term_string"}}],"inLanguage":"de"},{"@type":"Organization","@id":"https:\/\/www.cdu-fraktion-hamburg-mitte.de\/cms\/#organization","name":"CDU-B\u00fcrgerschaftsfraktion Hamburg","url":"https:\/\/www.cdu-fraktion-hamburg-mitte.de\/cms\/","logo":{"@type":"ImageObject","inLanguage":"de","@id":"https:\/\/www.cdu-fraktion-hamburg-mitte.de\/cms\/#\/schema\/logo\/image\/","url":"","contentUrl":"","caption":"CDU-B\u00fcrgerschaftsfraktion Hamburg"},"image":{"@id":"https:\/\/www.cdu-fraktion-hamburg-mitte.de\/cms\/#\/schema\/logo\/image\/"}},{"@type":"Person","@id":"https:\/\/www.cdu-fraktion-hamburg-mitte.de\/cms\/#\/schema\/person\/01bd1301f44cce77a35a1506b8747e05","name":"fraktion","image":{"@type":"ImageObject","inLanguage":"de","@id":"https:\/\/www.cdu-fraktion-hamburg-mitte.de\/cms\/wp-content\/uploads\/2023\/11\/CDU-Logo-Avatar-150x150.png","url":"https:\/\/www.cdu-fraktion-hamburg-mitte.de\/cms\/wp-content\/uploads\/2023\/11\/CDU-Logo-Avatar-150x150.png","contentUrl":"https:\/\/www.cdu-fraktion-hamburg-mitte.de\/cms\/wp-content\/uploads\/2023\/11\/CDU-Logo-Avatar-150x150.png","caption":"fraktion"},"url":"https:\/\/www.cdu-fraktion-hamburg-mitte.de\/cms\/author\/fraktion\/"}]}},"_links":{"self":[{"href":"https:\/\/www.cdu-fraktion-hamburg-mitte.de\/cms\/wp-json\/wp\/v2\/posts\/13900","targetHints":{"allow":["GET"]}}],"collection":[{"href":"https:\/\/www.cdu-fraktion-hamburg-mitte.de\/cms\/wp-json\/wp\/v2\/posts"}],"about":[{"href":"https:\/\/www.cdu-fraktion-hamburg-mitte.de\/cms\/wp-json\/wp\/v2\/types\/post"}],"author":[{"embeddable":true,"href":"https:\/\/www.cdu-fraktion-hamburg-mitte.de\/cms\/wp-json\/wp\/v2\/users\/45"}],"replies":[{"embeddable":true,"href":"https:\/\/www.cdu-fraktion-hamburg-mitte.de\/cms\/wp-json\/wp\/v2\/comments?post=13900"}],"version-history":[{"count":1,"href":"https:\/\/www.cdu-fraktion-hamburg-mitte.de\/cms\/wp-json\/wp\/v2\/posts\/13900\/revisions"}],"predecessor-version":[{"id":13901,"href":"https:\/\/www.cdu-fraktion-hamburg-mitte.de\/cms\/wp-json\/wp\/v2\/posts\/13900\/revisions\/13901"}],"wp:featuredmedia":[{"embeddable":true,"href":"https:\/\/www.cdu-fraktion-hamburg-mitte.de\/cms\/wp-json\/wp\/v2\/media\/13465"}],"wp:attachment":[{"href":"https:\/\/www.cdu-fraktion-hamburg-mitte.de\/cms\/wp-json\/wp\/v2\/media?parent=13900"}],"wp:term":[{"taxonomy":"category","embeddable":true,"href":"https:\/\/www.cdu-fraktion-hamburg-mitte.de\/cms\/wp-json\/wp\/v2\/categories?post=13900"},{"taxonomy":"post_tag","embeddable":true,"href":"https:\/\/www.cdu-fraktion-hamburg-mitte.de\/cms\/wp-json\/wp\/v2\/tags?post=13900"}],"curies":[{"name":"wp","href":"https:\/\/api.w.org\/{rel}","templated":true}]}}