{"id":13910,"date":"2025-05-22T15:14:39","date_gmt":"2025-05-22T13:14:39","guid":{"rendered":"https:\/\/www.cdu-fraktion-hamburg-mitte.de\/cms\/?p=13910"},"modified":"2025-05-22T15:14:39","modified_gmt":"2025-05-22T13:14:39","slug":"moratorium-fuer-umgestaltung-des-burchardplatzes","status":"publish","type":"post","link":"https:\/\/www.cdu-fraktion-hamburg-mitte.de\/cms\/moratorium-fuer-umgestaltung-des-burchardplatzes\/","title":{"rendered":"Moratorium f\u00fcr Umgestaltung des Burchardplatzes"},"content":{"rendered":"<p>Die CDU Bezirksfraktion bringt am Donnerstag, den 22. Mai 2025 einen politischen Antrag in die Bezirksversammlung Hamburg-Mitte ein, der ein Moratorium f\u00fcr die geplante Umgestaltung des Burchardplatzes im Kontorhausviertel fordert. Das Kontorhausviertel, ein historisches Stadtviertel und UNESCO-Welterbe, ist bekannt f\u00fcr seine beeindruckende Architektur und seine bedeutende Rolle in der Handelsgeschichte Hamburgs. Es ist ein lebendiges, gemischtes Quartier, in dem zahlreiche Anwohner, B\u00fcros und Gewerbetreibende ans\u00e4ssig sind.<\/p>\n<p>Im Dezember 2024 beschloss der Hamburger Senat, im Kontorhausviertel ein Business Improvement District (BID) einzurichten und den Burchardplatz umzugestalten. Diese Umgestaltung soll die Aufenthaltsqualit\u00e4t des Platzes verbessern, indem er vom Verkehr abgeschirmt und mit B\u00e4umen sowie Sitzb\u00e4nken ausgestattet wird. Doch die Pl\u00e4ne sto\u00dfen auf erheblichen Widerstand von Anwohnern und Gewerbetreibenden. Der Wegfall von 285 Parkpl\u00e4tzen w\u00fcrde zu einem erh\u00f6hten Parkdruck f\u00fchren und k\u00f6nnte die wirtschaftliche Existenz vieler lokaler Gesch\u00e4fte gef\u00e4hrden.<\/p>\n<p>\u201eDie geplante Umgestaltung des Burchardplatzes ignoriert die Bed\u00fcrfnisse der Anwohner und Gewerbetreibenden und gef\u00e4hrdet die wirtschaftliche Stabilit\u00e4t des Quartiers\u201c, erkl\u00e4rt <strong>Dr. Gunter B\u00f6ttcher, Vorsitzender der CDU Bezirksfraktion<\/strong>. \u201eWir m\u00fcssen sicherstellen, dass die Interessen der Menschen vor Ort im Mittelpunkt stehen. Ein Moratorium ist notwendig, um die Pl\u00e4ne zu \u00fcberarbeiten und die Bedenken der Betroffenen ernst zu nehmen.\u201c<\/p>\n<p>Auch <strong>Christoph de Vries, Kreisvorsitzender der CDU Hamburg Mitte und Mitglied des Deutschen Bundestages<\/strong>, fordert eine \u00dcberarbeitung der Planungen: \u201eEs ist von entscheidender Bedeutung, dass wir die Stimmen der B\u00fcrgerinnen und B\u00fcrger ernst nehmen. Die Umgestaltung des Burchardplatzes mit der geplanten Vernichtung hunderter Parkpl\u00e4tze geht auf Kosten der Anwohner und Gewerbetreibenden und gef\u00e4hrdet die Zukunft des Quartiers. Wir m\u00fcssen gemeinsam an L\u00f6sungen arbeiten, die sowohl die Lebensqualit\u00e4t als auch die wirtschaftliche Vitalit\u00e4t des Kontorhausviertels f\u00f6rdern.\u201c<\/p>\n<p>Die Fraktion fordert daher die Bezirksversammlung Hamburg-Mitte auf, der Beh\u00f6rde f\u00fcr Stadtentwicklung und Wohnen einen Stopp der aktuellen Ausschreibung zu empfehlen und die Pl\u00e4ne neu zu diskutieren. Dabei soll ein verst\u00e4rkter Fokus auf die Bed\u00fcrfnisse der Anwohner und Gewerbetreibenden gelegt werden, sowie der Erhalt der vorhandenen Parkpl\u00e4tze ber\u00fccksichtigt werden.<\/p>\n<p>Die Bedenken sind nicht unbegr\u00fcndet: Gewerbetreibende bef\u00fcrchten, dass potenzielle Kunden ausbleiben, wenn keine Parkm\u00f6glichkeiten mehr zur Verf\u00fcgung stehen. Zudem k\u00f6nnte die Schaffung zus\u00e4tzlicher Sitzgelegenheiten die bereits beobachtete Ausbreitung der Drogen- und Trinkerszene im Kontorhausviertel weiter verst\u00e4rken, was die Lebensqualit\u00e4t der Anwohner beeintr\u00e4chtigen w\u00fcrde.<\/p>\n<p>Die CDU-Bezirksfraktion setzt sich f\u00fcr eine zukunftsf\u00e4hige und bedarfsgerechte Planung ein, die die Interessen aller Beteiligten ber\u00fccksichtigt.<\/p>\n<a href=\"https:\/\/www.cdu-fraktion-hamburg-mitte.de\/cms\/wp-content\/uploads\/2025\/05\/Antrag_Moratorium_fuer_Umgestaltung_des_Burchardplatzes.pdf\" class=\"pdfemb-viewer\" style=\"\" data-width=\"max\" data-height=\"max\" data-mobile-width=\"500\"  data-scrollbar=\"none\" data-download=\"on\" data-tracking=\"on\" data-newwindow=\"on\" data-pagetextbox=\"off\" data-scrolltotop=\"off\" data-startzoom=\"100\" data-startfpzoom=\"100\" data-toolbar=\"top\" data-toolbar-fixed=\"on\">Antrag_Moratorium_f\u00fcr_Umgestaltung_des_Burchardplatzes<br\/><\/a>\n","protected":false},"excerpt":{"rendered":"<p>Die CDU Bezirksfraktion bringt am Donnerstag, den 22. Mai 2025 einen politischen Antrag in die Bezirksversammlung Hamburg-Mitte ein, der ein Moratorium f\u00fcr die geplante Umgestaltung des Burchardplatzes im Kontorhausviertel fordert. Das Kontorhausviertel, ein historisches Stadtviertel und UNESCO-Welterbe, ist bekannt f\u00fcr seine beeindruckende Architektur und seine bedeutende Rolle in der Handelsgeschichte&hellip;<\/p>\n","protected":false},"author":45,"featured_media":13465,"comment_status":"closed","ping_status":"closed","sticky":false,"template":"","format":"standard","meta":{"inline_featured_image":false,"footnotes":""},"categories":[82],"tags":[632,940,521,943,942,690,941],"class_list":["post-13910","post","type-post","status-publish","format-standard","has-post-thumbnail","hentry","category-pressemitteilung","tag-bezirksversammlung","tag-burchardplatz","tag-dr-gunter-boettcher","tag-kontorhausviertel","tag-moratorium","tag-parkplatze","tag-umgestaltung"],"yoast_head":"<!-- This site is optimized with the Yoast SEO plugin v27.5 - https:\/\/yoast.com\/product\/yoast-seo-wordpress\/ -->\n<title>Moratorium f\u00fcr Umgestaltung des Burchardplatzes &#8226; CDU-Bezirksfraktion Hamburg-Mitte<\/title>\n<meta name=\"robots\" content=\"index, follow, max-snippet:-1, max-image-preview:large, max-video-preview:-1\" \/>\n<link rel=\"canonical\" href=\"https:\/\/www.cdu-fraktion-hamburg-mitte.de\/cms\/moratorium-fuer-umgestaltung-des-burchardplatzes\/\" \/>\n<meta property=\"og:locale\" content=\"de_DE\" \/>\n<meta property=\"og:type\" content=\"article\" \/>\n<meta property=\"og:title\" content=\"Moratorium f\u00fcr Umgestaltung des Burchardplatzes &#8226; CDU-Bezirksfraktion Hamburg-Mitte\" \/>\n<meta property=\"og:description\" content=\"Die CDU Bezirksfraktion bringt am Donnerstag, den 22. Mai 2025 einen politischen Antrag in die Bezirksversammlung Hamburg-Mitte ein, der ein Moratorium f\u00fcr die geplante Umgestaltung des Burchardplatzes im Kontorhausviertel fordert. Das Kontorhausviertel, ein historisches Stadtviertel und UNESCO-Welterbe, ist bekannt f\u00fcr seine beeindruckende Architektur und seine bedeutende Rolle in der Handelsgeschichte&hellip;\" \/>\n<meta property=\"og:url\" content=\"https:\/\/www.cdu-fraktion-hamburg-mitte.de\/cms\/moratorium-fuer-umgestaltung-des-burchardplatzes\/\" \/>\n<meta property=\"og:site_name\" content=\"CDU-Bezirksfraktion Hamburg-Mitte\" \/>\n<meta property=\"article:published_time\" content=\"2025-05-22T13:14:39+00:00\" \/>\n<meta property=\"og:image\" content=\"https:\/\/www.cdu-fraktion-hamburg-mitte.de\/cms\/wp-content\/uploads\/2024\/07\/WK1_Boettcher_Foto.jpg\" \/>\n\t<meta property=\"og:image:width\" content=\"600\" \/>\n\t<meta property=\"og:image:height\" content=\"600\" \/>\n\t<meta property=\"og:image:type\" content=\"image\/jpeg\" \/>\n<meta name=\"author\" content=\"fraktion\" \/>\n<meta name=\"twitter:card\" content=\"summary_large_image\" \/>\n<meta name=\"twitter:label1\" content=\"Verfasst von\" \/>\n\t<meta name=\"twitter:data1\" content=\"fraktion\" \/>\n\t<meta name=\"twitter:label2\" content=\"Gesch\u00e4tzte Lesezeit\" \/>\n\t<meta name=\"twitter:data2\" content=\"3\u00a0Minuten\" \/>\n<script type=\"application\/ld+json\" class=\"yoast-schema-graph\">{\"@context\":\"https:\\\/\\\/schema.org\",\"@graph\":[{\"@type\":\"Article\",\"@id\":\"https:\\\/\\\/www.cdu-fraktion-hamburg-mitte.de\\\/cms\\\/moratorium-fuer-umgestaltung-des-burchardplatzes\\\/#article\",\"isPartOf\":{\"@id\":\"https:\\\/\\\/www.cdu-fraktion-hamburg-mitte.de\\\/cms\\\/moratorium-fuer-umgestaltung-des-burchardplatzes\\\/\"},\"author\":{\"name\":\"fraktion\",\"@id\":\"https:\\\/\\\/www.cdu-fraktion-hamburg-mitte.de\\\/cms\\\/#\\\/schema\\\/person\\\/01bd1301f44cce77a35a1506b8747e05\"},\"headline\":\"Moratorium f\u00fcr Umgestaltung des Burchardplatzes\",\"datePublished\":\"2025-05-22T13:14:39+00:00\",\"mainEntityOfPage\":{\"@id\":\"https:\\\/\\\/www.cdu-fraktion-hamburg-mitte.de\\\/cms\\\/moratorium-fuer-umgestaltung-des-burchardplatzes\\\/\"},\"wordCount\":455,\"publisher\":{\"@id\":\"https:\\\/\\\/www.cdu-fraktion-hamburg-mitte.de\\\/cms\\\/#organization\"},\"image\":{\"@id\":\"https:\\\/\\\/www.cdu-fraktion-hamburg-mitte.de\\\/cms\\\/moratorium-fuer-umgestaltung-des-burchardplatzes\\\/#primaryimage\"},\"thumbnailUrl\":\"https:\\\/\\\/www.cdu-fraktion-hamburg-mitte.de\\\/cms\\\/wp-content\\\/uploads\\\/2024\\\/07\\\/WK1_Boettcher_Foto.jpg\",\"keywords\":[\"Bezirksversammlung\",\"Burchardplatz\",\"Dr. Gunter B\u00f6ttcher\",\"Kontorhausviertel\",\"Moratorium\",\"Parkpl\u00e4tze\",\"Umgestaltung\"],\"articleSection\":[\"Pressemitteilungen\"],\"inLanguage\":\"de\"},{\"@type\":\"WebPage\",\"@id\":\"https:\\\/\\\/www.cdu-fraktion-hamburg-mitte.de\\\/cms\\\/moratorium-fuer-umgestaltung-des-burchardplatzes\\\/\",\"url\":\"https:\\\/\\\/www.cdu-fraktion-hamburg-mitte.de\\\/cms\\\/moratorium-fuer-umgestaltung-des-burchardplatzes\\\/\",\"name\":\"Moratorium f\u00fcr Umgestaltung des Burchardplatzes &#8226; CDU-Bezirksfraktion Hamburg-Mitte\",\"isPartOf\":{\"@id\":\"https:\\\/\\\/www.cdu-fraktion-hamburg-mitte.de\\\/cms\\\/#website\"},\"primaryImageOfPage\":{\"@id\":\"https:\\\/\\\/www.cdu-fraktion-hamburg-mitte.de\\\/cms\\\/moratorium-fuer-umgestaltung-des-burchardplatzes\\\/#primaryimage\"},\"image\":{\"@id\":\"https:\\\/\\\/www.cdu-fraktion-hamburg-mitte.de\\\/cms\\\/moratorium-fuer-umgestaltung-des-burchardplatzes\\\/#primaryimage\"},\"thumbnailUrl\":\"https:\\\/\\\/www.cdu-fraktion-hamburg-mitte.de\\\/cms\\\/wp-content\\\/uploads\\\/2024\\\/07\\\/WK1_Boettcher_Foto.jpg\",\"datePublished\":\"2025-05-22T13:14:39+00:00\",\"breadcrumb\":{\"@id\":\"https:\\\/\\\/www.cdu-fraktion-hamburg-mitte.de\\\/cms\\\/moratorium-fuer-umgestaltung-des-burchardplatzes\\\/#breadcrumb\"},\"inLanguage\":\"de\",\"potentialAction\":[{\"@type\":\"ReadAction\",\"target\":[\"https:\\\/\\\/www.cdu-fraktion-hamburg-mitte.de\\\/cms\\\/moratorium-fuer-umgestaltung-des-burchardplatzes\\\/\"]}]},{\"@type\":\"ImageObject\",\"inLanguage\":\"de\",\"@id\":\"https:\\\/\\\/www.cdu-fraktion-hamburg-mitte.de\\\/cms\\\/moratorium-fuer-umgestaltung-des-burchardplatzes\\\/#primaryimage\",\"url\":\"https:\\\/\\\/www.cdu-fraktion-hamburg-mitte.de\\\/cms\\\/wp-content\\\/uploads\\\/2024\\\/07\\\/WK1_Boettcher_Foto.jpg\",\"contentUrl\":\"https:\\\/\\\/www.cdu-fraktion-hamburg-mitte.de\\\/cms\\\/wp-content\\\/uploads\\\/2024\\\/07\\\/WK1_Boettcher_Foto.jpg\",\"width\":600,\"height\":600,\"caption\":\"Dr. Gunter B\u00f6ttcher\"},{\"@type\":\"BreadcrumbList\",\"@id\":\"https:\\\/\\\/www.cdu-fraktion-hamburg-mitte.de\\\/cms\\\/moratorium-fuer-umgestaltung-des-burchardplatzes\\\/#breadcrumb\",\"itemListElement\":[{\"@type\":\"ListItem\",\"position\":1,\"name\":\"Startseite\",\"item\":\"https:\\\/\\\/www.cdu-fraktion-hamburg-mitte.de\\\/cms\\\/\"},{\"@type\":\"ListItem\",\"position\":2,\"name\":\"Moratorium f\u00fcr Umgestaltung des Burchardplatzes\"}]},{\"@type\":\"WebSite\",\"@id\":\"https:\\\/\\\/www.cdu-fraktion-hamburg-mitte.de\\\/cms\\\/#website\",\"url\":\"https:\\\/\\\/www.cdu-fraktion-hamburg-mitte.de\\\/cms\\\/\",\"name\":\"CDU-Bezirksfraktion Hamburg-Mitte\",\"description\":\"Politik in der Bezirksversammlung Hamburg-Mitte\",\"publisher\":{\"@id\":\"https:\\\/\\\/www.cdu-fraktion-hamburg-mitte.de\\\/cms\\\/#organization\"},\"potentialAction\":[{\"@type\":\"SearchAction\",\"target\":{\"@type\":\"EntryPoint\",\"urlTemplate\":\"https:\\\/\\\/www.cdu-fraktion-hamburg-mitte.de\\\/cms\\\/?s={search_term_string}\"},\"query-input\":{\"@type\":\"PropertyValueSpecification\",\"valueRequired\":true,\"valueName\":\"search_term_string\"}}],\"inLanguage\":\"de\"},{\"@type\":\"Organization\",\"@id\":\"https:\\\/\\\/www.cdu-fraktion-hamburg-mitte.de\\\/cms\\\/#organization\",\"name\":\"CDU-B\u00fcrgerschaftsfraktion Hamburg\",\"url\":\"https:\\\/\\\/www.cdu-fraktion-hamburg-mitte.de\\\/cms\\\/\",\"logo\":{\"@type\":\"ImageObject\",\"inLanguage\":\"de\",\"@id\":\"https:\\\/\\\/www.cdu-fraktion-hamburg-mitte.de\\\/cms\\\/#\\\/schema\\\/logo\\\/image\\\/\",\"url\":\"\",\"contentUrl\":\"\",\"caption\":\"CDU-B\u00fcrgerschaftsfraktion Hamburg\"},\"image\":{\"@id\":\"https:\\\/\\\/www.cdu-fraktion-hamburg-mitte.de\\\/cms\\\/#\\\/schema\\\/logo\\\/image\\\/\"}},{\"@type\":\"Person\",\"@id\":\"https:\\\/\\\/www.cdu-fraktion-hamburg-mitte.de\\\/cms\\\/#\\\/schema\\\/person\\\/01bd1301f44cce77a35a1506b8747e05\",\"name\":\"fraktion\",\"image\":{\"@type\":\"ImageObject\",\"inLanguage\":\"de\",\"@id\":\"https:\\\/\\\/www.cdu-fraktion-hamburg-mitte.de\\\/cms\\\/wp-content\\\/uploads\\\/2023\\\/11\\\/CDU-Logo-Avatar-150x150.png\",\"url\":\"https:\\\/\\\/www.cdu-fraktion-hamburg-mitte.de\\\/cms\\\/wp-content\\\/uploads\\\/2023\\\/11\\\/CDU-Logo-Avatar-150x150.png\",\"contentUrl\":\"https:\\\/\\\/www.cdu-fraktion-hamburg-mitte.de\\\/cms\\\/wp-content\\\/uploads\\\/2023\\\/11\\\/CDU-Logo-Avatar-150x150.png\",\"caption\":\"fraktion\"},\"url\":\"https:\\\/\\\/www.cdu-fraktion-hamburg-mitte.de\\\/cms\\\/author\\\/fraktion\\\/\"}]}<\/script>\n<!-- \/ Yoast SEO plugin. -->","yoast_head_json":{"title":"Moratorium f\u00fcr Umgestaltung des Burchardplatzes &#8226; CDU-Bezirksfraktion Hamburg-Mitte","robots":{"index":"index","follow":"follow","max-snippet":"max-snippet:-1","max-image-preview":"max-image-preview:large","max-video-preview":"max-video-preview:-1"},"canonical":"https:\/\/www.cdu-fraktion-hamburg-mitte.de\/cms\/moratorium-fuer-umgestaltung-des-burchardplatzes\/","og_locale":"de_DE","og_type":"article","og_title":"Moratorium f\u00fcr Umgestaltung des Burchardplatzes &#8226; CDU-Bezirksfraktion Hamburg-Mitte","og_description":"Die CDU Bezirksfraktion bringt am Donnerstag, den 22. Mai 2025 einen politischen Antrag in die Bezirksversammlung Hamburg-Mitte ein, der ein Moratorium f\u00fcr die geplante Umgestaltung des Burchardplatzes im Kontorhausviertel fordert. Das Kontorhausviertel, ein historisches Stadtviertel und UNESCO-Welterbe, ist bekannt f\u00fcr seine beeindruckende Architektur und seine bedeutende Rolle in der Handelsgeschichte&hellip;","og_url":"https:\/\/www.cdu-fraktion-hamburg-mitte.de\/cms\/moratorium-fuer-umgestaltung-des-burchardplatzes\/","og_site_name":"CDU-Bezirksfraktion Hamburg-Mitte","article_published_time":"2025-05-22T13:14:39+00:00","og_image":[{"width":600,"height":600,"url":"https:\/\/www.cdu-fraktion-hamburg-mitte.de\/cms\/wp-content\/uploads\/2024\/07\/WK1_Boettcher_Foto.jpg","type":"image\/jpeg"}],"author":"fraktion","twitter_card":"summary_large_image","twitter_misc":{"Verfasst von":"fraktion","Gesch\u00e4tzte Lesezeit":"3\u00a0Minuten"},"schema":{"@context":"https:\/\/schema.org","@graph":[{"@type":"Article","@id":"https:\/\/www.cdu-fraktion-hamburg-mitte.de\/cms\/moratorium-fuer-umgestaltung-des-burchardplatzes\/#article","isPartOf":{"@id":"https:\/\/www.cdu-fraktion-hamburg-mitte.de\/cms\/moratorium-fuer-umgestaltung-des-burchardplatzes\/"},"author":{"name":"fraktion","@id":"https:\/\/www.cdu-fraktion-hamburg-mitte.de\/cms\/#\/schema\/person\/01bd1301f44cce77a35a1506b8747e05"},"headline":"Moratorium f\u00fcr Umgestaltung des Burchardplatzes","datePublished":"2025-05-22T13:14:39+00:00","mainEntityOfPage":{"@id":"https:\/\/www.cdu-fraktion-hamburg-mitte.de\/cms\/moratorium-fuer-umgestaltung-des-burchardplatzes\/"},"wordCount":455,"publisher":{"@id":"https:\/\/www.cdu-fraktion-hamburg-mitte.de\/cms\/#organization"},"image":{"@id":"https:\/\/www.cdu-fraktion-hamburg-mitte.de\/cms\/moratorium-fuer-umgestaltung-des-burchardplatzes\/#primaryimage"},"thumbnailUrl":"https:\/\/www.cdu-fraktion-hamburg-mitte.de\/cms\/wp-content\/uploads\/2024\/07\/WK1_Boettcher_Foto.jpg","keywords":["Bezirksversammlung","Burchardplatz","Dr. Gunter B\u00f6ttcher","Kontorhausviertel","Moratorium","Parkpl\u00e4tze","Umgestaltung"],"articleSection":["Pressemitteilungen"],"inLanguage":"de"},{"@type":"WebPage","@id":"https:\/\/www.cdu-fraktion-hamburg-mitte.de\/cms\/moratorium-fuer-umgestaltung-des-burchardplatzes\/","url":"https:\/\/www.cdu-fraktion-hamburg-mitte.de\/cms\/moratorium-fuer-umgestaltung-des-burchardplatzes\/","name":"Moratorium f\u00fcr Umgestaltung des Burchardplatzes &#8226; CDU-Bezirksfraktion Hamburg-Mitte","isPartOf":{"@id":"https:\/\/www.cdu-fraktion-hamburg-mitte.de\/cms\/#website"},"primaryImageOfPage":{"@id":"https:\/\/www.cdu-fraktion-hamburg-mitte.de\/cms\/moratorium-fuer-umgestaltung-des-burchardplatzes\/#primaryimage"},"image":{"@id":"https:\/\/www.cdu-fraktion-hamburg-mitte.de\/cms\/moratorium-fuer-umgestaltung-des-burchardplatzes\/#primaryimage"},"thumbnailUrl":"https:\/\/www.cdu-fraktion-hamburg-mitte.de\/cms\/wp-content\/uploads\/2024\/07\/WK1_Boettcher_Foto.jpg","datePublished":"2025-05-22T13:14:39+00:00","breadcrumb":{"@id":"https:\/\/www.cdu-fraktion-hamburg-mitte.de\/cms\/moratorium-fuer-umgestaltung-des-burchardplatzes\/#breadcrumb"},"inLanguage":"de","potentialAction":[{"@type":"ReadAction","target":["https:\/\/www.cdu-fraktion-hamburg-mitte.de\/cms\/moratorium-fuer-umgestaltung-des-burchardplatzes\/"]}]},{"@type":"ImageObject","inLanguage":"de","@id":"https:\/\/www.cdu-fraktion-hamburg-mitte.de\/cms\/moratorium-fuer-umgestaltung-des-burchardplatzes\/#primaryimage","url":"https:\/\/www.cdu-fraktion-hamburg-mitte.de\/cms\/wp-content\/uploads\/2024\/07\/WK1_Boettcher_Foto.jpg","contentUrl":"https:\/\/www.cdu-fraktion-hamburg-mitte.de\/cms\/wp-content\/uploads\/2024\/07\/WK1_Boettcher_Foto.jpg","width":600,"height":600,"caption":"Dr. Gunter B\u00f6ttcher"},{"@type":"BreadcrumbList","@id":"https:\/\/www.cdu-fraktion-hamburg-mitte.de\/cms\/moratorium-fuer-umgestaltung-des-burchardplatzes\/#breadcrumb","itemListElement":[{"@type":"ListItem","position":1,"name":"Startseite","item":"https:\/\/www.cdu-fraktion-hamburg-mitte.de\/cms\/"},{"@type":"ListItem","position":2,"name":"Moratorium f\u00fcr Umgestaltung des Burchardplatzes"}]},{"@type":"WebSite","@id":"https:\/\/www.cdu-fraktion-hamburg-mitte.de\/cms\/#website","url":"https:\/\/www.cdu-fraktion-hamburg-mitte.de\/cms\/","name":"CDU-Bezirksfraktion Hamburg-Mitte","description":"Politik in der Bezirksversammlung Hamburg-Mitte","publisher":{"@id":"https:\/\/www.cdu-fraktion-hamburg-mitte.de\/cms\/#organization"},"potentialAction":[{"@type":"SearchAction","target":{"@type":"EntryPoint","urlTemplate":"https:\/\/www.cdu-fraktion-hamburg-mitte.de\/cms\/?s={search_term_string}"},"query-input":{"@type":"PropertyValueSpecification","valueRequired":true,"valueName":"search_term_string"}}],"inLanguage":"de"},{"@type":"Organization","@id":"https:\/\/www.cdu-fraktion-hamburg-mitte.de\/cms\/#organization","name":"CDU-B\u00fcrgerschaftsfraktion Hamburg","url":"https:\/\/www.cdu-fraktion-hamburg-mitte.de\/cms\/","logo":{"@type":"ImageObject","inLanguage":"de","@id":"https:\/\/www.cdu-fraktion-hamburg-mitte.de\/cms\/#\/schema\/logo\/image\/","url":"","contentUrl":"","caption":"CDU-B\u00fcrgerschaftsfraktion Hamburg"},"image":{"@id":"https:\/\/www.cdu-fraktion-hamburg-mitte.de\/cms\/#\/schema\/logo\/image\/"}},{"@type":"Person","@id":"https:\/\/www.cdu-fraktion-hamburg-mitte.de\/cms\/#\/schema\/person\/01bd1301f44cce77a35a1506b8747e05","name":"fraktion","image":{"@type":"ImageObject","inLanguage":"de","@id":"https:\/\/www.cdu-fraktion-hamburg-mitte.de\/cms\/wp-content\/uploads\/2023\/11\/CDU-Logo-Avatar-150x150.png","url":"https:\/\/www.cdu-fraktion-hamburg-mitte.de\/cms\/wp-content\/uploads\/2023\/11\/CDU-Logo-Avatar-150x150.png","contentUrl":"https:\/\/www.cdu-fraktion-hamburg-mitte.de\/cms\/wp-content\/uploads\/2023\/11\/CDU-Logo-Avatar-150x150.png","caption":"fraktion"},"url":"https:\/\/www.cdu-fraktion-hamburg-mitte.de\/cms\/author\/fraktion\/"}]}},"_links":{"self":[{"href":"https:\/\/www.cdu-fraktion-hamburg-mitte.de\/cms\/wp-json\/wp\/v2\/posts\/13910","targetHints":{"allow":["GET"]}}],"collection":[{"href":"https:\/\/www.cdu-fraktion-hamburg-mitte.de\/cms\/wp-json\/wp\/v2\/posts"}],"about":[{"href":"https:\/\/www.cdu-fraktion-hamburg-mitte.de\/cms\/wp-json\/wp\/v2\/types\/post"}],"author":[{"embeddable":true,"href":"https:\/\/www.cdu-fraktion-hamburg-mitte.de\/cms\/wp-json\/wp\/v2\/users\/45"}],"replies":[{"embeddable":true,"href":"https:\/\/www.cdu-fraktion-hamburg-mitte.de\/cms\/wp-json\/wp\/v2\/comments?post=13910"}],"version-history":[{"count":1,"href":"https:\/\/www.cdu-fraktion-hamburg-mitte.de\/cms\/wp-json\/wp\/v2\/posts\/13910\/revisions"}],"predecessor-version":[{"id":13912,"href":"https:\/\/www.cdu-fraktion-hamburg-mitte.de\/cms\/wp-json\/wp\/v2\/posts\/13910\/revisions\/13912"}],"wp:featuredmedia":[{"embeddable":true,"href":"https:\/\/www.cdu-fraktion-hamburg-mitte.de\/cms\/wp-json\/wp\/v2\/media\/13465"}],"wp:attachment":[{"href":"https:\/\/www.cdu-fraktion-hamburg-mitte.de\/cms\/wp-json\/wp\/v2\/media?parent=13910"}],"wp:term":[{"taxonomy":"category","embeddable":true,"href":"https:\/\/www.cdu-fraktion-hamburg-mitte.de\/cms\/wp-json\/wp\/v2\/categories?post=13910"},{"taxonomy":"post_tag","embeddable":true,"href":"https:\/\/www.cdu-fraktion-hamburg-mitte.de\/cms\/wp-json\/wp\/v2\/tags?post=13910"}],"curies":[{"name":"wp","href":"https:\/\/api.w.org\/{rel}","templated":true}]}}