{"id":13965,"date":"2025-09-29T09:00:43","date_gmt":"2025-09-29T07:00:43","guid":{"rendered":"https:\/\/www.cdu-fraktion-hamburg-mitte.de\/cms\/?p=13965"},"modified":"2025-09-29T09:00:43","modified_gmt":"2025-09-29T07:00:43","slug":"cdu-kritisierte-stillstand-auf-der-gruenanlage-keindorffstrasse-in-wilhelmsburg-kommt-jetzt-bewegung-in-die-angelegenheit","status":"publish","type":"post","link":"https:\/\/www.cdu-fraktion-hamburg-mitte.de\/cms\/cdu-kritisierte-stillstand-auf-der-gruenanlage-keindorffstrasse-in-wilhelmsburg-kommt-jetzt-bewegung-in-die-angelegenheit\/","title":{"rendered":"CDU kritisierte Stillstand auf der Gr\u00fcnanlage Keindorffstra\u00dfe in Wilhelmsburg | Kommt jetzt Bewegung in die Angelegenheit?"},"content":{"rendered":"<p>Mit einer Anfrage an das Bezirksamt Hamburg-Mitte wollte J\u00f6rn Frommann, Regionalsprecher der CDU-Fraktion, im August 2025 wissen, wie es weitergeht mit einem Bolzplatz f\u00fcr Kinder und Jugendliche auf der Gr\u00fcnanlage Keindorffstra\u00dfe im Alten Bahnhofsviertel. Im Juni 2022 wurden die Pl\u00e4ne f\u00fcr den Bolzplatz im Regionalausschuss Wilhelmsburg\/Veddel bekanntgegeben, es passierte jedoch nichts.<\/p>\n<p>Doch nun nach der CDU-Anfrage tut sich etwas in der Keindorffstra\u00dfe. Mit schwerem Ger\u00e4t r\u00fcckte die Stadt an und entfernte den gro\u00dfen Erdhaufen.<\/p>\n<p>J\u00f6rn Frommann hofft, dass endlich Bewegung in die Sache gekommen ist und einige Leute wach geworden sind. F\u00fcr die Kinder und Jugendlichen in Wilhelmsburg bleibt zu w\u00fcnschen, dass die Pl\u00e4ne f\u00fcr den Bolzplatz endlich in die Tat umgesetzt werden.\u201c<\/p>\n","protected":false},"excerpt":{"rendered":"<p>Mit einer Anfrage an das Bezirksamt Hamburg-Mitte wollte J\u00f6rn Frommann, Regionalsprecher der CDU-Fraktion, im August 2025 wissen, wie es weitergeht mit einem Bolzplatz f\u00fcr Kinder und Jugendliche auf der Gr\u00fcnanlage Keindorffstra\u00dfe im Alten Bahnhofsviertel. Im Juni 2022 wurden die Pl\u00e4ne f\u00fcr den Bolzplatz im Regionalausschuss Wilhelmsburg\/Veddel bekanntgegeben, es passierte jedoch&hellip;<\/p>\n","protected":false},"author":45,"featured_media":13966,"comment_status":"closed","ping_status":"closed","sticky":false,"template":"","format":"standard","meta":{"inline_featured_image":false,"footnotes":""},"categories":[1],"tags":[966,766,535,957,516],"class_list":["post-13965","post","type-post","status-publish","format-standard","has-post-thumbnail","hentry","category-aktuelles","tag-altes-bahnhofsviertel","tag-bolzplatz","tag-joern-frommann","tag-keindorffstrasse","tag-wilhelmsburg"],"yoast_head":"<!-- This site is optimized with the Yoast SEO plugin v28.4 - https:\/\/yoast.com\/product\/yoast-seo-wordpress\/ -->\n<title>CDU kritisierte Stillstand auf der Gr\u00fcnanlage Keindorffstra\u00dfe in Wilhelmsburg | Kommt jetzt Bewegung in die Angelegenheit? &#8226; CDU-Bezirksfraktion Hamburg-Mitte<\/title>\n<meta name=\"robots\" content=\"index, follow, max-snippet:-1, max-image-preview:large, max-video-preview:-1\" \/>\n<link rel=\"canonical\" href=\"https:\/\/www.cdu-fraktion-hamburg-mitte.de\/cms\/cdu-kritisierte-stillstand-auf-der-gruenanlage-keindorffstrasse-in-wilhelmsburg-kommt-jetzt-bewegung-in-die-angelegenheit\/\" \/>\n<meta property=\"og:locale\" content=\"de_DE\" \/>\n<meta property=\"og:type\" content=\"article\" \/>\n<meta property=\"og:title\" content=\"CDU kritisierte Stillstand auf der Gr\u00fcnanlage Keindorffstra\u00dfe in Wilhelmsburg | Kommt jetzt Bewegung in die Angelegenheit? &#8226; CDU-Bezirksfraktion Hamburg-Mitte\" \/>\n<meta property=\"og:description\" content=\"Mit einer Anfrage an das Bezirksamt Hamburg-Mitte wollte J\u00f6rn Frommann, Regionalsprecher der CDU-Fraktion, im August 2025 wissen, wie es weitergeht mit einem Bolzplatz f\u00fcr Kinder und Jugendliche auf der Gr\u00fcnanlage Keindorffstra\u00dfe im Alten Bahnhofsviertel. Im Juni 2022 wurden die Pl\u00e4ne f\u00fcr den Bolzplatz im Regionalausschuss Wilhelmsburg\/Veddel bekanntgegeben, es passierte jedoch&hellip;\" \/>\n<meta property=\"og:url\" content=\"https:\/\/www.cdu-fraktion-hamburg-mitte.de\/cms\/cdu-kritisierte-stillstand-auf-der-gruenanlage-keindorffstrasse-in-wilhelmsburg-kommt-jetzt-bewegung-in-die-angelegenheit\/\" \/>\n<meta property=\"og:site_name\" content=\"CDU-Bezirksfraktion Hamburg-Mitte\" \/>\n<meta property=\"article:published_time\" content=\"2025-09-29T07:00:43+00:00\" \/>\n<meta property=\"og:image\" content=\"https:\/\/www.cdu-fraktion-hamburg-mitte.de\/cms\/wp-content\/uploads\/2025\/09\/Keindorffstrasse-e1759129231186.jpg\" \/>\n\t<meta property=\"og:image:width\" content=\"1027\" \/>\n\t<meta property=\"og:image:height\" content=\"666\" \/>\n\t<meta property=\"og:image:type\" content=\"image\/jpeg\" \/>\n<meta name=\"author\" content=\"CDU-Bezirksfraktion Hamburg-Mitte\" \/>\n<meta name=\"twitter:card\" content=\"summary_large_image\" \/>\n<meta name=\"twitter:label1\" content=\"Verfasst von\" \/>\n\t<meta name=\"twitter:data1\" content=\"CDU-Bezirksfraktion Hamburg-Mitte\" \/>\n\t<meta name=\"twitter:label2\" content=\"Gesch\u00e4tzte Lesezeit\" \/>\n\t<meta name=\"twitter:data2\" content=\"1\u00a0Minute\" \/>\n<script type=\"application\/ld+json\" class=\"yoast-schema-graph\">{\"@context\":\"https:\\\/\\\/schema.org\",\"@graph\":[{\"@type\":\"Article\",\"@id\":\"https:\\\/\\\/www.cdu-fraktion-hamburg-mitte.de\\\/cms\\\/cdu-kritisierte-stillstand-auf-der-gruenanlage-keindorffstrasse-in-wilhelmsburg-kommt-jetzt-bewegung-in-die-angelegenheit\\\/#article\",\"isPartOf\":{\"@id\":\"https:\\\/\\\/www.cdu-fraktion-hamburg-mitte.de\\\/cms\\\/cdu-kritisierte-stillstand-auf-der-gruenanlage-keindorffstrasse-in-wilhelmsburg-kommt-jetzt-bewegung-in-die-angelegenheit\\\/\"},\"author\":{\"name\":\"CDU-Bezirksfraktion Hamburg-Mitte\",\"@id\":\"https:\\\/\\\/www.cdu-fraktion-hamburg-mitte.de\\\/cms\\\/#\\\/schema\\\/person\\\/01bd1301f44cce77a35a1506b8747e05\"},\"headline\":\"CDU kritisierte Stillstand auf der Gr\u00fcnanlage Keindorffstra\u00dfe in Wilhelmsburg | Kommt jetzt Bewegung in die Angelegenheit?\",\"datePublished\":\"2025-09-29T07:00:43+00:00\",\"mainEntityOfPage\":{\"@id\":\"https:\\\/\\\/www.cdu-fraktion-hamburg-mitte.de\\\/cms\\\/cdu-kritisierte-stillstand-auf-der-gruenanlage-keindorffstrasse-in-wilhelmsburg-kommt-jetzt-bewegung-in-die-angelegenheit\\\/\"},\"wordCount\":144,\"publisher\":{\"@id\":\"https:\\\/\\\/www.cdu-fraktion-hamburg-mitte.de\\\/cms\\\/#organization\"},\"image\":{\"@id\":\"https:\\\/\\\/www.cdu-fraktion-hamburg-mitte.de\\\/cms\\\/cdu-kritisierte-stillstand-auf-der-gruenanlage-keindorffstrasse-in-wilhelmsburg-kommt-jetzt-bewegung-in-die-angelegenheit\\\/#primaryimage\"},\"thumbnailUrl\":\"https:\\\/\\\/www.cdu-fraktion-hamburg-mitte.de\\\/cms\\\/wp-content\\\/uploads\\\/2025\\\/09\\\/Keindorffstrasse-e1759129231186.jpg\",\"keywords\":[\"Altes Bahnhofsviertel\",\"Bolzplatz\",\"J\u00f6rn Frommann\",\"Keindorffstra\u00dfe\",\"Wilhelmsburg\"],\"articleSection\":[\"Aktuelles\"],\"inLanguage\":\"de\"},{\"@type\":\"WebPage\",\"@id\":\"https:\\\/\\\/www.cdu-fraktion-hamburg-mitte.de\\\/cms\\\/cdu-kritisierte-stillstand-auf-der-gruenanlage-keindorffstrasse-in-wilhelmsburg-kommt-jetzt-bewegung-in-die-angelegenheit\\\/\",\"url\":\"https:\\\/\\\/www.cdu-fraktion-hamburg-mitte.de\\\/cms\\\/cdu-kritisierte-stillstand-auf-der-gruenanlage-keindorffstrasse-in-wilhelmsburg-kommt-jetzt-bewegung-in-die-angelegenheit\\\/\",\"name\":\"CDU kritisierte Stillstand auf der Gr\u00fcnanlage Keindorffstra\u00dfe in Wilhelmsburg | Kommt jetzt Bewegung in die Angelegenheit? &#8226; CDU-Bezirksfraktion Hamburg-Mitte\",\"isPartOf\":{\"@id\":\"https:\\\/\\\/www.cdu-fraktion-hamburg-mitte.de\\\/cms\\\/#website\"},\"primaryImageOfPage\":{\"@id\":\"https:\\\/\\\/www.cdu-fraktion-hamburg-mitte.de\\\/cms\\\/cdu-kritisierte-stillstand-auf-der-gruenanlage-keindorffstrasse-in-wilhelmsburg-kommt-jetzt-bewegung-in-die-angelegenheit\\\/#primaryimage\"},\"image\":{\"@id\":\"https:\\\/\\\/www.cdu-fraktion-hamburg-mitte.de\\\/cms\\\/cdu-kritisierte-stillstand-auf-der-gruenanlage-keindorffstrasse-in-wilhelmsburg-kommt-jetzt-bewegung-in-die-angelegenheit\\\/#primaryimage\"},\"thumbnailUrl\":\"https:\\\/\\\/www.cdu-fraktion-hamburg-mitte.de\\\/cms\\\/wp-content\\\/uploads\\\/2025\\\/09\\\/Keindorffstrasse-e1759129231186.jpg\",\"datePublished\":\"2025-09-29T07:00:43+00:00\",\"breadcrumb\":{\"@id\":\"https:\\\/\\\/www.cdu-fraktion-hamburg-mitte.de\\\/cms\\\/cdu-kritisierte-stillstand-auf-der-gruenanlage-keindorffstrasse-in-wilhelmsburg-kommt-jetzt-bewegung-in-die-angelegenheit\\\/#breadcrumb\"},\"inLanguage\":\"de\",\"potentialAction\":[{\"@type\":\"ReadAction\",\"target\":[\"https:\\\/\\\/www.cdu-fraktion-hamburg-mitte.de\\\/cms\\\/cdu-kritisierte-stillstand-auf-der-gruenanlage-keindorffstrasse-in-wilhelmsburg-kommt-jetzt-bewegung-in-die-angelegenheit\\\/\"]}]},{\"@type\":\"ImageObject\",\"inLanguage\":\"de\",\"@id\":\"https:\\\/\\\/www.cdu-fraktion-hamburg-mitte.de\\\/cms\\\/cdu-kritisierte-stillstand-auf-der-gruenanlage-keindorffstrasse-in-wilhelmsburg-kommt-jetzt-bewegung-in-die-angelegenheit\\\/#primaryimage\",\"url\":\"https:\\\/\\\/www.cdu-fraktion-hamburg-mitte.de\\\/cms\\\/wp-content\\\/uploads\\\/2025\\\/09\\\/Keindorffstrasse-e1759129231186.jpg\",\"contentUrl\":\"https:\\\/\\\/www.cdu-fraktion-hamburg-mitte.de\\\/cms\\\/wp-content\\\/uploads\\\/2025\\\/09\\\/Keindorffstrasse-e1759129231186.jpg\",\"width\":1027,\"height\":666},{\"@type\":\"BreadcrumbList\",\"@id\":\"https:\\\/\\\/www.cdu-fraktion-hamburg-mitte.de\\\/cms\\\/cdu-kritisierte-stillstand-auf-der-gruenanlage-keindorffstrasse-in-wilhelmsburg-kommt-jetzt-bewegung-in-die-angelegenheit\\\/#breadcrumb\",\"itemListElement\":[{\"@type\":\"ListItem\",\"position\":1,\"name\":\"Startseite\",\"item\":\"https:\\\/\\\/www.cdu-fraktion-hamburg-mitte.de\\\/cms\\\/\"},{\"@type\":\"ListItem\",\"position\":2,\"name\":\"CDU kritisierte Stillstand auf der Gr\u00fcnanlage Keindorffstra\u00dfe in Wilhelmsburg | Kommt jetzt Bewegung in die Angelegenheit?\"}]},{\"@type\":\"WebSite\",\"@id\":\"https:\\\/\\\/www.cdu-fraktion-hamburg-mitte.de\\\/cms\\\/#website\",\"url\":\"https:\\\/\\\/www.cdu-fraktion-hamburg-mitte.de\\\/cms\\\/\",\"name\":\"CDU-Bezirksfraktion Hamburg-Mitte\",\"description\":\"Politik in der Bezirksversammlung Hamburg-Mitte\",\"publisher\":{\"@id\":\"https:\\\/\\\/www.cdu-fraktion-hamburg-mitte.de\\\/cms\\\/#organization\"},\"potentialAction\":[{\"@type\":\"SearchAction\",\"target\":{\"@type\":\"EntryPoint\",\"urlTemplate\":\"https:\\\/\\\/www.cdu-fraktion-hamburg-mitte.de\\\/cms\\\/?s={search_term_string}\"},\"query-input\":{\"@type\":\"PropertyValueSpecification\",\"valueRequired\":true,\"valueName\":\"search_term_string\"}}],\"inLanguage\":\"de\"},{\"@type\":\"Organization\",\"@id\":\"https:\\\/\\\/www.cdu-fraktion-hamburg-mitte.de\\\/cms\\\/#organization\",\"name\":\"CDU-B\u00fcrgerschaftsfraktion Hamburg\",\"url\":\"https:\\\/\\\/www.cdu-fraktion-hamburg-mitte.de\\\/cms\\\/\",\"logo\":{\"@type\":\"ImageObject\",\"inLanguage\":\"de\",\"@id\":\"https:\\\/\\\/www.cdu-fraktion-hamburg-mitte.de\\\/cms\\\/#\\\/schema\\\/logo\\\/image\\\/\",\"url\":\"\",\"contentUrl\":\"\",\"caption\":\"CDU-B\u00fcrgerschaftsfraktion Hamburg\"},\"image\":{\"@id\":\"https:\\\/\\\/www.cdu-fraktion-hamburg-mitte.de\\\/cms\\\/#\\\/schema\\\/logo\\\/image\\\/\"}},{\"@type\":\"Person\",\"@id\":\"https:\\\/\\\/www.cdu-fraktion-hamburg-mitte.de\\\/cms\\\/#\\\/schema\\\/person\\\/01bd1301f44cce77a35a1506b8747e05\",\"name\":\"CDU-Bezirksfraktion Hamburg-Mitte\",\"image\":{\"@type\":\"ImageObject\",\"inLanguage\":\"de\",\"@id\":\"https:\\\/\\\/www.cdu-fraktion-hamburg-mitte.de\\\/cms\\\/wp-content\\\/uploads\\\/2023\\\/11\\\/CDU-Logo-Avatar-150x150.png\",\"url\":\"https:\\\/\\\/www.cdu-fraktion-hamburg-mitte.de\\\/cms\\\/wp-content\\\/uploads\\\/2023\\\/11\\\/CDU-Logo-Avatar-150x150.png\",\"contentUrl\":\"https:\\\/\\\/www.cdu-fraktion-hamburg-mitte.de\\\/cms\\\/wp-content\\\/uploads\\\/2023\\\/11\\\/CDU-Logo-Avatar-150x150.png\",\"caption\":\"CDU-Bezirksfraktion Hamburg-Mitte\"},\"url\":\"https:\\\/\\\/www.cdu-fraktion-hamburg-mitte.de\\\/cms\\\/author\\\/fraktion\\\/\"}]}<\/script>\n<!-- \/ Yoast SEO plugin. -->","yoast_head_json":{"title":"CDU kritisierte Stillstand auf der Gr\u00fcnanlage Keindorffstra\u00dfe in Wilhelmsburg | Kommt jetzt Bewegung in die Angelegenheit? &#8226; CDU-Bezirksfraktion Hamburg-Mitte","robots":{"index":"index","follow":"follow","max-snippet":"max-snippet:-1","max-image-preview":"max-image-preview:large","max-video-preview":"max-video-preview:-1"},"canonical":"https:\/\/www.cdu-fraktion-hamburg-mitte.de\/cms\/cdu-kritisierte-stillstand-auf-der-gruenanlage-keindorffstrasse-in-wilhelmsburg-kommt-jetzt-bewegung-in-die-angelegenheit\/","og_locale":"de_DE","og_type":"article","og_title":"CDU kritisierte Stillstand auf der Gr\u00fcnanlage Keindorffstra\u00dfe in Wilhelmsburg | Kommt jetzt Bewegung in die Angelegenheit? &#8226; CDU-Bezirksfraktion Hamburg-Mitte","og_description":"Mit einer Anfrage an das Bezirksamt Hamburg-Mitte wollte J\u00f6rn Frommann, Regionalsprecher der CDU-Fraktion, im August 2025 wissen, wie es weitergeht mit einem Bolzplatz f\u00fcr Kinder und Jugendliche auf der Gr\u00fcnanlage Keindorffstra\u00dfe im Alten Bahnhofsviertel. Im Juni 2022 wurden die Pl\u00e4ne f\u00fcr den Bolzplatz im Regionalausschuss Wilhelmsburg\/Veddel bekanntgegeben, es passierte jedoch&hellip;","og_url":"https:\/\/www.cdu-fraktion-hamburg-mitte.de\/cms\/cdu-kritisierte-stillstand-auf-der-gruenanlage-keindorffstrasse-in-wilhelmsburg-kommt-jetzt-bewegung-in-die-angelegenheit\/","og_site_name":"CDU-Bezirksfraktion Hamburg-Mitte","article_published_time":"2025-09-29T07:00:43+00:00","og_image":[{"width":1027,"height":666,"url":"https:\/\/www.cdu-fraktion-hamburg-mitte.de\/cms\/wp-content\/uploads\/2025\/09\/Keindorffstrasse-e1759129231186.jpg","type":"image\/jpeg"}],"author":"CDU-Bezirksfraktion Hamburg-Mitte","twitter_card":"summary_large_image","twitter_misc":{"Verfasst von":"CDU-Bezirksfraktion Hamburg-Mitte","Gesch\u00e4tzte Lesezeit":"1\u00a0Minute"},"schema":{"@context":"https:\/\/schema.org","@graph":[{"@type":"Article","@id":"https:\/\/www.cdu-fraktion-hamburg-mitte.de\/cms\/cdu-kritisierte-stillstand-auf-der-gruenanlage-keindorffstrasse-in-wilhelmsburg-kommt-jetzt-bewegung-in-die-angelegenheit\/#article","isPartOf":{"@id":"https:\/\/www.cdu-fraktion-hamburg-mitte.de\/cms\/cdu-kritisierte-stillstand-auf-der-gruenanlage-keindorffstrasse-in-wilhelmsburg-kommt-jetzt-bewegung-in-die-angelegenheit\/"},"author":{"name":"CDU-Bezirksfraktion Hamburg-Mitte","@id":"https:\/\/www.cdu-fraktion-hamburg-mitte.de\/cms\/#\/schema\/person\/01bd1301f44cce77a35a1506b8747e05"},"headline":"CDU kritisierte Stillstand auf der Gr\u00fcnanlage Keindorffstra\u00dfe in Wilhelmsburg | Kommt jetzt Bewegung in die Angelegenheit?","datePublished":"2025-09-29T07:00:43+00:00","mainEntityOfPage":{"@id":"https:\/\/www.cdu-fraktion-hamburg-mitte.de\/cms\/cdu-kritisierte-stillstand-auf-der-gruenanlage-keindorffstrasse-in-wilhelmsburg-kommt-jetzt-bewegung-in-die-angelegenheit\/"},"wordCount":144,"publisher":{"@id":"https:\/\/www.cdu-fraktion-hamburg-mitte.de\/cms\/#organization"},"image":{"@id":"https:\/\/www.cdu-fraktion-hamburg-mitte.de\/cms\/cdu-kritisierte-stillstand-auf-der-gruenanlage-keindorffstrasse-in-wilhelmsburg-kommt-jetzt-bewegung-in-die-angelegenheit\/#primaryimage"},"thumbnailUrl":"https:\/\/www.cdu-fraktion-hamburg-mitte.de\/cms\/wp-content\/uploads\/2025\/09\/Keindorffstrasse-e1759129231186.jpg","keywords":["Altes Bahnhofsviertel","Bolzplatz","J\u00f6rn Frommann","Keindorffstra\u00dfe","Wilhelmsburg"],"articleSection":["Aktuelles"],"inLanguage":"de"},{"@type":"WebPage","@id":"https:\/\/www.cdu-fraktion-hamburg-mitte.de\/cms\/cdu-kritisierte-stillstand-auf-der-gruenanlage-keindorffstrasse-in-wilhelmsburg-kommt-jetzt-bewegung-in-die-angelegenheit\/","url":"https:\/\/www.cdu-fraktion-hamburg-mitte.de\/cms\/cdu-kritisierte-stillstand-auf-der-gruenanlage-keindorffstrasse-in-wilhelmsburg-kommt-jetzt-bewegung-in-die-angelegenheit\/","name":"CDU kritisierte Stillstand auf der Gr\u00fcnanlage Keindorffstra\u00dfe in Wilhelmsburg | Kommt jetzt Bewegung in die Angelegenheit? &#8226; CDU-Bezirksfraktion Hamburg-Mitte","isPartOf":{"@id":"https:\/\/www.cdu-fraktion-hamburg-mitte.de\/cms\/#website"},"primaryImageOfPage":{"@id":"https:\/\/www.cdu-fraktion-hamburg-mitte.de\/cms\/cdu-kritisierte-stillstand-auf-der-gruenanlage-keindorffstrasse-in-wilhelmsburg-kommt-jetzt-bewegung-in-die-angelegenheit\/#primaryimage"},"image":{"@id":"https:\/\/www.cdu-fraktion-hamburg-mitte.de\/cms\/cdu-kritisierte-stillstand-auf-der-gruenanlage-keindorffstrasse-in-wilhelmsburg-kommt-jetzt-bewegung-in-die-angelegenheit\/#primaryimage"},"thumbnailUrl":"https:\/\/www.cdu-fraktion-hamburg-mitte.de\/cms\/wp-content\/uploads\/2025\/09\/Keindorffstrasse-e1759129231186.jpg","datePublished":"2025-09-29T07:00:43+00:00","breadcrumb":{"@id":"https:\/\/www.cdu-fraktion-hamburg-mitte.de\/cms\/cdu-kritisierte-stillstand-auf-der-gruenanlage-keindorffstrasse-in-wilhelmsburg-kommt-jetzt-bewegung-in-die-angelegenheit\/#breadcrumb"},"inLanguage":"de","potentialAction":[{"@type":"ReadAction","target":["https:\/\/www.cdu-fraktion-hamburg-mitte.de\/cms\/cdu-kritisierte-stillstand-auf-der-gruenanlage-keindorffstrasse-in-wilhelmsburg-kommt-jetzt-bewegung-in-die-angelegenheit\/"]}]},{"@type":"ImageObject","inLanguage":"de","@id":"https:\/\/www.cdu-fraktion-hamburg-mitte.de\/cms\/cdu-kritisierte-stillstand-auf-der-gruenanlage-keindorffstrasse-in-wilhelmsburg-kommt-jetzt-bewegung-in-die-angelegenheit\/#primaryimage","url":"https:\/\/www.cdu-fraktion-hamburg-mitte.de\/cms\/wp-content\/uploads\/2025\/09\/Keindorffstrasse-e1759129231186.jpg","contentUrl":"https:\/\/www.cdu-fraktion-hamburg-mitte.de\/cms\/wp-content\/uploads\/2025\/09\/Keindorffstrasse-e1759129231186.jpg","width":1027,"height":666},{"@type":"BreadcrumbList","@id":"https:\/\/www.cdu-fraktion-hamburg-mitte.de\/cms\/cdu-kritisierte-stillstand-auf-der-gruenanlage-keindorffstrasse-in-wilhelmsburg-kommt-jetzt-bewegung-in-die-angelegenheit\/#breadcrumb","itemListElement":[{"@type":"ListItem","position":1,"name":"Startseite","item":"https:\/\/www.cdu-fraktion-hamburg-mitte.de\/cms\/"},{"@type":"ListItem","position":2,"name":"CDU kritisierte Stillstand auf der Gr\u00fcnanlage Keindorffstra\u00dfe in Wilhelmsburg | Kommt jetzt Bewegung in die Angelegenheit?"}]},{"@type":"WebSite","@id":"https:\/\/www.cdu-fraktion-hamburg-mitte.de\/cms\/#website","url":"https:\/\/www.cdu-fraktion-hamburg-mitte.de\/cms\/","name":"CDU-Bezirksfraktion Hamburg-Mitte","description":"Politik in der Bezirksversammlung Hamburg-Mitte","publisher":{"@id":"https:\/\/www.cdu-fraktion-hamburg-mitte.de\/cms\/#organization"},"potentialAction":[{"@type":"SearchAction","target":{"@type":"EntryPoint","urlTemplate":"https:\/\/www.cdu-fraktion-hamburg-mitte.de\/cms\/?s={search_term_string}"},"query-input":{"@type":"PropertyValueSpecification","valueRequired":true,"valueName":"search_term_string"}}],"inLanguage":"de"},{"@type":"Organization","@id":"https:\/\/www.cdu-fraktion-hamburg-mitte.de\/cms\/#organization","name":"CDU-B\u00fcrgerschaftsfraktion Hamburg","url":"https:\/\/www.cdu-fraktion-hamburg-mitte.de\/cms\/","logo":{"@type":"ImageObject","inLanguage":"de","@id":"https:\/\/www.cdu-fraktion-hamburg-mitte.de\/cms\/#\/schema\/logo\/image\/","url":"","contentUrl":"","caption":"CDU-B\u00fcrgerschaftsfraktion Hamburg"},"image":{"@id":"https:\/\/www.cdu-fraktion-hamburg-mitte.de\/cms\/#\/schema\/logo\/image\/"}},{"@type":"Person","@id":"https:\/\/www.cdu-fraktion-hamburg-mitte.de\/cms\/#\/schema\/person\/01bd1301f44cce77a35a1506b8747e05","name":"CDU-Bezirksfraktion Hamburg-Mitte","image":{"@type":"ImageObject","inLanguage":"de","@id":"https:\/\/www.cdu-fraktion-hamburg-mitte.de\/cms\/wp-content\/uploads\/2023\/11\/CDU-Logo-Avatar-150x150.png","url":"https:\/\/www.cdu-fraktion-hamburg-mitte.de\/cms\/wp-content\/uploads\/2023\/11\/CDU-Logo-Avatar-150x150.png","contentUrl":"https:\/\/www.cdu-fraktion-hamburg-mitte.de\/cms\/wp-content\/uploads\/2023\/11\/CDU-Logo-Avatar-150x150.png","caption":"CDU-Bezirksfraktion Hamburg-Mitte"},"url":"https:\/\/www.cdu-fraktion-hamburg-mitte.de\/cms\/author\/fraktion\/"}]}},"_links":{"self":[{"href":"https:\/\/www.cdu-fraktion-hamburg-mitte.de\/cms\/wp-json\/wp\/v2\/posts\/13965","targetHints":{"allow":["GET"]}}],"collection":[{"href":"https:\/\/www.cdu-fraktion-hamburg-mitte.de\/cms\/wp-json\/wp\/v2\/posts"}],"about":[{"href":"https:\/\/www.cdu-fraktion-hamburg-mitte.de\/cms\/wp-json\/wp\/v2\/types\/post"}],"author":[{"embeddable":true,"href":"https:\/\/www.cdu-fraktion-hamburg-mitte.de\/cms\/wp-json\/wp\/v2\/users\/45"}],"replies":[{"embeddable":true,"href":"https:\/\/www.cdu-fraktion-hamburg-mitte.de\/cms\/wp-json\/wp\/v2\/comments?post=13965"}],"version-history":[{"count":1,"href":"https:\/\/www.cdu-fraktion-hamburg-mitte.de\/cms\/wp-json\/wp\/v2\/posts\/13965\/revisions"}],"predecessor-version":[{"id":13967,"href":"https:\/\/www.cdu-fraktion-hamburg-mitte.de\/cms\/wp-json\/wp\/v2\/posts\/13965\/revisions\/13967"}],"wp:featuredmedia":[{"embeddable":true,"href":"https:\/\/www.cdu-fraktion-hamburg-mitte.de\/cms\/wp-json\/wp\/v2\/media\/13966"}],"wp:attachment":[{"href":"https:\/\/www.cdu-fraktion-hamburg-mitte.de\/cms\/wp-json\/wp\/v2\/media?parent=13965"}],"wp:term":[{"taxonomy":"category","embeddable":true,"href":"https:\/\/www.cdu-fraktion-hamburg-mitte.de\/cms\/wp-json\/wp\/v2\/categories?post=13965"},{"taxonomy":"post_tag","embeddable":true,"href":"https:\/\/www.cdu-fraktion-hamburg-mitte.de\/cms\/wp-json\/wp\/v2\/tags?post=13965"}],"curies":[{"name":"wp","href":"https:\/\/api.w.org\/{rel}","templated":true}]}}