{"id":13973,"date":"2025-10-20T09:17:08","date_gmt":"2025-10-20T07:17:08","guid":{"rendered":"https:\/\/www.cdu-fraktion-hamburg-mitte.de\/cms\/?p=13973"},"modified":"2025-10-29T07:24:43","modified_gmt":"2025-10-29T06:24:43","slug":"fabian-haase-in-das-praesidium-der-bezirksversammlung-hamburg-mitte-gewaehlt","status":"publish","type":"post","link":"https:\/\/www.cdu-fraktion-hamburg-mitte.de\/cms\/fabian-haase-in-das-praesidium-der-bezirksversammlung-hamburg-mitte-gewaehlt\/","title":{"rendered":"Fabian Haase in das Pr\u00e4sidium der Bezirksversammlung Hamburg-Mitte gew\u00e4hlt"},"content":{"rendered":"<p>Im Rahmen ihrer Sitzung am 16. Oktober 2025 haben die Mitglieder der Bezirksversammlung Hamburg-Mitte Fabian Haase zum stellvertretenden Vorsitzenden der Bezirksversammlung gew\u00e4hlt.<\/p>\n<h6><strong>Haase wird Nachfolger von Blaschka<\/strong><\/h6>\n<p>Herr Haase (39 Jahre) tritt damit die Nachfolge von Frau Stefanie Blaschka an, die ihr Mandat in der Bezirksversammlung niedergelegt hat, um sich ganz ihrer Arbeit als gew\u00e4hltes Mitglied der Hamburgischen B\u00fcrgerschaft zu widmen.<\/p>\n<p>Wir gratulieren Fabian herzlich zur Wahl in seine neue Position und w\u00fcnschen Ihm alles Gute, viel Erfolg und eine gute und umsichtige Entscheidungskraft in seinem neuen Amt.<\/p>\n<p>Stefanie danken wir f\u00fcr Ihre langj\u00e4hrige, wertvolle und engagierte Arbeit in der CDU-Bezirksfraktion Hamburg-Mitte und w\u00fcnschen Ihr alles Gute f\u00fcr Ihre Zukunft.<\/p>\n<p><a href=\"https:\/\/www.cdu-fraktion-hamburg-mitte.de\/cms\/wp-content\/uploads\/2025\/10\/Wahl_stellv._BV_Vorsitz-e1761718753434.jpg\"><img fetchpriority=\"high\" decoding=\"async\" class=\"alignnone size-full wp-image-13986\" src=\"https:\/\/www.cdu-fraktion-hamburg-mitte.de\/cms\/wp-content\/uploads\/2025\/10\/Wahl_stellv._BV_Vorsitz-e1761718753434.jpg\" alt=\"\" width=\"1207\" height=\"1200\" srcset=\"https:\/\/www.cdu-fraktion-hamburg-mitte.de\/cms\/wp-content\/uploads\/2025\/10\/Wahl_stellv._BV_Vorsitz-e1761718753434.jpg 1207w, https:\/\/www.cdu-fraktion-hamburg-mitte.de\/cms\/wp-content\/uploads\/2025\/10\/Wahl_stellv._BV_Vorsitz-e1761718753434-640x636.jpg 640w, https:\/\/www.cdu-fraktion-hamburg-mitte.de\/cms\/wp-content\/uploads\/2025\/10\/Wahl_stellv._BV_Vorsitz-e1761718753434-160x160.jpg 160w, https:\/\/www.cdu-fraktion-hamburg-mitte.de\/cms\/wp-content\/uploads\/2025\/10\/Wahl_stellv._BV_Vorsitz-e1761718753434-768x764.jpg 768w, https:\/\/www.cdu-fraktion-hamburg-mitte.de\/cms\/wp-content\/uploads\/2025\/10\/Wahl_stellv._BV_Vorsitz-e1761718753434-150x150.jpg 150w, https:\/\/www.cdu-fraktion-hamburg-mitte.de\/cms\/wp-content\/uploads\/2025\/10\/Wahl_stellv._BV_Vorsitz-e1761718753434-70x70.jpg 70w, https:\/\/www.cdu-fraktion-hamburg-mitte.de\/cms\/wp-content\/uploads\/2025\/10\/Wahl_stellv._BV_Vorsitz-e1761718753434-370x368.jpg 370w, https:\/\/www.cdu-fraktion-hamburg-mitte.de\/cms\/wp-content\/uploads\/2025\/10\/Wahl_stellv._BV_Vorsitz-e1761718753434-90x90.jpg 90w, https:\/\/www.cdu-fraktion-hamburg-mitte.de\/cms\/wp-content\/uploads\/2025\/10\/Wahl_stellv._BV_Vorsitz-e1761718753434-180x180.jpg 180w, https:\/\/www.cdu-fraktion-hamburg-mitte.de\/cms\/wp-content\/uploads\/2025\/10\/Wahl_stellv._BV_Vorsitz-e1761718753434-760x756.jpg 760w, https:\/\/www.cdu-fraktion-hamburg-mitte.de\/cms\/wp-content\/uploads\/2025\/10\/Wahl_stellv._BV_Vorsitz-e1761718753434-570x567.jpg 570w, https:\/\/www.cdu-fraktion-hamburg-mitte.de\/cms\/wp-content\/uploads\/2025\/10\/Wahl_stellv._BV_Vorsitz-e1761718753434-1140x1133.jpg 1140w\" sizes=\"(max-width: 1207px) 100vw, 1207px\" \/><\/a><br \/>\nBild v.r.n.l.: Dr. Gunter B\u00f6ttcher, CDU-Fraktionsvorsitzender, Fabian Haase, stellv. Vorsitzender der Bezirksversammlung, Ralf Neubauer, Bezirksamtsleiter, Carina Oestreich, Vorsitzende der Bezirksversammlung<\/p>\n","protected":false},"excerpt":{"rendered":"<p>Im Rahmen ihrer Sitzung am 16. Oktober 2025 haben die Mitglieder der Bezirksversammlung Hamburg-Mitte Fabian Haase zum stellvertretenden Vorsitzenden der Bezirksversammlung gew\u00e4hlt. Haase wird Nachfolger von Blaschka Herr Haase (39 Jahre) tritt damit die Nachfolge von Frau Stefanie Blaschka an, die ihr Mandat in der Bezirksversammlung niedergelegt hat, um sich&hellip;<\/p>\n","protected":false},"author":45,"featured_media":13974,"comment_status":"closed","ping_status":"closed","sticky":false,"template":"","format":"standard","meta":{"inline_featured_image":false,"footnotes":""},"categories":[1],"tags":[968,820,520],"class_list":["post-13973","post","type-post","status-publish","format-standard","has-post-thumbnail","hentry","category-aktuelles","tag-bezirksversammlung-hamburg-mitte","tag-fabian-haase","tag-stefanie-blaschka"],"yoast_head":"<!-- This site is optimized with the Yoast SEO plugin v27.4 - https:\/\/yoast.com\/product\/yoast-seo-wordpress\/ -->\n<title>Fabian Haase in das Pr\u00e4sidium der Bezirksversammlung Hamburg-Mitte gew\u00e4hlt &#8226; CDU-Bezirksfraktion Hamburg-Mitte<\/title>\n<meta name=\"robots\" content=\"index, follow, max-snippet:-1, max-image-preview:large, max-video-preview:-1\" \/>\n<link rel=\"canonical\" href=\"https:\/\/www.cdu-fraktion-hamburg-mitte.de\/cms\/fabian-haase-in-das-praesidium-der-bezirksversammlung-hamburg-mitte-gewaehlt\/\" \/>\n<meta property=\"og:locale\" content=\"de_DE\" \/>\n<meta property=\"og:type\" content=\"article\" \/>\n<meta property=\"og:title\" content=\"Fabian Haase in das Pr\u00e4sidium der Bezirksversammlung Hamburg-Mitte gew\u00e4hlt &#8226; CDU-Bezirksfraktion Hamburg-Mitte\" \/>\n<meta property=\"og:description\" content=\"Im Rahmen ihrer Sitzung am 16. Oktober 2025 haben die Mitglieder der Bezirksversammlung Hamburg-Mitte Fabian Haase zum stellvertretenden Vorsitzenden der Bezirksversammlung gew\u00e4hlt. Haase wird Nachfolger von Blaschka Herr Haase (39 Jahre) tritt damit die Nachfolge von Frau Stefanie Blaschka an, die ihr Mandat in der Bezirksversammlung niedergelegt hat, um sich&hellip;\" \/>\n<meta property=\"og:url\" content=\"https:\/\/www.cdu-fraktion-hamburg-mitte.de\/cms\/fabian-haase-in-das-praesidium-der-bezirksversammlung-hamburg-mitte-gewaehlt\/\" \/>\n<meta property=\"og:site_name\" content=\"CDU-Bezirksfraktion Hamburg-Mitte\" \/>\n<meta property=\"article:published_time\" content=\"2025-10-20T07:17:08+00:00\" \/>\n<meta property=\"article:modified_time\" content=\"2025-10-29T06:24:43+00:00\" \/>\n<meta property=\"og:image\" content=\"https:\/\/www.cdu-fraktion-hamburg-mitte.de\/cms\/wp-content\/uploads\/2025\/10\/Blaschka_Haase_10.2025.jpg\" \/>\n\t<meta property=\"og:image:width\" content=\"1013\" \/>\n\t<meta property=\"og:image:height\" content=\"1161\" \/>\n\t<meta property=\"og:image:type\" content=\"image\/jpeg\" \/>\n<meta name=\"author\" content=\"fraktion\" \/>\n<meta name=\"twitter:card\" content=\"summary_large_image\" \/>\n<meta name=\"twitter:label1\" content=\"Verfasst von\" \/>\n\t<meta name=\"twitter:data1\" content=\"fraktion\" \/>\n\t<meta name=\"twitter:label2\" content=\"Gesch\u00e4tzte Lesezeit\" \/>\n\t<meta name=\"twitter:data2\" content=\"2\u00a0Minuten\" \/>\n<script type=\"application\/ld+json\" class=\"yoast-schema-graph\">{\"@context\":\"https:\\\/\\\/schema.org\",\"@graph\":[{\"@type\":\"Article\",\"@id\":\"https:\\\/\\\/www.cdu-fraktion-hamburg-mitte.de\\\/cms\\\/fabian-haase-in-das-praesidium-der-bezirksversammlung-hamburg-mitte-gewaehlt\\\/#article\",\"isPartOf\":{\"@id\":\"https:\\\/\\\/www.cdu-fraktion-hamburg-mitte.de\\\/cms\\\/fabian-haase-in-das-praesidium-der-bezirksversammlung-hamburg-mitte-gewaehlt\\\/\"},\"author\":{\"name\":\"fraktion\",\"@id\":\"https:\\\/\\\/www.cdu-fraktion-hamburg-mitte.de\\\/cms\\\/#\\\/schema\\\/person\\\/01bd1301f44cce77a35a1506b8747e05\"},\"headline\":\"Fabian Haase in das Pr\u00e4sidium der Bezirksversammlung Hamburg-Mitte gew\u00e4hlt\",\"datePublished\":\"2025-10-20T07:17:08+00:00\",\"dateModified\":\"2025-10-29T06:24:43+00:00\",\"mainEntityOfPage\":{\"@id\":\"https:\\\/\\\/www.cdu-fraktion-hamburg-mitte.de\\\/cms\\\/fabian-haase-in-das-praesidium-der-bezirksversammlung-hamburg-mitte-gewaehlt\\\/\"},\"wordCount\":150,\"publisher\":{\"@id\":\"https:\\\/\\\/www.cdu-fraktion-hamburg-mitte.de\\\/cms\\\/#organization\"},\"image\":{\"@id\":\"https:\\\/\\\/www.cdu-fraktion-hamburg-mitte.de\\\/cms\\\/fabian-haase-in-das-praesidium-der-bezirksversammlung-hamburg-mitte-gewaehlt\\\/#primaryimage\"},\"thumbnailUrl\":\"https:\\\/\\\/www.cdu-fraktion-hamburg-mitte.de\\\/cms\\\/wp-content\\\/uploads\\\/2025\\\/10\\\/Blaschka_Haase_10.2025.jpg\",\"keywords\":[\"Bezirksversammlung Hamburg-Mitte\",\"Fabian Haase\",\"Stefanie Blaschka\"],\"articleSection\":[\"Aktuelles\"],\"inLanguage\":\"de\"},{\"@type\":\"WebPage\",\"@id\":\"https:\\\/\\\/www.cdu-fraktion-hamburg-mitte.de\\\/cms\\\/fabian-haase-in-das-praesidium-der-bezirksversammlung-hamburg-mitte-gewaehlt\\\/\",\"url\":\"https:\\\/\\\/www.cdu-fraktion-hamburg-mitte.de\\\/cms\\\/fabian-haase-in-das-praesidium-der-bezirksversammlung-hamburg-mitte-gewaehlt\\\/\",\"name\":\"Fabian Haase in das Pr\u00e4sidium der Bezirksversammlung Hamburg-Mitte gew\u00e4hlt &#8226; CDU-Bezirksfraktion Hamburg-Mitte\",\"isPartOf\":{\"@id\":\"https:\\\/\\\/www.cdu-fraktion-hamburg-mitte.de\\\/cms\\\/#website\"},\"primaryImageOfPage\":{\"@id\":\"https:\\\/\\\/www.cdu-fraktion-hamburg-mitte.de\\\/cms\\\/fabian-haase-in-das-praesidium-der-bezirksversammlung-hamburg-mitte-gewaehlt\\\/#primaryimage\"},\"image\":{\"@id\":\"https:\\\/\\\/www.cdu-fraktion-hamburg-mitte.de\\\/cms\\\/fabian-haase-in-das-praesidium-der-bezirksversammlung-hamburg-mitte-gewaehlt\\\/#primaryimage\"},\"thumbnailUrl\":\"https:\\\/\\\/www.cdu-fraktion-hamburg-mitte.de\\\/cms\\\/wp-content\\\/uploads\\\/2025\\\/10\\\/Blaschka_Haase_10.2025.jpg\",\"datePublished\":\"2025-10-20T07:17:08+00:00\",\"dateModified\":\"2025-10-29T06:24:43+00:00\",\"breadcrumb\":{\"@id\":\"https:\\\/\\\/www.cdu-fraktion-hamburg-mitte.de\\\/cms\\\/fabian-haase-in-das-praesidium-der-bezirksversammlung-hamburg-mitte-gewaehlt\\\/#breadcrumb\"},\"inLanguage\":\"de\",\"potentialAction\":[{\"@type\":\"ReadAction\",\"target\":[\"https:\\\/\\\/www.cdu-fraktion-hamburg-mitte.de\\\/cms\\\/fabian-haase-in-das-praesidium-der-bezirksversammlung-hamburg-mitte-gewaehlt\\\/\"]}]},{\"@type\":\"ImageObject\",\"inLanguage\":\"de\",\"@id\":\"https:\\\/\\\/www.cdu-fraktion-hamburg-mitte.de\\\/cms\\\/fabian-haase-in-das-praesidium-der-bezirksversammlung-hamburg-mitte-gewaehlt\\\/#primaryimage\",\"url\":\"https:\\\/\\\/www.cdu-fraktion-hamburg-mitte.de\\\/cms\\\/wp-content\\\/uploads\\\/2025\\\/10\\\/Blaschka_Haase_10.2025.jpg\",\"contentUrl\":\"https:\\\/\\\/www.cdu-fraktion-hamburg-mitte.de\\\/cms\\\/wp-content\\\/uploads\\\/2025\\\/10\\\/Blaschka_Haase_10.2025.jpg\",\"width\":1013,\"height\":1161},{\"@type\":\"BreadcrumbList\",\"@id\":\"https:\\\/\\\/www.cdu-fraktion-hamburg-mitte.de\\\/cms\\\/fabian-haase-in-das-praesidium-der-bezirksversammlung-hamburg-mitte-gewaehlt\\\/#breadcrumb\",\"itemListElement\":[{\"@type\":\"ListItem\",\"position\":1,\"name\":\"Startseite\",\"item\":\"https:\\\/\\\/www.cdu-fraktion-hamburg-mitte.de\\\/cms\\\/\"},{\"@type\":\"ListItem\",\"position\":2,\"name\":\"Fabian Haase in das Pr\u00e4sidium der Bezirksversammlung Hamburg-Mitte gew\u00e4hlt\"}]},{\"@type\":\"WebSite\",\"@id\":\"https:\\\/\\\/www.cdu-fraktion-hamburg-mitte.de\\\/cms\\\/#website\",\"url\":\"https:\\\/\\\/www.cdu-fraktion-hamburg-mitte.de\\\/cms\\\/\",\"name\":\"CDU-Bezirksfraktion Hamburg-Mitte\",\"description\":\"Politik in der Bezirksversammlung Hamburg-Mitte\",\"publisher\":{\"@id\":\"https:\\\/\\\/www.cdu-fraktion-hamburg-mitte.de\\\/cms\\\/#organization\"},\"potentialAction\":[{\"@type\":\"SearchAction\",\"target\":{\"@type\":\"EntryPoint\",\"urlTemplate\":\"https:\\\/\\\/www.cdu-fraktion-hamburg-mitte.de\\\/cms\\\/?s={search_term_string}\"},\"query-input\":{\"@type\":\"PropertyValueSpecification\",\"valueRequired\":true,\"valueName\":\"search_term_string\"}}],\"inLanguage\":\"de\"},{\"@type\":\"Organization\",\"@id\":\"https:\\\/\\\/www.cdu-fraktion-hamburg-mitte.de\\\/cms\\\/#organization\",\"name\":\"CDU-B\u00fcrgerschaftsfraktion Hamburg\",\"url\":\"https:\\\/\\\/www.cdu-fraktion-hamburg-mitte.de\\\/cms\\\/\",\"logo\":{\"@type\":\"ImageObject\",\"inLanguage\":\"de\",\"@id\":\"https:\\\/\\\/www.cdu-fraktion-hamburg-mitte.de\\\/cms\\\/#\\\/schema\\\/logo\\\/image\\\/\",\"url\":\"\",\"contentUrl\":\"\",\"caption\":\"CDU-B\u00fcrgerschaftsfraktion Hamburg\"},\"image\":{\"@id\":\"https:\\\/\\\/www.cdu-fraktion-hamburg-mitte.de\\\/cms\\\/#\\\/schema\\\/logo\\\/image\\\/\"}},{\"@type\":\"Person\",\"@id\":\"https:\\\/\\\/www.cdu-fraktion-hamburg-mitte.de\\\/cms\\\/#\\\/schema\\\/person\\\/01bd1301f44cce77a35a1506b8747e05\",\"name\":\"fraktion\",\"image\":{\"@type\":\"ImageObject\",\"inLanguage\":\"de\",\"@id\":\"https:\\\/\\\/www.cdu-fraktion-hamburg-mitte.de\\\/cms\\\/wp-content\\\/uploads\\\/2023\\\/11\\\/CDU-Logo-Avatar-150x150.png\",\"url\":\"https:\\\/\\\/www.cdu-fraktion-hamburg-mitte.de\\\/cms\\\/wp-content\\\/uploads\\\/2023\\\/11\\\/CDU-Logo-Avatar-150x150.png\",\"contentUrl\":\"https:\\\/\\\/www.cdu-fraktion-hamburg-mitte.de\\\/cms\\\/wp-content\\\/uploads\\\/2023\\\/11\\\/CDU-Logo-Avatar-150x150.png\",\"caption\":\"fraktion\"},\"url\":\"https:\\\/\\\/www.cdu-fraktion-hamburg-mitte.de\\\/cms\\\/author\\\/fraktion\\\/\"}]}<\/script>\n<!-- \/ Yoast SEO plugin. -->","yoast_head_json":{"title":"Fabian Haase in das Pr\u00e4sidium der Bezirksversammlung Hamburg-Mitte gew\u00e4hlt &#8226; CDU-Bezirksfraktion Hamburg-Mitte","robots":{"index":"index","follow":"follow","max-snippet":"max-snippet:-1","max-image-preview":"max-image-preview:large","max-video-preview":"max-video-preview:-1"},"canonical":"https:\/\/www.cdu-fraktion-hamburg-mitte.de\/cms\/fabian-haase-in-das-praesidium-der-bezirksversammlung-hamburg-mitte-gewaehlt\/","og_locale":"de_DE","og_type":"article","og_title":"Fabian Haase in das Pr\u00e4sidium der Bezirksversammlung Hamburg-Mitte gew\u00e4hlt &#8226; CDU-Bezirksfraktion Hamburg-Mitte","og_description":"Im Rahmen ihrer Sitzung am 16. Oktober 2025 haben die Mitglieder der Bezirksversammlung Hamburg-Mitte Fabian Haase zum stellvertretenden Vorsitzenden der Bezirksversammlung gew\u00e4hlt. Haase wird Nachfolger von Blaschka Herr Haase (39 Jahre) tritt damit die Nachfolge von Frau Stefanie Blaschka an, die ihr Mandat in der Bezirksversammlung niedergelegt hat, um sich&hellip;","og_url":"https:\/\/www.cdu-fraktion-hamburg-mitte.de\/cms\/fabian-haase-in-das-praesidium-der-bezirksversammlung-hamburg-mitte-gewaehlt\/","og_site_name":"CDU-Bezirksfraktion Hamburg-Mitte","article_published_time":"2025-10-20T07:17:08+00:00","article_modified_time":"2025-10-29T06:24:43+00:00","og_image":[{"width":1013,"height":1161,"url":"https:\/\/www.cdu-fraktion-hamburg-mitte.de\/cms\/wp-content\/uploads\/2025\/10\/Blaschka_Haase_10.2025.jpg","type":"image\/jpeg"}],"author":"fraktion","twitter_card":"summary_large_image","twitter_misc":{"Verfasst von":"fraktion","Gesch\u00e4tzte Lesezeit":"2\u00a0Minuten"},"schema":{"@context":"https:\/\/schema.org","@graph":[{"@type":"Article","@id":"https:\/\/www.cdu-fraktion-hamburg-mitte.de\/cms\/fabian-haase-in-das-praesidium-der-bezirksversammlung-hamburg-mitte-gewaehlt\/#article","isPartOf":{"@id":"https:\/\/www.cdu-fraktion-hamburg-mitte.de\/cms\/fabian-haase-in-das-praesidium-der-bezirksversammlung-hamburg-mitte-gewaehlt\/"},"author":{"name":"fraktion","@id":"https:\/\/www.cdu-fraktion-hamburg-mitte.de\/cms\/#\/schema\/person\/01bd1301f44cce77a35a1506b8747e05"},"headline":"Fabian Haase in das Pr\u00e4sidium der Bezirksversammlung Hamburg-Mitte gew\u00e4hlt","datePublished":"2025-10-20T07:17:08+00:00","dateModified":"2025-10-29T06:24:43+00:00","mainEntityOfPage":{"@id":"https:\/\/www.cdu-fraktion-hamburg-mitte.de\/cms\/fabian-haase-in-das-praesidium-der-bezirksversammlung-hamburg-mitte-gewaehlt\/"},"wordCount":150,"publisher":{"@id":"https:\/\/www.cdu-fraktion-hamburg-mitte.de\/cms\/#organization"},"image":{"@id":"https:\/\/www.cdu-fraktion-hamburg-mitte.de\/cms\/fabian-haase-in-das-praesidium-der-bezirksversammlung-hamburg-mitte-gewaehlt\/#primaryimage"},"thumbnailUrl":"https:\/\/www.cdu-fraktion-hamburg-mitte.de\/cms\/wp-content\/uploads\/2025\/10\/Blaschka_Haase_10.2025.jpg","keywords":["Bezirksversammlung Hamburg-Mitte","Fabian Haase","Stefanie Blaschka"],"articleSection":["Aktuelles"],"inLanguage":"de"},{"@type":"WebPage","@id":"https:\/\/www.cdu-fraktion-hamburg-mitte.de\/cms\/fabian-haase-in-das-praesidium-der-bezirksversammlung-hamburg-mitte-gewaehlt\/","url":"https:\/\/www.cdu-fraktion-hamburg-mitte.de\/cms\/fabian-haase-in-das-praesidium-der-bezirksversammlung-hamburg-mitte-gewaehlt\/","name":"Fabian Haase in das Pr\u00e4sidium der Bezirksversammlung Hamburg-Mitte gew\u00e4hlt &#8226; CDU-Bezirksfraktion Hamburg-Mitte","isPartOf":{"@id":"https:\/\/www.cdu-fraktion-hamburg-mitte.de\/cms\/#website"},"primaryImageOfPage":{"@id":"https:\/\/www.cdu-fraktion-hamburg-mitte.de\/cms\/fabian-haase-in-das-praesidium-der-bezirksversammlung-hamburg-mitte-gewaehlt\/#primaryimage"},"image":{"@id":"https:\/\/www.cdu-fraktion-hamburg-mitte.de\/cms\/fabian-haase-in-das-praesidium-der-bezirksversammlung-hamburg-mitte-gewaehlt\/#primaryimage"},"thumbnailUrl":"https:\/\/www.cdu-fraktion-hamburg-mitte.de\/cms\/wp-content\/uploads\/2025\/10\/Blaschka_Haase_10.2025.jpg","datePublished":"2025-10-20T07:17:08+00:00","dateModified":"2025-10-29T06:24:43+00:00","breadcrumb":{"@id":"https:\/\/www.cdu-fraktion-hamburg-mitte.de\/cms\/fabian-haase-in-das-praesidium-der-bezirksversammlung-hamburg-mitte-gewaehlt\/#breadcrumb"},"inLanguage":"de","potentialAction":[{"@type":"ReadAction","target":["https:\/\/www.cdu-fraktion-hamburg-mitte.de\/cms\/fabian-haase-in-das-praesidium-der-bezirksversammlung-hamburg-mitte-gewaehlt\/"]}]},{"@type":"ImageObject","inLanguage":"de","@id":"https:\/\/www.cdu-fraktion-hamburg-mitte.de\/cms\/fabian-haase-in-das-praesidium-der-bezirksversammlung-hamburg-mitte-gewaehlt\/#primaryimage","url":"https:\/\/www.cdu-fraktion-hamburg-mitte.de\/cms\/wp-content\/uploads\/2025\/10\/Blaschka_Haase_10.2025.jpg","contentUrl":"https:\/\/www.cdu-fraktion-hamburg-mitte.de\/cms\/wp-content\/uploads\/2025\/10\/Blaschka_Haase_10.2025.jpg","width":1013,"height":1161},{"@type":"BreadcrumbList","@id":"https:\/\/www.cdu-fraktion-hamburg-mitte.de\/cms\/fabian-haase-in-das-praesidium-der-bezirksversammlung-hamburg-mitte-gewaehlt\/#breadcrumb","itemListElement":[{"@type":"ListItem","position":1,"name":"Startseite","item":"https:\/\/www.cdu-fraktion-hamburg-mitte.de\/cms\/"},{"@type":"ListItem","position":2,"name":"Fabian Haase in das Pr\u00e4sidium der Bezirksversammlung Hamburg-Mitte gew\u00e4hlt"}]},{"@type":"WebSite","@id":"https:\/\/www.cdu-fraktion-hamburg-mitte.de\/cms\/#website","url":"https:\/\/www.cdu-fraktion-hamburg-mitte.de\/cms\/","name":"CDU-Bezirksfraktion Hamburg-Mitte","description":"Politik in der Bezirksversammlung Hamburg-Mitte","publisher":{"@id":"https:\/\/www.cdu-fraktion-hamburg-mitte.de\/cms\/#organization"},"potentialAction":[{"@type":"SearchAction","target":{"@type":"EntryPoint","urlTemplate":"https:\/\/www.cdu-fraktion-hamburg-mitte.de\/cms\/?s={search_term_string}"},"query-input":{"@type":"PropertyValueSpecification","valueRequired":true,"valueName":"search_term_string"}}],"inLanguage":"de"},{"@type":"Organization","@id":"https:\/\/www.cdu-fraktion-hamburg-mitte.de\/cms\/#organization","name":"CDU-B\u00fcrgerschaftsfraktion Hamburg","url":"https:\/\/www.cdu-fraktion-hamburg-mitte.de\/cms\/","logo":{"@type":"ImageObject","inLanguage":"de","@id":"https:\/\/www.cdu-fraktion-hamburg-mitte.de\/cms\/#\/schema\/logo\/image\/","url":"","contentUrl":"","caption":"CDU-B\u00fcrgerschaftsfraktion Hamburg"},"image":{"@id":"https:\/\/www.cdu-fraktion-hamburg-mitte.de\/cms\/#\/schema\/logo\/image\/"}},{"@type":"Person","@id":"https:\/\/www.cdu-fraktion-hamburg-mitte.de\/cms\/#\/schema\/person\/01bd1301f44cce77a35a1506b8747e05","name":"fraktion","image":{"@type":"ImageObject","inLanguage":"de","@id":"https:\/\/www.cdu-fraktion-hamburg-mitte.de\/cms\/wp-content\/uploads\/2023\/11\/CDU-Logo-Avatar-150x150.png","url":"https:\/\/www.cdu-fraktion-hamburg-mitte.de\/cms\/wp-content\/uploads\/2023\/11\/CDU-Logo-Avatar-150x150.png","contentUrl":"https:\/\/www.cdu-fraktion-hamburg-mitte.de\/cms\/wp-content\/uploads\/2023\/11\/CDU-Logo-Avatar-150x150.png","caption":"fraktion"},"url":"https:\/\/www.cdu-fraktion-hamburg-mitte.de\/cms\/author\/fraktion\/"}]}},"_links":{"self":[{"href":"https:\/\/www.cdu-fraktion-hamburg-mitte.de\/cms\/wp-json\/wp\/v2\/posts\/13973","targetHints":{"allow":["GET"]}}],"collection":[{"href":"https:\/\/www.cdu-fraktion-hamburg-mitte.de\/cms\/wp-json\/wp\/v2\/posts"}],"about":[{"href":"https:\/\/www.cdu-fraktion-hamburg-mitte.de\/cms\/wp-json\/wp\/v2\/types\/post"}],"author":[{"embeddable":true,"href":"https:\/\/www.cdu-fraktion-hamburg-mitte.de\/cms\/wp-json\/wp\/v2\/users\/45"}],"replies":[{"embeddable":true,"href":"https:\/\/www.cdu-fraktion-hamburg-mitte.de\/cms\/wp-json\/wp\/v2\/comments?post=13973"}],"version-history":[{"count":6,"href":"https:\/\/www.cdu-fraktion-hamburg-mitte.de\/cms\/wp-json\/wp\/v2\/posts\/13973\/revisions"}],"predecessor-version":[{"id":13989,"href":"https:\/\/www.cdu-fraktion-hamburg-mitte.de\/cms\/wp-json\/wp\/v2\/posts\/13973\/revisions\/13989"}],"wp:featuredmedia":[{"embeddable":true,"href":"https:\/\/www.cdu-fraktion-hamburg-mitte.de\/cms\/wp-json\/wp\/v2\/media\/13974"}],"wp:attachment":[{"href":"https:\/\/www.cdu-fraktion-hamburg-mitte.de\/cms\/wp-json\/wp\/v2\/media?parent=13973"}],"wp:term":[{"taxonomy":"category","embeddable":true,"href":"https:\/\/www.cdu-fraktion-hamburg-mitte.de\/cms\/wp-json\/wp\/v2\/categories?post=13973"},{"taxonomy":"post_tag","embeddable":true,"href":"https:\/\/www.cdu-fraktion-hamburg-mitte.de\/cms\/wp-json\/wp\/v2\/tags?post=13973"}],"curies":[{"name":"wp","href":"https:\/\/api.w.org\/{rel}","templated":true}]}}