{"id":14027,"date":"2025-12-11T14:26:53","date_gmt":"2025-12-11T13:26:53","guid":{"rendered":"https:\/\/www.cdu-fraktion-hamburg-mitte.de\/cms\/?p=14027"},"modified":"2025-12-11T14:27:46","modified_gmt":"2025-12-11T13:27:46","slug":"rotgruener-realitaetsverlust-autoarmes-quartier-mit-reduzierter-busanbindung","status":"publish","type":"post","link":"https:\/\/www.cdu-fraktion-hamburg-mitte.de\/cms\/rotgruener-realitaetsverlust-autoarmes-quartier-mit-reduzierter-busanbindung\/","title":{"rendered":"Rotgr\u00fcner Realit\u00e4tsverlust &#8211; Autoarmes Quartier mit reduzierter Busanbindung"},"content":{"rendered":"<p style=\"text-align: justify; margin: 0cm 3.75pt 0cm 0cm;\">Die Posse um das autoarme Quartier &#8222;Kirchenwiese&#8220; in Georgswerder nimmt immer bizarrere Formen an. W\u00e4hrend die Stadt und die Saga die Vergabe ihrer 58 gef\u00f6rderten Mietwohnungen an die Bedingung kn\u00fcpfen wollen, dass die Mieter keine Pkws besitzen d\u00fcrfen, streicht die Hamburger Hochbahn spontan ab 14.12.2025 die Taktung der einzigen Buslinie 154 um ein Drittel auf einen 30-Minuten-Takt an Wochenenden.<\/p>\n<p style=\"text-align: justify; margin: 0cm 3.75pt 0cm 0cm;\">&#8222;Diese Entscheidungen durch die Hintert\u00fcr und das gleichzeitige Chaos um das autoarme Quartier zeigen deutlich, dass Rotgr\u00fcn kein Konzept f\u00fcr die Zukunft hat,&#8220; stellt J\u00f6rn Frommann, CDU-Abgeordneter in der Bezirksversammlung Hamburg-Mitte, fest. &#8222;Entweder die zust\u00e4ndigen Fachbeh\u00f6rden kommunizieren bei ihren Planungen nicht miteinander, was schon fatal w\u00e4re, oder aber sie wissen tats\u00e4chlich nicht, was sie tun&#8220; findet Frommann.<\/p>\n<p style=\"text-align: justify; margin: 0cm 3.75pt 0cm 0cm;\">&#8222;Mit der Schrumpfung des Taktes, verschlechtert sich die Anbindung Georgswerders an die S-Bahn und des n\u00f6rdlichen Kirchdorfs damit gravierend&#8220; kritisiert der Wilhelmsburger scharf. Insbesondere \u00e4lteren Menschen w\u00fcrde damit eine weitere M\u00f6glichkeit genommen werden aus den unterversorgten Bereichen raus zu kommen. &#8222;Auch wenn sich die Ausd\u00fcnnung des Taktes zun\u00e4chst nur auf das Wochenende bezieht, so geht von einer solch praxisfremden Entscheidung ein Signal an m\u00f6gliche neue Bewohner aus, die wir in Georgswerder dringend brauchen.<\/p>\n<p style=\"text-align: justify; margin: 0cm 3.75pt 0cm 0cm;\">&#8222;Die von Rotgr\u00fcn seit nunmehr rd. 15 Jahren versprochene Verbesserung der Lebenssituation in Georgswerder erh\u00e4lt damit einen weiteren Sargnagel,&#8220; stellt der CDU-Mann fest. Statt einer positiven Zukunft gl\u00e4nzt der Stadtteil nur durch eine Kita und eine Grundschule, es gibt es keine Nahversorgung mit Lebensmitteln, keine Einkaufsm\u00f6glichkeiten, keine weiterf\u00fchrenden Schulen und kaum soziale oder kulturelle Einrichtungen in Georgswerder&#8220; res\u00fcmiert Frommann die Entwicklungen der letzten Jahre.<\/p>\n","protected":false},"excerpt":{"rendered":"<p>Die Posse um das autoarme Quartier &#8222;Kirchenwiese&#8220; in Georgswerder nimmt immer bizarrere Formen an. W\u00e4hrend die Stadt und die Saga die Vergabe ihrer 58 gef\u00f6rderten Mietwohnungen an die Bedingung kn\u00fcpfen wollen, dass die Mieter keine Pkws besitzen d\u00fcrfen, streicht die Hamburger Hochbahn spontan ab 14.12.2025 die Taktung der einzigen Buslinie&hellip;<\/p>\n","protected":false},"author":45,"featured_media":13551,"comment_status":"closed","ping_status":"closed","sticky":false,"template":"","format":"standard","meta":{"inline_featured_image":false,"footnotes":""},"categories":[1],"tags":[705,974,535,953],"class_list":["post-14027","post","type-post","status-publish","format-standard","has-post-thumbnail","hentry","category-aktuelles","tag-busanbindung","tag-georgswerder","tag-joern-frommann","tag-regionalausschuss-wilhelmsburg-veddel"],"yoast_head":"<!-- This site is optimized with the Yoast SEO plugin v27.5 - https:\/\/yoast.com\/product\/yoast-seo-wordpress\/ -->\n<title>Rotgr\u00fcner Realit\u00e4tsverlust - Autoarmes Quartier mit reduzierter Busanbindung &#8226; CDU-Bezirksfraktion Hamburg-Mitte<\/title>\n<meta name=\"robots\" content=\"index, follow, max-snippet:-1, max-image-preview:large, max-video-preview:-1\" \/>\n<link rel=\"canonical\" href=\"https:\/\/www.cdu-fraktion-hamburg-mitte.de\/cms\/rotgruener-realitaetsverlust-autoarmes-quartier-mit-reduzierter-busanbindung\/\" \/>\n<meta property=\"og:locale\" content=\"de_DE\" \/>\n<meta property=\"og:type\" content=\"article\" \/>\n<meta property=\"og:title\" content=\"Rotgr\u00fcner Realit\u00e4tsverlust - Autoarmes Quartier mit reduzierter Busanbindung &#8226; CDU-Bezirksfraktion Hamburg-Mitte\" \/>\n<meta property=\"og:description\" content=\"Die Posse um das autoarme Quartier &#8222;Kirchenwiese&#8220; in Georgswerder nimmt immer bizarrere Formen an. W\u00e4hrend die Stadt und die Saga die Vergabe ihrer 58 gef\u00f6rderten Mietwohnungen an die Bedingung kn\u00fcpfen wollen, dass die Mieter keine Pkws besitzen d\u00fcrfen, streicht die Hamburger Hochbahn spontan ab 14.12.2025 die Taktung der einzigen Buslinie&hellip;\" \/>\n<meta property=\"og:url\" content=\"https:\/\/www.cdu-fraktion-hamburg-mitte.de\/cms\/rotgruener-realitaetsverlust-autoarmes-quartier-mit-reduzierter-busanbindung\/\" \/>\n<meta property=\"og:site_name\" content=\"CDU-Bezirksfraktion Hamburg-Mitte\" \/>\n<meta property=\"article:published_time\" content=\"2025-12-11T13:26:53+00:00\" \/>\n<meta property=\"article:modified_time\" content=\"2025-12-11T13:27:46+00:00\" \/>\n<meta property=\"og:image\" content=\"https:\/\/www.cdu-fraktion-hamburg-mitte.de\/cms\/wp-content\/uploads\/2024\/07\/Frommann.jpg\" \/>\n\t<meta property=\"og:image:width\" content=\"600\" \/>\n\t<meta property=\"og:image:height\" content=\"600\" \/>\n\t<meta property=\"og:image:type\" content=\"image\/jpeg\" \/>\n<meta name=\"author\" content=\"fraktion\" \/>\n<meta name=\"twitter:card\" content=\"summary_large_image\" \/>\n<meta name=\"twitter:label1\" content=\"Verfasst von\" \/>\n\t<meta name=\"twitter:data1\" content=\"fraktion\" \/>\n\t<meta name=\"twitter:label2\" content=\"Gesch\u00e4tzte Lesezeit\" \/>\n\t<meta name=\"twitter:data2\" content=\"2\u00a0Minuten\" \/>\n<script type=\"application\/ld+json\" class=\"yoast-schema-graph\">{\"@context\":\"https:\\\/\\\/schema.org\",\"@graph\":[{\"@type\":\"Article\",\"@id\":\"https:\\\/\\\/www.cdu-fraktion-hamburg-mitte.de\\\/cms\\\/rotgruener-realitaetsverlust-autoarmes-quartier-mit-reduzierter-busanbindung\\\/#article\",\"isPartOf\":{\"@id\":\"https:\\\/\\\/www.cdu-fraktion-hamburg-mitte.de\\\/cms\\\/rotgruener-realitaetsverlust-autoarmes-quartier-mit-reduzierter-busanbindung\\\/\"},\"author\":{\"name\":\"fraktion\",\"@id\":\"https:\\\/\\\/www.cdu-fraktion-hamburg-mitte.de\\\/cms\\\/#\\\/schema\\\/person\\\/01bd1301f44cce77a35a1506b8747e05\"},\"headline\":\"Rotgr\u00fcner Realit\u00e4tsverlust &#8211; Autoarmes Quartier mit reduzierter Busanbindung\",\"datePublished\":\"2025-12-11T13:26:53+00:00\",\"dateModified\":\"2025-12-11T13:27:46+00:00\",\"mainEntityOfPage\":{\"@id\":\"https:\\\/\\\/www.cdu-fraktion-hamburg-mitte.de\\\/cms\\\/rotgruener-realitaetsverlust-autoarmes-quartier-mit-reduzierter-busanbindung\\\/\"},\"wordCount\":283,\"publisher\":{\"@id\":\"https:\\\/\\\/www.cdu-fraktion-hamburg-mitte.de\\\/cms\\\/#organization\"},\"image\":{\"@id\":\"https:\\\/\\\/www.cdu-fraktion-hamburg-mitte.de\\\/cms\\\/rotgruener-realitaetsverlust-autoarmes-quartier-mit-reduzierter-busanbindung\\\/#primaryimage\"},\"thumbnailUrl\":\"https:\\\/\\\/www.cdu-fraktion-hamburg-mitte.de\\\/cms\\\/wp-content\\\/uploads\\\/2024\\\/07\\\/Frommann.jpg\",\"keywords\":[\"Busanbindung\",\"Georgswerder\",\"J\u00f6rn Frommann\",\"Regionalausschuss Wilhelmsburg\\\/Veddel\"],\"articleSection\":[\"Aktuelles\"],\"inLanguage\":\"de\"},{\"@type\":\"WebPage\",\"@id\":\"https:\\\/\\\/www.cdu-fraktion-hamburg-mitte.de\\\/cms\\\/rotgruener-realitaetsverlust-autoarmes-quartier-mit-reduzierter-busanbindung\\\/\",\"url\":\"https:\\\/\\\/www.cdu-fraktion-hamburg-mitte.de\\\/cms\\\/rotgruener-realitaetsverlust-autoarmes-quartier-mit-reduzierter-busanbindung\\\/\",\"name\":\"Rotgr\u00fcner Realit\u00e4tsverlust - Autoarmes Quartier mit reduzierter Busanbindung &#8226; CDU-Bezirksfraktion Hamburg-Mitte\",\"isPartOf\":{\"@id\":\"https:\\\/\\\/www.cdu-fraktion-hamburg-mitte.de\\\/cms\\\/#website\"},\"primaryImageOfPage\":{\"@id\":\"https:\\\/\\\/www.cdu-fraktion-hamburg-mitte.de\\\/cms\\\/rotgruener-realitaetsverlust-autoarmes-quartier-mit-reduzierter-busanbindung\\\/#primaryimage\"},\"image\":{\"@id\":\"https:\\\/\\\/www.cdu-fraktion-hamburg-mitte.de\\\/cms\\\/rotgruener-realitaetsverlust-autoarmes-quartier-mit-reduzierter-busanbindung\\\/#primaryimage\"},\"thumbnailUrl\":\"https:\\\/\\\/www.cdu-fraktion-hamburg-mitte.de\\\/cms\\\/wp-content\\\/uploads\\\/2024\\\/07\\\/Frommann.jpg\",\"datePublished\":\"2025-12-11T13:26:53+00:00\",\"dateModified\":\"2025-12-11T13:27:46+00:00\",\"breadcrumb\":{\"@id\":\"https:\\\/\\\/www.cdu-fraktion-hamburg-mitte.de\\\/cms\\\/rotgruener-realitaetsverlust-autoarmes-quartier-mit-reduzierter-busanbindung\\\/#breadcrumb\"},\"inLanguage\":\"de\",\"potentialAction\":[{\"@type\":\"ReadAction\",\"target\":[\"https:\\\/\\\/www.cdu-fraktion-hamburg-mitte.de\\\/cms\\\/rotgruener-realitaetsverlust-autoarmes-quartier-mit-reduzierter-busanbindung\\\/\"]}]},{\"@type\":\"ImageObject\",\"inLanguage\":\"de\",\"@id\":\"https:\\\/\\\/www.cdu-fraktion-hamburg-mitte.de\\\/cms\\\/rotgruener-realitaetsverlust-autoarmes-quartier-mit-reduzierter-busanbindung\\\/#primaryimage\",\"url\":\"https:\\\/\\\/www.cdu-fraktion-hamburg-mitte.de\\\/cms\\\/wp-content\\\/uploads\\\/2024\\\/07\\\/Frommann.jpg\",\"contentUrl\":\"https:\\\/\\\/www.cdu-fraktion-hamburg-mitte.de\\\/cms\\\/wp-content\\\/uploads\\\/2024\\\/07\\\/Frommann.jpg\",\"width\":600,\"height\":600,\"caption\":\"J\u00f6rn Frommann\"},{\"@type\":\"BreadcrumbList\",\"@id\":\"https:\\\/\\\/www.cdu-fraktion-hamburg-mitte.de\\\/cms\\\/rotgruener-realitaetsverlust-autoarmes-quartier-mit-reduzierter-busanbindung\\\/#breadcrumb\",\"itemListElement\":[{\"@type\":\"ListItem\",\"position\":1,\"name\":\"Startseite\",\"item\":\"https:\\\/\\\/www.cdu-fraktion-hamburg-mitte.de\\\/cms\\\/\"},{\"@type\":\"ListItem\",\"position\":2,\"name\":\"Rotgr\u00fcner Realit\u00e4tsverlust &#8211; Autoarmes Quartier mit reduzierter Busanbindung\"}]},{\"@type\":\"WebSite\",\"@id\":\"https:\\\/\\\/www.cdu-fraktion-hamburg-mitte.de\\\/cms\\\/#website\",\"url\":\"https:\\\/\\\/www.cdu-fraktion-hamburg-mitte.de\\\/cms\\\/\",\"name\":\"CDU-Bezirksfraktion Hamburg-Mitte\",\"description\":\"Politik in der Bezirksversammlung Hamburg-Mitte\",\"publisher\":{\"@id\":\"https:\\\/\\\/www.cdu-fraktion-hamburg-mitte.de\\\/cms\\\/#organization\"},\"potentialAction\":[{\"@type\":\"SearchAction\",\"target\":{\"@type\":\"EntryPoint\",\"urlTemplate\":\"https:\\\/\\\/www.cdu-fraktion-hamburg-mitte.de\\\/cms\\\/?s={search_term_string}\"},\"query-input\":{\"@type\":\"PropertyValueSpecification\",\"valueRequired\":true,\"valueName\":\"search_term_string\"}}],\"inLanguage\":\"de\"},{\"@type\":\"Organization\",\"@id\":\"https:\\\/\\\/www.cdu-fraktion-hamburg-mitte.de\\\/cms\\\/#organization\",\"name\":\"CDU-B\u00fcrgerschaftsfraktion Hamburg\",\"url\":\"https:\\\/\\\/www.cdu-fraktion-hamburg-mitte.de\\\/cms\\\/\",\"logo\":{\"@type\":\"ImageObject\",\"inLanguage\":\"de\",\"@id\":\"https:\\\/\\\/www.cdu-fraktion-hamburg-mitte.de\\\/cms\\\/#\\\/schema\\\/logo\\\/image\\\/\",\"url\":\"\",\"contentUrl\":\"\",\"caption\":\"CDU-B\u00fcrgerschaftsfraktion Hamburg\"},\"image\":{\"@id\":\"https:\\\/\\\/www.cdu-fraktion-hamburg-mitte.de\\\/cms\\\/#\\\/schema\\\/logo\\\/image\\\/\"}},{\"@type\":\"Person\",\"@id\":\"https:\\\/\\\/www.cdu-fraktion-hamburg-mitte.de\\\/cms\\\/#\\\/schema\\\/person\\\/01bd1301f44cce77a35a1506b8747e05\",\"name\":\"fraktion\",\"image\":{\"@type\":\"ImageObject\",\"inLanguage\":\"de\",\"@id\":\"https:\\\/\\\/www.cdu-fraktion-hamburg-mitte.de\\\/cms\\\/wp-content\\\/uploads\\\/2023\\\/11\\\/CDU-Logo-Avatar-150x150.png\",\"url\":\"https:\\\/\\\/www.cdu-fraktion-hamburg-mitte.de\\\/cms\\\/wp-content\\\/uploads\\\/2023\\\/11\\\/CDU-Logo-Avatar-150x150.png\",\"contentUrl\":\"https:\\\/\\\/www.cdu-fraktion-hamburg-mitte.de\\\/cms\\\/wp-content\\\/uploads\\\/2023\\\/11\\\/CDU-Logo-Avatar-150x150.png\",\"caption\":\"fraktion\"},\"url\":\"https:\\\/\\\/www.cdu-fraktion-hamburg-mitte.de\\\/cms\\\/author\\\/fraktion\\\/\"}]}<\/script>\n<!-- \/ Yoast SEO plugin. -->","yoast_head_json":{"title":"Rotgr\u00fcner Realit\u00e4tsverlust - Autoarmes Quartier mit reduzierter Busanbindung &#8226; CDU-Bezirksfraktion Hamburg-Mitte","robots":{"index":"index","follow":"follow","max-snippet":"max-snippet:-1","max-image-preview":"max-image-preview:large","max-video-preview":"max-video-preview:-1"},"canonical":"https:\/\/www.cdu-fraktion-hamburg-mitte.de\/cms\/rotgruener-realitaetsverlust-autoarmes-quartier-mit-reduzierter-busanbindung\/","og_locale":"de_DE","og_type":"article","og_title":"Rotgr\u00fcner Realit\u00e4tsverlust - Autoarmes Quartier mit reduzierter Busanbindung &#8226; CDU-Bezirksfraktion Hamburg-Mitte","og_description":"Die Posse um das autoarme Quartier &#8222;Kirchenwiese&#8220; in Georgswerder nimmt immer bizarrere Formen an. W\u00e4hrend die Stadt und die Saga die Vergabe ihrer 58 gef\u00f6rderten Mietwohnungen an die Bedingung kn\u00fcpfen wollen, dass die Mieter keine Pkws besitzen d\u00fcrfen, streicht die Hamburger Hochbahn spontan ab 14.12.2025 die Taktung der einzigen Buslinie&hellip;","og_url":"https:\/\/www.cdu-fraktion-hamburg-mitte.de\/cms\/rotgruener-realitaetsverlust-autoarmes-quartier-mit-reduzierter-busanbindung\/","og_site_name":"CDU-Bezirksfraktion Hamburg-Mitte","article_published_time":"2025-12-11T13:26:53+00:00","article_modified_time":"2025-12-11T13:27:46+00:00","og_image":[{"width":600,"height":600,"url":"https:\/\/www.cdu-fraktion-hamburg-mitte.de\/cms\/wp-content\/uploads\/2024\/07\/Frommann.jpg","type":"image\/jpeg"}],"author":"fraktion","twitter_card":"summary_large_image","twitter_misc":{"Verfasst von":"fraktion","Gesch\u00e4tzte Lesezeit":"2\u00a0Minuten"},"schema":{"@context":"https:\/\/schema.org","@graph":[{"@type":"Article","@id":"https:\/\/www.cdu-fraktion-hamburg-mitte.de\/cms\/rotgruener-realitaetsverlust-autoarmes-quartier-mit-reduzierter-busanbindung\/#article","isPartOf":{"@id":"https:\/\/www.cdu-fraktion-hamburg-mitte.de\/cms\/rotgruener-realitaetsverlust-autoarmes-quartier-mit-reduzierter-busanbindung\/"},"author":{"name":"fraktion","@id":"https:\/\/www.cdu-fraktion-hamburg-mitte.de\/cms\/#\/schema\/person\/01bd1301f44cce77a35a1506b8747e05"},"headline":"Rotgr\u00fcner Realit\u00e4tsverlust &#8211; Autoarmes Quartier mit reduzierter Busanbindung","datePublished":"2025-12-11T13:26:53+00:00","dateModified":"2025-12-11T13:27:46+00:00","mainEntityOfPage":{"@id":"https:\/\/www.cdu-fraktion-hamburg-mitte.de\/cms\/rotgruener-realitaetsverlust-autoarmes-quartier-mit-reduzierter-busanbindung\/"},"wordCount":283,"publisher":{"@id":"https:\/\/www.cdu-fraktion-hamburg-mitte.de\/cms\/#organization"},"image":{"@id":"https:\/\/www.cdu-fraktion-hamburg-mitte.de\/cms\/rotgruener-realitaetsverlust-autoarmes-quartier-mit-reduzierter-busanbindung\/#primaryimage"},"thumbnailUrl":"https:\/\/www.cdu-fraktion-hamburg-mitte.de\/cms\/wp-content\/uploads\/2024\/07\/Frommann.jpg","keywords":["Busanbindung","Georgswerder","J\u00f6rn Frommann","Regionalausschuss Wilhelmsburg\/Veddel"],"articleSection":["Aktuelles"],"inLanguage":"de"},{"@type":"WebPage","@id":"https:\/\/www.cdu-fraktion-hamburg-mitte.de\/cms\/rotgruener-realitaetsverlust-autoarmes-quartier-mit-reduzierter-busanbindung\/","url":"https:\/\/www.cdu-fraktion-hamburg-mitte.de\/cms\/rotgruener-realitaetsverlust-autoarmes-quartier-mit-reduzierter-busanbindung\/","name":"Rotgr\u00fcner Realit\u00e4tsverlust - Autoarmes Quartier mit reduzierter Busanbindung &#8226; CDU-Bezirksfraktion Hamburg-Mitte","isPartOf":{"@id":"https:\/\/www.cdu-fraktion-hamburg-mitte.de\/cms\/#website"},"primaryImageOfPage":{"@id":"https:\/\/www.cdu-fraktion-hamburg-mitte.de\/cms\/rotgruener-realitaetsverlust-autoarmes-quartier-mit-reduzierter-busanbindung\/#primaryimage"},"image":{"@id":"https:\/\/www.cdu-fraktion-hamburg-mitte.de\/cms\/rotgruener-realitaetsverlust-autoarmes-quartier-mit-reduzierter-busanbindung\/#primaryimage"},"thumbnailUrl":"https:\/\/www.cdu-fraktion-hamburg-mitte.de\/cms\/wp-content\/uploads\/2024\/07\/Frommann.jpg","datePublished":"2025-12-11T13:26:53+00:00","dateModified":"2025-12-11T13:27:46+00:00","breadcrumb":{"@id":"https:\/\/www.cdu-fraktion-hamburg-mitte.de\/cms\/rotgruener-realitaetsverlust-autoarmes-quartier-mit-reduzierter-busanbindung\/#breadcrumb"},"inLanguage":"de","potentialAction":[{"@type":"ReadAction","target":["https:\/\/www.cdu-fraktion-hamburg-mitte.de\/cms\/rotgruener-realitaetsverlust-autoarmes-quartier-mit-reduzierter-busanbindung\/"]}]},{"@type":"ImageObject","inLanguage":"de","@id":"https:\/\/www.cdu-fraktion-hamburg-mitte.de\/cms\/rotgruener-realitaetsverlust-autoarmes-quartier-mit-reduzierter-busanbindung\/#primaryimage","url":"https:\/\/www.cdu-fraktion-hamburg-mitte.de\/cms\/wp-content\/uploads\/2024\/07\/Frommann.jpg","contentUrl":"https:\/\/www.cdu-fraktion-hamburg-mitte.de\/cms\/wp-content\/uploads\/2024\/07\/Frommann.jpg","width":600,"height":600,"caption":"J\u00f6rn Frommann"},{"@type":"BreadcrumbList","@id":"https:\/\/www.cdu-fraktion-hamburg-mitte.de\/cms\/rotgruener-realitaetsverlust-autoarmes-quartier-mit-reduzierter-busanbindung\/#breadcrumb","itemListElement":[{"@type":"ListItem","position":1,"name":"Startseite","item":"https:\/\/www.cdu-fraktion-hamburg-mitte.de\/cms\/"},{"@type":"ListItem","position":2,"name":"Rotgr\u00fcner Realit\u00e4tsverlust &#8211; Autoarmes Quartier mit reduzierter Busanbindung"}]},{"@type":"WebSite","@id":"https:\/\/www.cdu-fraktion-hamburg-mitte.de\/cms\/#website","url":"https:\/\/www.cdu-fraktion-hamburg-mitte.de\/cms\/","name":"CDU-Bezirksfraktion Hamburg-Mitte","description":"Politik in der Bezirksversammlung Hamburg-Mitte","publisher":{"@id":"https:\/\/www.cdu-fraktion-hamburg-mitte.de\/cms\/#organization"},"potentialAction":[{"@type":"SearchAction","target":{"@type":"EntryPoint","urlTemplate":"https:\/\/www.cdu-fraktion-hamburg-mitte.de\/cms\/?s={search_term_string}"},"query-input":{"@type":"PropertyValueSpecification","valueRequired":true,"valueName":"search_term_string"}}],"inLanguage":"de"},{"@type":"Organization","@id":"https:\/\/www.cdu-fraktion-hamburg-mitte.de\/cms\/#organization","name":"CDU-B\u00fcrgerschaftsfraktion Hamburg","url":"https:\/\/www.cdu-fraktion-hamburg-mitte.de\/cms\/","logo":{"@type":"ImageObject","inLanguage":"de","@id":"https:\/\/www.cdu-fraktion-hamburg-mitte.de\/cms\/#\/schema\/logo\/image\/","url":"","contentUrl":"","caption":"CDU-B\u00fcrgerschaftsfraktion Hamburg"},"image":{"@id":"https:\/\/www.cdu-fraktion-hamburg-mitte.de\/cms\/#\/schema\/logo\/image\/"}},{"@type":"Person","@id":"https:\/\/www.cdu-fraktion-hamburg-mitte.de\/cms\/#\/schema\/person\/01bd1301f44cce77a35a1506b8747e05","name":"fraktion","image":{"@type":"ImageObject","inLanguage":"de","@id":"https:\/\/www.cdu-fraktion-hamburg-mitte.de\/cms\/wp-content\/uploads\/2023\/11\/CDU-Logo-Avatar-150x150.png","url":"https:\/\/www.cdu-fraktion-hamburg-mitte.de\/cms\/wp-content\/uploads\/2023\/11\/CDU-Logo-Avatar-150x150.png","contentUrl":"https:\/\/www.cdu-fraktion-hamburg-mitte.de\/cms\/wp-content\/uploads\/2023\/11\/CDU-Logo-Avatar-150x150.png","caption":"fraktion"},"url":"https:\/\/www.cdu-fraktion-hamburg-mitte.de\/cms\/author\/fraktion\/"}]}},"_links":{"self":[{"href":"https:\/\/www.cdu-fraktion-hamburg-mitte.de\/cms\/wp-json\/wp\/v2\/posts\/14027","targetHints":{"allow":["GET"]}}],"collection":[{"href":"https:\/\/www.cdu-fraktion-hamburg-mitte.de\/cms\/wp-json\/wp\/v2\/posts"}],"about":[{"href":"https:\/\/www.cdu-fraktion-hamburg-mitte.de\/cms\/wp-json\/wp\/v2\/types\/post"}],"author":[{"embeddable":true,"href":"https:\/\/www.cdu-fraktion-hamburg-mitte.de\/cms\/wp-json\/wp\/v2\/users\/45"}],"replies":[{"embeddable":true,"href":"https:\/\/www.cdu-fraktion-hamburg-mitte.de\/cms\/wp-json\/wp\/v2\/comments?post=14027"}],"version-history":[{"count":2,"href":"https:\/\/www.cdu-fraktion-hamburg-mitte.de\/cms\/wp-json\/wp\/v2\/posts\/14027\/revisions"}],"predecessor-version":[{"id":14029,"href":"https:\/\/www.cdu-fraktion-hamburg-mitte.de\/cms\/wp-json\/wp\/v2\/posts\/14027\/revisions\/14029"}],"wp:featuredmedia":[{"embeddable":true,"href":"https:\/\/www.cdu-fraktion-hamburg-mitte.de\/cms\/wp-json\/wp\/v2\/media\/13551"}],"wp:attachment":[{"href":"https:\/\/www.cdu-fraktion-hamburg-mitte.de\/cms\/wp-json\/wp\/v2\/media?parent=14027"}],"wp:term":[{"taxonomy":"category","embeddable":true,"href":"https:\/\/www.cdu-fraktion-hamburg-mitte.de\/cms\/wp-json\/wp\/v2\/categories?post=14027"},{"taxonomy":"post_tag","embeddable":true,"href":"https:\/\/www.cdu-fraktion-hamburg-mitte.de\/cms\/wp-json\/wp\/v2\/tags?post=14027"}],"curies":[{"name":"wp","href":"https:\/\/api.w.org\/{rel}","templated":true}]}}