{"id":14102,"date":"2026-03-17T07:57:11","date_gmt":"2026-03-17T06:57:11","guid":{"rendered":"https:\/\/www.cdu-fraktion-hamburg-mitte.de\/cms\/?p=14102"},"modified":"2026-03-17T07:57:11","modified_gmt":"2026-03-17T06:57:11","slug":"rotgruen-als-totengraeber-des-kinderbauernhofs-kirchdorf-sued","status":"publish","type":"post","link":"https:\/\/www.cdu-fraktion-hamburg-mitte.de\/cms\/rotgruen-als-totengraeber-des-kinderbauernhofs-kirchdorf-sued\/","title":{"rendered":"Rotgr\u00fcn als Totengr\u00e4ber des Kinderbauernhofs Kirchdorf-S\u00fcd"},"content":{"rendered":"<p>Dem seit fast drei\u00dfig Jahren im Wesentlichen auf der Grundlage ehrenamtlicher T\u00e4tigkeit arbeitende Kinderbauernhof Kirchdorf-S\u00fcd droht das Aus. Nachdem die Gespr\u00e4che mit einem neuen Tr\u00e4ger offensichtlich bereits vor einigen Monaten gescheitert sind, konnte der Bezirk Hamburg-Mitte bisher keine L\u00f6sung f\u00fcr die \u00fcberregional beliebte Einrichtung, die vor allen Dingen von Kindern von einkommensschwachen Familien aus dem direkten Umfeld genutzt wird, pr\u00e4sentieren. Erst jetzt scheint mit einer Suche nach einem alternativen Tr\u00e4ger begonnen worden zu sein.<\/p>\n<p>&#8222;Es kann nicht sein, dass der Politik im August letzten Jahres eine weitestgehend durchverhandelte L\u00f6sung zur einvernehmlichen Findung eines neuen Tr\u00e4gers pr\u00e4sentiert wird, die unterschriftsreifen Vertr\u00e4ge aber anschlie\u00dfend nicht unterzeichnet werden und die Politik hiervon nichts erf\u00e4hrt&#8220; echauffiert sich der<strong> Wilhelmsburger CDU-Abgeordnete J\u00f6rn Frommann<\/strong>. \u201eBereits damals habe ich hinterfragt, ob die notwendigen Gelder zur Sanierung der baulichen Anlagen von Seiten der Verwaltung aufgebracht werden k\u00f6nnen, um einen neuen Tr\u00e4ger den Start zu erm\u00f6glichen. Es gab keine Hinweise, dass dies ein Problem werden k\u00f6nnte&#8220;, berichtet<strong> Frommann <\/strong>aus den Gespr\u00e4chen. Mittlerweile scheint der Bezirk die Angelegenheit einfach aussitzen zu wollen. &#8222;Das Schlimme ist, dass dem Kinderbauernhof nicht nur die M\u00f6glichkeiten der Einnahmegenerierung genommen wurde, sondern nunmehr auch das Geld f\u00fcr den Unterhalt der Tiere und Betrieb des Hofs ausgehen&#8220; erkl\u00e4rt <strong>Frommann<\/strong>. &#8222;F\u00fcr jeden rotgr\u00fcnen Verein macht die Koalition Geld aus den unterschiedlichen T\u00f6pfen frei, hier aber setzt man wohl auf die Zeit, dass sich das Problem von selbst erledigen w\u00fcrde&#8220;, fasst <strong>Frommann<\/strong> die Stimmung im Stadtteil zusammen. Sollte der Kinderbauernhof ausfallen, so w\u00fcrden der Stadt aber weitaus mehr Kosten entstehen als bisher. Schlie\u00dflich m\u00fcssen f\u00fcr die Kinder und Jugendlichen Angebote geschaffen werden, die die anderen Tr\u00e4ger nicht abdecken k\u00f6nnten. &#8222;Eine absolute Milchm\u00e4dchenrechnung&#8220;, findet <strong>Frommann<\/strong>, der die rotgr\u00fcne Koalition im Bezirk auffordert, endlich den R\u00fccken f\u00fcr die Einrichtung gerade zu machen.<\/p>\n<p><strong>Frommann<\/strong>, der schon seit vielen Jahren ein kritisch konstruktives Verh\u00e4ltnis zur Einrichtung des Kinderbauernhofs hat, hat in der vergangenen Woche eine umfangreiche Anfrage an die Verwaltung auf den Weg gebracht, um die teilweise widerspr\u00fcchlichen Aussagen der Beteiligten aufzukl\u00e4ren. Die Antworten werden in den kommenden Tagen erwartet.<\/p>\n<p>&nbsp;<\/p>\n","protected":false},"excerpt":{"rendered":"<p>Dem seit fast drei\u00dfig Jahren im Wesentlichen auf der Grundlage ehrenamtlicher T\u00e4tigkeit arbeitende Kinderbauernhof Kirchdorf-S\u00fcd droht das Aus. Nachdem die Gespr\u00e4che mit einem neuen Tr\u00e4ger offensichtlich bereits vor einigen Monaten gescheitert sind, konnte der Bezirk Hamburg-Mitte bisher keine L\u00f6sung f\u00fcr die \u00fcberregional beliebte Einrichtung, die vor allen Dingen von Kindern&hellip;<\/p>\n","protected":false},"author":45,"featured_media":13551,"comment_status":"closed","ping_status":"closed","sticky":false,"template":"","format":"standard","meta":{"inline_featured_image":false,"footnotes":""},"categories":[82],"tags":[535,982,652,516],"class_list":["post-14102","post","type-post","status-publish","format-standard","has-post-thumbnail","hentry","category-pressemitteilung","tag-joern-frommann","tag-kinderbauernhof","tag-kirchdorf-sued","tag-wilhelmsburg"],"yoast_head":"<!-- This site is optimized with the Yoast SEO plugin v27.5 - https:\/\/yoast.com\/product\/yoast-seo-wordpress\/ -->\n<title>Rotgr\u00fcn als Totengr\u00e4ber des Kinderbauernhofs Kirchdorf-S\u00fcd &#8226; CDU-Bezirksfraktion Hamburg-Mitte<\/title>\n<meta name=\"robots\" content=\"index, follow, max-snippet:-1, max-image-preview:large, max-video-preview:-1\" \/>\n<link rel=\"canonical\" href=\"https:\/\/www.cdu-fraktion-hamburg-mitte.de\/cms\/rotgruen-als-totengraeber-des-kinderbauernhofs-kirchdorf-sued\/\" \/>\n<meta property=\"og:locale\" content=\"de_DE\" \/>\n<meta property=\"og:type\" content=\"article\" \/>\n<meta property=\"og:title\" content=\"Rotgr\u00fcn als Totengr\u00e4ber des Kinderbauernhofs Kirchdorf-S\u00fcd &#8226; CDU-Bezirksfraktion Hamburg-Mitte\" \/>\n<meta property=\"og:description\" content=\"Dem seit fast drei\u00dfig Jahren im Wesentlichen auf der Grundlage ehrenamtlicher T\u00e4tigkeit arbeitende Kinderbauernhof Kirchdorf-S\u00fcd droht das Aus. Nachdem die Gespr\u00e4che mit einem neuen Tr\u00e4ger offensichtlich bereits vor einigen Monaten gescheitert sind, konnte der Bezirk Hamburg-Mitte bisher keine L\u00f6sung f\u00fcr die \u00fcberregional beliebte Einrichtung, die vor allen Dingen von Kindern&hellip;\" \/>\n<meta property=\"og:url\" content=\"https:\/\/www.cdu-fraktion-hamburg-mitte.de\/cms\/rotgruen-als-totengraeber-des-kinderbauernhofs-kirchdorf-sued\/\" \/>\n<meta property=\"og:site_name\" content=\"CDU-Bezirksfraktion Hamburg-Mitte\" \/>\n<meta property=\"article:published_time\" content=\"2026-03-17T06:57:11+00:00\" \/>\n<meta property=\"og:image\" content=\"https:\/\/www.cdu-fraktion-hamburg-mitte.de\/cms\/wp-content\/uploads\/2024\/07\/Frommann.jpg\" \/>\n\t<meta property=\"og:image:width\" content=\"600\" \/>\n\t<meta property=\"og:image:height\" content=\"600\" \/>\n\t<meta property=\"og:image:type\" content=\"image\/jpeg\" \/>\n<meta name=\"author\" content=\"fraktion\" \/>\n<meta name=\"twitter:card\" content=\"summary_large_image\" \/>\n<meta name=\"twitter:label1\" content=\"Verfasst von\" \/>\n\t<meta name=\"twitter:data1\" content=\"fraktion\" \/>\n\t<meta name=\"twitter:label2\" content=\"Gesch\u00e4tzte Lesezeit\" \/>\n\t<meta name=\"twitter:data2\" content=\"3\u00a0Minuten\" \/>\n<script type=\"application\/ld+json\" class=\"yoast-schema-graph\">{\"@context\":\"https:\\\/\\\/schema.org\",\"@graph\":[{\"@type\":\"Article\",\"@id\":\"https:\\\/\\\/www.cdu-fraktion-hamburg-mitte.de\\\/cms\\\/rotgruen-als-totengraeber-des-kinderbauernhofs-kirchdorf-sued\\\/#article\",\"isPartOf\":{\"@id\":\"https:\\\/\\\/www.cdu-fraktion-hamburg-mitte.de\\\/cms\\\/rotgruen-als-totengraeber-des-kinderbauernhofs-kirchdorf-sued\\\/\"},\"author\":{\"name\":\"fraktion\",\"@id\":\"https:\\\/\\\/www.cdu-fraktion-hamburg-mitte.de\\\/cms\\\/#\\\/schema\\\/person\\\/01bd1301f44cce77a35a1506b8747e05\"},\"headline\":\"Rotgr\u00fcn als Totengr\u00e4ber des Kinderbauernhofs Kirchdorf-S\u00fcd\",\"datePublished\":\"2026-03-17T06:57:11+00:00\",\"mainEntityOfPage\":{\"@id\":\"https:\\\/\\\/www.cdu-fraktion-hamburg-mitte.de\\\/cms\\\/rotgruen-als-totengraeber-des-kinderbauernhofs-kirchdorf-sued\\\/\"},\"wordCount\":389,\"publisher\":{\"@id\":\"https:\\\/\\\/www.cdu-fraktion-hamburg-mitte.de\\\/cms\\\/#organization\"},\"image\":{\"@id\":\"https:\\\/\\\/www.cdu-fraktion-hamburg-mitte.de\\\/cms\\\/rotgruen-als-totengraeber-des-kinderbauernhofs-kirchdorf-sued\\\/#primaryimage\"},\"thumbnailUrl\":\"https:\\\/\\\/www.cdu-fraktion-hamburg-mitte.de\\\/cms\\\/wp-content\\\/uploads\\\/2024\\\/07\\\/Frommann.jpg\",\"keywords\":[\"J\u00f6rn Frommann\",\"Kinderbauernhof\",\"Kirchdorf-S\u00fcd\",\"Wilhelmsburg\"],\"articleSection\":[\"Pressemitteilungen\"],\"inLanguage\":\"de\"},{\"@type\":\"WebPage\",\"@id\":\"https:\\\/\\\/www.cdu-fraktion-hamburg-mitte.de\\\/cms\\\/rotgruen-als-totengraeber-des-kinderbauernhofs-kirchdorf-sued\\\/\",\"url\":\"https:\\\/\\\/www.cdu-fraktion-hamburg-mitte.de\\\/cms\\\/rotgruen-als-totengraeber-des-kinderbauernhofs-kirchdorf-sued\\\/\",\"name\":\"Rotgr\u00fcn als Totengr\u00e4ber des Kinderbauernhofs Kirchdorf-S\u00fcd &#8226; CDU-Bezirksfraktion Hamburg-Mitte\",\"isPartOf\":{\"@id\":\"https:\\\/\\\/www.cdu-fraktion-hamburg-mitte.de\\\/cms\\\/#website\"},\"primaryImageOfPage\":{\"@id\":\"https:\\\/\\\/www.cdu-fraktion-hamburg-mitte.de\\\/cms\\\/rotgruen-als-totengraeber-des-kinderbauernhofs-kirchdorf-sued\\\/#primaryimage\"},\"image\":{\"@id\":\"https:\\\/\\\/www.cdu-fraktion-hamburg-mitte.de\\\/cms\\\/rotgruen-als-totengraeber-des-kinderbauernhofs-kirchdorf-sued\\\/#primaryimage\"},\"thumbnailUrl\":\"https:\\\/\\\/www.cdu-fraktion-hamburg-mitte.de\\\/cms\\\/wp-content\\\/uploads\\\/2024\\\/07\\\/Frommann.jpg\",\"datePublished\":\"2026-03-17T06:57:11+00:00\",\"breadcrumb\":{\"@id\":\"https:\\\/\\\/www.cdu-fraktion-hamburg-mitte.de\\\/cms\\\/rotgruen-als-totengraeber-des-kinderbauernhofs-kirchdorf-sued\\\/#breadcrumb\"},\"inLanguage\":\"de\",\"potentialAction\":[{\"@type\":\"ReadAction\",\"target\":[\"https:\\\/\\\/www.cdu-fraktion-hamburg-mitte.de\\\/cms\\\/rotgruen-als-totengraeber-des-kinderbauernhofs-kirchdorf-sued\\\/\"]}]},{\"@type\":\"ImageObject\",\"inLanguage\":\"de\",\"@id\":\"https:\\\/\\\/www.cdu-fraktion-hamburg-mitte.de\\\/cms\\\/rotgruen-als-totengraeber-des-kinderbauernhofs-kirchdorf-sued\\\/#primaryimage\",\"url\":\"https:\\\/\\\/www.cdu-fraktion-hamburg-mitte.de\\\/cms\\\/wp-content\\\/uploads\\\/2024\\\/07\\\/Frommann.jpg\",\"contentUrl\":\"https:\\\/\\\/www.cdu-fraktion-hamburg-mitte.de\\\/cms\\\/wp-content\\\/uploads\\\/2024\\\/07\\\/Frommann.jpg\",\"width\":600,\"height\":600,\"caption\":\"J\u00f6rn Frommann\"},{\"@type\":\"BreadcrumbList\",\"@id\":\"https:\\\/\\\/www.cdu-fraktion-hamburg-mitte.de\\\/cms\\\/rotgruen-als-totengraeber-des-kinderbauernhofs-kirchdorf-sued\\\/#breadcrumb\",\"itemListElement\":[{\"@type\":\"ListItem\",\"position\":1,\"name\":\"Startseite\",\"item\":\"https:\\\/\\\/www.cdu-fraktion-hamburg-mitte.de\\\/cms\\\/\"},{\"@type\":\"ListItem\",\"position\":2,\"name\":\"Rotgr\u00fcn als Totengr\u00e4ber des Kinderbauernhofs Kirchdorf-S\u00fcd\"}]},{\"@type\":\"WebSite\",\"@id\":\"https:\\\/\\\/www.cdu-fraktion-hamburg-mitte.de\\\/cms\\\/#website\",\"url\":\"https:\\\/\\\/www.cdu-fraktion-hamburg-mitte.de\\\/cms\\\/\",\"name\":\"CDU-Bezirksfraktion Hamburg-Mitte\",\"description\":\"Politik in der Bezirksversammlung Hamburg-Mitte\",\"publisher\":{\"@id\":\"https:\\\/\\\/www.cdu-fraktion-hamburg-mitte.de\\\/cms\\\/#organization\"},\"potentialAction\":[{\"@type\":\"SearchAction\",\"target\":{\"@type\":\"EntryPoint\",\"urlTemplate\":\"https:\\\/\\\/www.cdu-fraktion-hamburg-mitte.de\\\/cms\\\/?s={search_term_string}\"},\"query-input\":{\"@type\":\"PropertyValueSpecification\",\"valueRequired\":true,\"valueName\":\"search_term_string\"}}],\"inLanguage\":\"de\"},{\"@type\":\"Organization\",\"@id\":\"https:\\\/\\\/www.cdu-fraktion-hamburg-mitte.de\\\/cms\\\/#organization\",\"name\":\"CDU-B\u00fcrgerschaftsfraktion Hamburg\",\"url\":\"https:\\\/\\\/www.cdu-fraktion-hamburg-mitte.de\\\/cms\\\/\",\"logo\":{\"@type\":\"ImageObject\",\"inLanguage\":\"de\",\"@id\":\"https:\\\/\\\/www.cdu-fraktion-hamburg-mitte.de\\\/cms\\\/#\\\/schema\\\/logo\\\/image\\\/\",\"url\":\"\",\"contentUrl\":\"\",\"caption\":\"CDU-B\u00fcrgerschaftsfraktion Hamburg\"},\"image\":{\"@id\":\"https:\\\/\\\/www.cdu-fraktion-hamburg-mitte.de\\\/cms\\\/#\\\/schema\\\/logo\\\/image\\\/\"}},{\"@type\":\"Person\",\"@id\":\"https:\\\/\\\/www.cdu-fraktion-hamburg-mitte.de\\\/cms\\\/#\\\/schema\\\/person\\\/01bd1301f44cce77a35a1506b8747e05\",\"name\":\"fraktion\",\"image\":{\"@type\":\"ImageObject\",\"inLanguage\":\"de\",\"@id\":\"https:\\\/\\\/www.cdu-fraktion-hamburg-mitte.de\\\/cms\\\/wp-content\\\/uploads\\\/2023\\\/11\\\/CDU-Logo-Avatar-150x150.png\",\"url\":\"https:\\\/\\\/www.cdu-fraktion-hamburg-mitte.de\\\/cms\\\/wp-content\\\/uploads\\\/2023\\\/11\\\/CDU-Logo-Avatar-150x150.png\",\"contentUrl\":\"https:\\\/\\\/www.cdu-fraktion-hamburg-mitte.de\\\/cms\\\/wp-content\\\/uploads\\\/2023\\\/11\\\/CDU-Logo-Avatar-150x150.png\",\"caption\":\"fraktion\"},\"url\":\"https:\\\/\\\/www.cdu-fraktion-hamburg-mitte.de\\\/cms\\\/author\\\/fraktion\\\/\"}]}<\/script>\n<!-- \/ Yoast SEO plugin. -->","yoast_head_json":{"title":"Rotgr\u00fcn als Totengr\u00e4ber des Kinderbauernhofs Kirchdorf-S\u00fcd &#8226; CDU-Bezirksfraktion Hamburg-Mitte","robots":{"index":"index","follow":"follow","max-snippet":"max-snippet:-1","max-image-preview":"max-image-preview:large","max-video-preview":"max-video-preview:-1"},"canonical":"https:\/\/www.cdu-fraktion-hamburg-mitte.de\/cms\/rotgruen-als-totengraeber-des-kinderbauernhofs-kirchdorf-sued\/","og_locale":"de_DE","og_type":"article","og_title":"Rotgr\u00fcn als Totengr\u00e4ber des Kinderbauernhofs Kirchdorf-S\u00fcd &#8226; CDU-Bezirksfraktion Hamburg-Mitte","og_description":"Dem seit fast drei\u00dfig Jahren im Wesentlichen auf der Grundlage ehrenamtlicher T\u00e4tigkeit arbeitende Kinderbauernhof Kirchdorf-S\u00fcd droht das Aus. Nachdem die Gespr\u00e4che mit einem neuen Tr\u00e4ger offensichtlich bereits vor einigen Monaten gescheitert sind, konnte der Bezirk Hamburg-Mitte bisher keine L\u00f6sung f\u00fcr die \u00fcberregional beliebte Einrichtung, die vor allen Dingen von Kindern&hellip;","og_url":"https:\/\/www.cdu-fraktion-hamburg-mitte.de\/cms\/rotgruen-als-totengraeber-des-kinderbauernhofs-kirchdorf-sued\/","og_site_name":"CDU-Bezirksfraktion Hamburg-Mitte","article_published_time":"2026-03-17T06:57:11+00:00","og_image":[{"width":600,"height":600,"url":"https:\/\/www.cdu-fraktion-hamburg-mitte.de\/cms\/wp-content\/uploads\/2024\/07\/Frommann.jpg","type":"image\/jpeg"}],"author":"fraktion","twitter_card":"summary_large_image","twitter_misc":{"Verfasst von":"fraktion","Gesch\u00e4tzte Lesezeit":"3\u00a0Minuten"},"schema":{"@context":"https:\/\/schema.org","@graph":[{"@type":"Article","@id":"https:\/\/www.cdu-fraktion-hamburg-mitte.de\/cms\/rotgruen-als-totengraeber-des-kinderbauernhofs-kirchdorf-sued\/#article","isPartOf":{"@id":"https:\/\/www.cdu-fraktion-hamburg-mitte.de\/cms\/rotgruen-als-totengraeber-des-kinderbauernhofs-kirchdorf-sued\/"},"author":{"name":"fraktion","@id":"https:\/\/www.cdu-fraktion-hamburg-mitte.de\/cms\/#\/schema\/person\/01bd1301f44cce77a35a1506b8747e05"},"headline":"Rotgr\u00fcn als Totengr\u00e4ber des Kinderbauernhofs Kirchdorf-S\u00fcd","datePublished":"2026-03-17T06:57:11+00:00","mainEntityOfPage":{"@id":"https:\/\/www.cdu-fraktion-hamburg-mitte.de\/cms\/rotgruen-als-totengraeber-des-kinderbauernhofs-kirchdorf-sued\/"},"wordCount":389,"publisher":{"@id":"https:\/\/www.cdu-fraktion-hamburg-mitte.de\/cms\/#organization"},"image":{"@id":"https:\/\/www.cdu-fraktion-hamburg-mitte.de\/cms\/rotgruen-als-totengraeber-des-kinderbauernhofs-kirchdorf-sued\/#primaryimage"},"thumbnailUrl":"https:\/\/www.cdu-fraktion-hamburg-mitte.de\/cms\/wp-content\/uploads\/2024\/07\/Frommann.jpg","keywords":["J\u00f6rn Frommann","Kinderbauernhof","Kirchdorf-S\u00fcd","Wilhelmsburg"],"articleSection":["Pressemitteilungen"],"inLanguage":"de"},{"@type":"WebPage","@id":"https:\/\/www.cdu-fraktion-hamburg-mitte.de\/cms\/rotgruen-als-totengraeber-des-kinderbauernhofs-kirchdorf-sued\/","url":"https:\/\/www.cdu-fraktion-hamburg-mitte.de\/cms\/rotgruen-als-totengraeber-des-kinderbauernhofs-kirchdorf-sued\/","name":"Rotgr\u00fcn als Totengr\u00e4ber des Kinderbauernhofs Kirchdorf-S\u00fcd &#8226; CDU-Bezirksfraktion Hamburg-Mitte","isPartOf":{"@id":"https:\/\/www.cdu-fraktion-hamburg-mitte.de\/cms\/#website"},"primaryImageOfPage":{"@id":"https:\/\/www.cdu-fraktion-hamburg-mitte.de\/cms\/rotgruen-als-totengraeber-des-kinderbauernhofs-kirchdorf-sued\/#primaryimage"},"image":{"@id":"https:\/\/www.cdu-fraktion-hamburg-mitte.de\/cms\/rotgruen-als-totengraeber-des-kinderbauernhofs-kirchdorf-sued\/#primaryimage"},"thumbnailUrl":"https:\/\/www.cdu-fraktion-hamburg-mitte.de\/cms\/wp-content\/uploads\/2024\/07\/Frommann.jpg","datePublished":"2026-03-17T06:57:11+00:00","breadcrumb":{"@id":"https:\/\/www.cdu-fraktion-hamburg-mitte.de\/cms\/rotgruen-als-totengraeber-des-kinderbauernhofs-kirchdorf-sued\/#breadcrumb"},"inLanguage":"de","potentialAction":[{"@type":"ReadAction","target":["https:\/\/www.cdu-fraktion-hamburg-mitte.de\/cms\/rotgruen-als-totengraeber-des-kinderbauernhofs-kirchdorf-sued\/"]}]},{"@type":"ImageObject","inLanguage":"de","@id":"https:\/\/www.cdu-fraktion-hamburg-mitte.de\/cms\/rotgruen-als-totengraeber-des-kinderbauernhofs-kirchdorf-sued\/#primaryimage","url":"https:\/\/www.cdu-fraktion-hamburg-mitte.de\/cms\/wp-content\/uploads\/2024\/07\/Frommann.jpg","contentUrl":"https:\/\/www.cdu-fraktion-hamburg-mitte.de\/cms\/wp-content\/uploads\/2024\/07\/Frommann.jpg","width":600,"height":600,"caption":"J\u00f6rn Frommann"},{"@type":"BreadcrumbList","@id":"https:\/\/www.cdu-fraktion-hamburg-mitte.de\/cms\/rotgruen-als-totengraeber-des-kinderbauernhofs-kirchdorf-sued\/#breadcrumb","itemListElement":[{"@type":"ListItem","position":1,"name":"Startseite","item":"https:\/\/www.cdu-fraktion-hamburg-mitte.de\/cms\/"},{"@type":"ListItem","position":2,"name":"Rotgr\u00fcn als Totengr\u00e4ber des Kinderbauernhofs Kirchdorf-S\u00fcd"}]},{"@type":"WebSite","@id":"https:\/\/www.cdu-fraktion-hamburg-mitte.de\/cms\/#website","url":"https:\/\/www.cdu-fraktion-hamburg-mitte.de\/cms\/","name":"CDU-Bezirksfraktion Hamburg-Mitte","description":"Politik in der Bezirksversammlung Hamburg-Mitte","publisher":{"@id":"https:\/\/www.cdu-fraktion-hamburg-mitte.de\/cms\/#organization"},"potentialAction":[{"@type":"SearchAction","target":{"@type":"EntryPoint","urlTemplate":"https:\/\/www.cdu-fraktion-hamburg-mitte.de\/cms\/?s={search_term_string}"},"query-input":{"@type":"PropertyValueSpecification","valueRequired":true,"valueName":"search_term_string"}}],"inLanguage":"de"},{"@type":"Organization","@id":"https:\/\/www.cdu-fraktion-hamburg-mitte.de\/cms\/#organization","name":"CDU-B\u00fcrgerschaftsfraktion Hamburg","url":"https:\/\/www.cdu-fraktion-hamburg-mitte.de\/cms\/","logo":{"@type":"ImageObject","inLanguage":"de","@id":"https:\/\/www.cdu-fraktion-hamburg-mitte.de\/cms\/#\/schema\/logo\/image\/","url":"","contentUrl":"","caption":"CDU-B\u00fcrgerschaftsfraktion Hamburg"},"image":{"@id":"https:\/\/www.cdu-fraktion-hamburg-mitte.de\/cms\/#\/schema\/logo\/image\/"}},{"@type":"Person","@id":"https:\/\/www.cdu-fraktion-hamburg-mitte.de\/cms\/#\/schema\/person\/01bd1301f44cce77a35a1506b8747e05","name":"fraktion","image":{"@type":"ImageObject","inLanguage":"de","@id":"https:\/\/www.cdu-fraktion-hamburg-mitte.de\/cms\/wp-content\/uploads\/2023\/11\/CDU-Logo-Avatar-150x150.png","url":"https:\/\/www.cdu-fraktion-hamburg-mitte.de\/cms\/wp-content\/uploads\/2023\/11\/CDU-Logo-Avatar-150x150.png","contentUrl":"https:\/\/www.cdu-fraktion-hamburg-mitte.de\/cms\/wp-content\/uploads\/2023\/11\/CDU-Logo-Avatar-150x150.png","caption":"fraktion"},"url":"https:\/\/www.cdu-fraktion-hamburg-mitte.de\/cms\/author\/fraktion\/"}]}},"_links":{"self":[{"href":"https:\/\/www.cdu-fraktion-hamburg-mitte.de\/cms\/wp-json\/wp\/v2\/posts\/14102","targetHints":{"allow":["GET"]}}],"collection":[{"href":"https:\/\/www.cdu-fraktion-hamburg-mitte.de\/cms\/wp-json\/wp\/v2\/posts"}],"about":[{"href":"https:\/\/www.cdu-fraktion-hamburg-mitte.de\/cms\/wp-json\/wp\/v2\/types\/post"}],"author":[{"embeddable":true,"href":"https:\/\/www.cdu-fraktion-hamburg-mitte.de\/cms\/wp-json\/wp\/v2\/users\/45"}],"replies":[{"embeddable":true,"href":"https:\/\/www.cdu-fraktion-hamburg-mitte.de\/cms\/wp-json\/wp\/v2\/comments?post=14102"}],"version-history":[{"count":1,"href":"https:\/\/www.cdu-fraktion-hamburg-mitte.de\/cms\/wp-json\/wp\/v2\/posts\/14102\/revisions"}],"predecessor-version":[{"id":14103,"href":"https:\/\/www.cdu-fraktion-hamburg-mitte.de\/cms\/wp-json\/wp\/v2\/posts\/14102\/revisions\/14103"}],"wp:featuredmedia":[{"embeddable":true,"href":"https:\/\/www.cdu-fraktion-hamburg-mitte.de\/cms\/wp-json\/wp\/v2\/media\/13551"}],"wp:attachment":[{"href":"https:\/\/www.cdu-fraktion-hamburg-mitte.de\/cms\/wp-json\/wp\/v2\/media?parent=14102"}],"wp:term":[{"taxonomy":"category","embeddable":true,"href":"https:\/\/www.cdu-fraktion-hamburg-mitte.de\/cms\/wp-json\/wp\/v2\/categories?post=14102"},{"taxonomy":"post_tag","embeddable":true,"href":"https:\/\/www.cdu-fraktion-hamburg-mitte.de\/cms\/wp-json\/wp\/v2\/tags?post=14102"}],"curies":[{"name":"wp","href":"https:\/\/api.w.org\/{rel}","templated":true}]}}