{"id":14109,"date":"2026-03-19T09:02:22","date_gmt":"2026-03-19T08:02:22","guid":{"rendered":"https:\/\/www.cdu-fraktion-hamburg-mitte.de\/cms\/?p=14109"},"modified":"2026-03-19T09:02:22","modified_gmt":"2026-03-19T08:02:22","slug":"elbinseln-auf-dem-medizinischen-abstellgleis-angekommen-rotgruene-konzeptlosigkeit-traegt-fruechte-krankenhaus-gross-sand-wird-geschlossen","status":"publish","type":"post","link":"https:\/\/www.cdu-fraktion-hamburg-mitte.de\/cms\/elbinseln-auf-dem-medizinischen-abstellgleis-angekommen-rotgruene-konzeptlosigkeit-traegt-fruechte-krankenhaus-gross-sand-wird-geschlossen\/","title":{"rendered":"Elbinseln auf dem medizinischen Abstellgleis angekommen! Rotgr\u00fcne Konzeptlosigkeit tr\u00e4gt Fr\u00fcchte \u2013 Krankenhaus Gro\u00df Sand wird geschlossen!"},"content":{"rendered":"<p>Bereits seit \u00fcber einem Jahr wog das Damokles-Schwert der Schlie\u00dfung des Katholischen Krankenhauses Gro\u00df Sand \u00fcber den Elbinseln und deren Nachbarn. Nunmehr gibt es kein Zur\u00fcck mehr. Die Katholische Kirche hat gestern das Ende des Betriebs bereits f\u00fcr Juni 2026 angek\u00fcndigt.<\/p>\n<p>&#8222;Auch wenn wir immer wieder die Hoffnung hatten, dass es m\u00f6glich sein wird, eine gute L\u00f6sung f\u00fcr die Nachfolge der Klink Gro\u00df Sand zu finden, so trifft die Mitteilung der nunmehr feststehenden Schlie\u00dfung aller Abteilungen des Krankenhauses Gro\u00df Sand die Elbinsulaner doch mit voller Wucht&#8220; erkl\u00e4rt <strong>J\u00f6rn Frommann, lokaler CDU-Abgeordneter<\/strong>. &#8222;Bereits letztes Jahr in der Anh\u00f6rung des Regionalausschusses Wilhelmsburg\/Veddel hatte ich Zweifel ge\u00e4u\u00dfert, dass es gelingen wird, rechtzeitig eine L\u00f6sung mit den Betreibern zu finden, da die Stadt viel zu halbherzig an die Sache rangegangen ist&#8220;, so der CDU-Mann weiter. &#8222;Nicht nur, dass kurzfristig 350 Menschen ihren Arbeitsplatz verlieren oder sich innerhalb des Tr\u00e4gers komplett neu orientieren m\u00fcssen, auch die Versorgung der Elbinseln wird von einem auf dem anderen Tag komplett reduziert.&#8220;<\/p>\n<p><strong>Frommann<\/strong> macht in seinem Statement noch einmal auf die fehlenden Ideen der Stadt aufmerksam, die das Verfahren von Anfang an nur passiv begleitet h\u00e4tten, statt aktiv einzuwirken. &#8222;Nat\u00fcrlich ist der kirchliche Tr\u00e4ger ein schwieriger Partner bei den Verhandlungen, aber dem rotgr\u00fcnen Senat obliegt hier das Fingerspitzengef\u00fchl zu haben, Schaden von den B\u00fcrgern der Elbinseln abzuwenden. Hier schulden die beteiligten Senatsvertreter bis heute die notwendigen Konzepte&#8220;, echauffiert sich <strong>Frommann<\/strong>. &#8222;Die rotgr\u00fcne Konzeptlosigkeit l\u00e4sst nunmehr fast 60.000 Menschen an den medizinischen Tropf bei der Versorgung h\u00e4ngen. Wir werden den Senat nicht aus der Verantwortung lassen und entsprechend Druck f\u00fcr L\u00f6sungen machen&#8220; erkl\u00e4rt der CDU-Abgeordnete weiter.<\/p>\n<p>Trotz Schlie\u00dfung wird das Medizinische Versorgungszentrum (MVZ) an dem Standort Gro\u00df Sand weiterarbeiten und damit einen kleinen Baustein bei der Versorgung der Elbinsulaner erhalten.<\/p>\n","protected":false},"excerpt":{"rendered":"<p>Bereits seit \u00fcber einem Jahr wog das Damokles-Schwert der Schlie\u00dfung des Katholischen Krankenhauses Gro\u00df Sand \u00fcber den Elbinseln und deren Nachbarn. Nunmehr gibt es kein Zur\u00fcck mehr. Die Katholische Kirche hat gestern das Ende des Betriebs bereits f\u00fcr Juni 2026 angek\u00fcndigt. &#8222;Auch wenn wir immer wieder die Hoffnung hatten, dass&hellip;<\/p>\n","protected":false},"author":45,"featured_media":13551,"comment_status":"closed","ping_status":"closed","sticky":false,"template":"","format":"standard","meta":{"inline_featured_image":false,"footnotes":""},"categories":[82],"tags":[534,535,711,516],"class_list":["post-14109","post","type-post","status-publish","format-standard","has-post-thumbnail","hentry","category-pressemitteilung","tag-gross-sand","tag-joern-frommann","tag-krankenhaus","tag-wilhelmsburg"],"yoast_head":"<!-- This site is optimized with the Yoast SEO plugin v27.5 - https:\/\/yoast.com\/product\/yoast-seo-wordpress\/ -->\n<title>Elbinseln auf dem medizinischen Abstellgleis angekommen! Rotgr\u00fcne Konzeptlosigkeit tr\u00e4gt Fr\u00fcchte \u2013 Krankenhaus Gro\u00df Sand wird geschlossen! &#8226; CDU-Bezirksfraktion Hamburg-Mitte<\/title>\n<meta name=\"robots\" content=\"index, follow, max-snippet:-1, max-image-preview:large, max-video-preview:-1\" \/>\n<link rel=\"canonical\" href=\"https:\/\/www.cdu-fraktion-hamburg-mitte.de\/cms\/elbinseln-auf-dem-medizinischen-abstellgleis-angekommen-rotgruene-konzeptlosigkeit-traegt-fruechte-krankenhaus-gross-sand-wird-geschlossen\/\" \/>\n<meta property=\"og:locale\" content=\"de_DE\" \/>\n<meta property=\"og:type\" content=\"article\" \/>\n<meta property=\"og:title\" content=\"Elbinseln auf dem medizinischen Abstellgleis angekommen! Rotgr\u00fcne Konzeptlosigkeit tr\u00e4gt Fr\u00fcchte \u2013 Krankenhaus Gro\u00df Sand wird geschlossen! &#8226; CDU-Bezirksfraktion Hamburg-Mitte\" \/>\n<meta property=\"og:description\" content=\"Bereits seit \u00fcber einem Jahr wog das Damokles-Schwert der Schlie\u00dfung des Katholischen Krankenhauses Gro\u00df Sand \u00fcber den Elbinseln und deren Nachbarn. Nunmehr gibt es kein Zur\u00fcck mehr. Die Katholische Kirche hat gestern das Ende des Betriebs bereits f\u00fcr Juni 2026 angek\u00fcndigt. &#8222;Auch wenn wir immer wieder die Hoffnung hatten, dass&hellip;\" \/>\n<meta property=\"og:url\" content=\"https:\/\/www.cdu-fraktion-hamburg-mitte.de\/cms\/elbinseln-auf-dem-medizinischen-abstellgleis-angekommen-rotgruene-konzeptlosigkeit-traegt-fruechte-krankenhaus-gross-sand-wird-geschlossen\/\" \/>\n<meta property=\"og:site_name\" content=\"CDU-Bezirksfraktion Hamburg-Mitte\" \/>\n<meta property=\"article:published_time\" content=\"2026-03-19T08:02:22+00:00\" \/>\n<meta property=\"og:image\" content=\"https:\/\/www.cdu-fraktion-hamburg-mitte.de\/cms\/wp-content\/uploads\/2024\/07\/Frommann.jpg\" \/>\n\t<meta property=\"og:image:width\" content=\"600\" \/>\n\t<meta property=\"og:image:height\" content=\"600\" \/>\n\t<meta property=\"og:image:type\" content=\"image\/jpeg\" \/>\n<meta name=\"author\" content=\"fraktion\" \/>\n<meta name=\"twitter:card\" content=\"summary_large_image\" \/>\n<meta name=\"twitter:label1\" content=\"Verfasst von\" \/>\n\t<meta name=\"twitter:data1\" content=\"fraktion\" \/>\n\t<meta name=\"twitter:label2\" content=\"Gesch\u00e4tzte Lesezeit\" \/>\n\t<meta name=\"twitter:data2\" content=\"2\u00a0Minuten\" \/>\n<script type=\"application\/ld+json\" class=\"yoast-schema-graph\">{\"@context\":\"https:\\\/\\\/schema.org\",\"@graph\":[{\"@type\":\"Article\",\"@id\":\"https:\\\/\\\/www.cdu-fraktion-hamburg-mitte.de\\\/cms\\\/elbinseln-auf-dem-medizinischen-abstellgleis-angekommen-rotgruene-konzeptlosigkeit-traegt-fruechte-krankenhaus-gross-sand-wird-geschlossen\\\/#article\",\"isPartOf\":{\"@id\":\"https:\\\/\\\/www.cdu-fraktion-hamburg-mitte.de\\\/cms\\\/elbinseln-auf-dem-medizinischen-abstellgleis-angekommen-rotgruene-konzeptlosigkeit-traegt-fruechte-krankenhaus-gross-sand-wird-geschlossen\\\/\"},\"author\":{\"name\":\"fraktion\",\"@id\":\"https:\\\/\\\/www.cdu-fraktion-hamburg-mitte.de\\\/cms\\\/#\\\/schema\\\/person\\\/01bd1301f44cce77a35a1506b8747e05\"},\"headline\":\"Elbinseln auf dem medizinischen Abstellgleis angekommen! Rotgr\u00fcne Konzeptlosigkeit tr\u00e4gt Fr\u00fcchte \u2013 Krankenhaus Gro\u00df Sand wird geschlossen!\",\"datePublished\":\"2026-03-19T08:02:22+00:00\",\"mainEntityOfPage\":{\"@id\":\"https:\\\/\\\/www.cdu-fraktion-hamburg-mitte.de\\\/cms\\\/elbinseln-auf-dem-medizinischen-abstellgleis-angekommen-rotgruene-konzeptlosigkeit-traegt-fruechte-krankenhaus-gross-sand-wird-geschlossen\\\/\"},\"wordCount\":335,\"publisher\":{\"@id\":\"https:\\\/\\\/www.cdu-fraktion-hamburg-mitte.de\\\/cms\\\/#organization\"},\"image\":{\"@id\":\"https:\\\/\\\/www.cdu-fraktion-hamburg-mitte.de\\\/cms\\\/elbinseln-auf-dem-medizinischen-abstellgleis-angekommen-rotgruene-konzeptlosigkeit-traegt-fruechte-krankenhaus-gross-sand-wird-geschlossen\\\/#primaryimage\"},\"thumbnailUrl\":\"https:\\\/\\\/www.cdu-fraktion-hamburg-mitte.de\\\/cms\\\/wp-content\\\/uploads\\\/2024\\\/07\\\/Frommann.jpg\",\"keywords\":[\"Gro\u00df Sand\",\"J\u00f6rn Frommann\",\"Krankenhaus\",\"Wilhelmsburg\"],\"articleSection\":[\"Pressemitteilungen\"],\"inLanguage\":\"de\"},{\"@type\":\"WebPage\",\"@id\":\"https:\\\/\\\/www.cdu-fraktion-hamburg-mitte.de\\\/cms\\\/elbinseln-auf-dem-medizinischen-abstellgleis-angekommen-rotgruene-konzeptlosigkeit-traegt-fruechte-krankenhaus-gross-sand-wird-geschlossen\\\/\",\"url\":\"https:\\\/\\\/www.cdu-fraktion-hamburg-mitte.de\\\/cms\\\/elbinseln-auf-dem-medizinischen-abstellgleis-angekommen-rotgruene-konzeptlosigkeit-traegt-fruechte-krankenhaus-gross-sand-wird-geschlossen\\\/\",\"name\":\"Elbinseln auf dem medizinischen Abstellgleis angekommen! Rotgr\u00fcne Konzeptlosigkeit tr\u00e4gt Fr\u00fcchte \u2013 Krankenhaus Gro\u00df Sand wird geschlossen! &#8226; CDU-Bezirksfraktion Hamburg-Mitte\",\"isPartOf\":{\"@id\":\"https:\\\/\\\/www.cdu-fraktion-hamburg-mitte.de\\\/cms\\\/#website\"},\"primaryImageOfPage\":{\"@id\":\"https:\\\/\\\/www.cdu-fraktion-hamburg-mitte.de\\\/cms\\\/elbinseln-auf-dem-medizinischen-abstellgleis-angekommen-rotgruene-konzeptlosigkeit-traegt-fruechte-krankenhaus-gross-sand-wird-geschlossen\\\/#primaryimage\"},\"image\":{\"@id\":\"https:\\\/\\\/www.cdu-fraktion-hamburg-mitte.de\\\/cms\\\/elbinseln-auf-dem-medizinischen-abstellgleis-angekommen-rotgruene-konzeptlosigkeit-traegt-fruechte-krankenhaus-gross-sand-wird-geschlossen\\\/#primaryimage\"},\"thumbnailUrl\":\"https:\\\/\\\/www.cdu-fraktion-hamburg-mitte.de\\\/cms\\\/wp-content\\\/uploads\\\/2024\\\/07\\\/Frommann.jpg\",\"datePublished\":\"2026-03-19T08:02:22+00:00\",\"breadcrumb\":{\"@id\":\"https:\\\/\\\/www.cdu-fraktion-hamburg-mitte.de\\\/cms\\\/elbinseln-auf-dem-medizinischen-abstellgleis-angekommen-rotgruene-konzeptlosigkeit-traegt-fruechte-krankenhaus-gross-sand-wird-geschlossen\\\/#breadcrumb\"},\"inLanguage\":\"de\",\"potentialAction\":[{\"@type\":\"ReadAction\",\"target\":[\"https:\\\/\\\/www.cdu-fraktion-hamburg-mitte.de\\\/cms\\\/elbinseln-auf-dem-medizinischen-abstellgleis-angekommen-rotgruene-konzeptlosigkeit-traegt-fruechte-krankenhaus-gross-sand-wird-geschlossen\\\/\"]}]},{\"@type\":\"ImageObject\",\"inLanguage\":\"de\",\"@id\":\"https:\\\/\\\/www.cdu-fraktion-hamburg-mitte.de\\\/cms\\\/elbinseln-auf-dem-medizinischen-abstellgleis-angekommen-rotgruene-konzeptlosigkeit-traegt-fruechte-krankenhaus-gross-sand-wird-geschlossen\\\/#primaryimage\",\"url\":\"https:\\\/\\\/www.cdu-fraktion-hamburg-mitte.de\\\/cms\\\/wp-content\\\/uploads\\\/2024\\\/07\\\/Frommann.jpg\",\"contentUrl\":\"https:\\\/\\\/www.cdu-fraktion-hamburg-mitte.de\\\/cms\\\/wp-content\\\/uploads\\\/2024\\\/07\\\/Frommann.jpg\",\"width\":600,\"height\":600,\"caption\":\"J\u00f6rn Frommann\"},{\"@type\":\"BreadcrumbList\",\"@id\":\"https:\\\/\\\/www.cdu-fraktion-hamburg-mitte.de\\\/cms\\\/elbinseln-auf-dem-medizinischen-abstellgleis-angekommen-rotgruene-konzeptlosigkeit-traegt-fruechte-krankenhaus-gross-sand-wird-geschlossen\\\/#breadcrumb\",\"itemListElement\":[{\"@type\":\"ListItem\",\"position\":1,\"name\":\"Startseite\",\"item\":\"https:\\\/\\\/www.cdu-fraktion-hamburg-mitte.de\\\/cms\\\/\"},{\"@type\":\"ListItem\",\"position\":2,\"name\":\"Elbinseln auf dem medizinischen Abstellgleis angekommen! Rotgr\u00fcne Konzeptlosigkeit tr\u00e4gt Fr\u00fcchte \u2013 Krankenhaus Gro\u00df Sand wird geschlossen!\"}]},{\"@type\":\"WebSite\",\"@id\":\"https:\\\/\\\/www.cdu-fraktion-hamburg-mitte.de\\\/cms\\\/#website\",\"url\":\"https:\\\/\\\/www.cdu-fraktion-hamburg-mitte.de\\\/cms\\\/\",\"name\":\"CDU-Bezirksfraktion Hamburg-Mitte\",\"description\":\"Politik in der Bezirksversammlung Hamburg-Mitte\",\"publisher\":{\"@id\":\"https:\\\/\\\/www.cdu-fraktion-hamburg-mitte.de\\\/cms\\\/#organization\"},\"potentialAction\":[{\"@type\":\"SearchAction\",\"target\":{\"@type\":\"EntryPoint\",\"urlTemplate\":\"https:\\\/\\\/www.cdu-fraktion-hamburg-mitte.de\\\/cms\\\/?s={search_term_string}\"},\"query-input\":{\"@type\":\"PropertyValueSpecification\",\"valueRequired\":true,\"valueName\":\"search_term_string\"}}],\"inLanguage\":\"de\"},{\"@type\":\"Organization\",\"@id\":\"https:\\\/\\\/www.cdu-fraktion-hamburg-mitte.de\\\/cms\\\/#organization\",\"name\":\"CDU-B\u00fcrgerschaftsfraktion Hamburg\",\"url\":\"https:\\\/\\\/www.cdu-fraktion-hamburg-mitte.de\\\/cms\\\/\",\"logo\":{\"@type\":\"ImageObject\",\"inLanguage\":\"de\",\"@id\":\"https:\\\/\\\/www.cdu-fraktion-hamburg-mitte.de\\\/cms\\\/#\\\/schema\\\/logo\\\/image\\\/\",\"url\":\"\",\"contentUrl\":\"\",\"caption\":\"CDU-B\u00fcrgerschaftsfraktion Hamburg\"},\"image\":{\"@id\":\"https:\\\/\\\/www.cdu-fraktion-hamburg-mitte.de\\\/cms\\\/#\\\/schema\\\/logo\\\/image\\\/\"}},{\"@type\":\"Person\",\"@id\":\"https:\\\/\\\/www.cdu-fraktion-hamburg-mitte.de\\\/cms\\\/#\\\/schema\\\/person\\\/01bd1301f44cce77a35a1506b8747e05\",\"name\":\"fraktion\",\"image\":{\"@type\":\"ImageObject\",\"inLanguage\":\"de\",\"@id\":\"https:\\\/\\\/www.cdu-fraktion-hamburg-mitte.de\\\/cms\\\/wp-content\\\/uploads\\\/2023\\\/11\\\/CDU-Logo-Avatar-150x150.png\",\"url\":\"https:\\\/\\\/www.cdu-fraktion-hamburg-mitte.de\\\/cms\\\/wp-content\\\/uploads\\\/2023\\\/11\\\/CDU-Logo-Avatar-150x150.png\",\"contentUrl\":\"https:\\\/\\\/www.cdu-fraktion-hamburg-mitte.de\\\/cms\\\/wp-content\\\/uploads\\\/2023\\\/11\\\/CDU-Logo-Avatar-150x150.png\",\"caption\":\"fraktion\"},\"url\":\"https:\\\/\\\/www.cdu-fraktion-hamburg-mitte.de\\\/cms\\\/author\\\/fraktion\\\/\"}]}<\/script>\n<!-- \/ Yoast SEO plugin. -->","yoast_head_json":{"title":"Elbinseln auf dem medizinischen Abstellgleis angekommen! Rotgr\u00fcne Konzeptlosigkeit tr\u00e4gt Fr\u00fcchte \u2013 Krankenhaus Gro\u00df Sand wird geschlossen! &#8226; CDU-Bezirksfraktion Hamburg-Mitte","robots":{"index":"index","follow":"follow","max-snippet":"max-snippet:-1","max-image-preview":"max-image-preview:large","max-video-preview":"max-video-preview:-1"},"canonical":"https:\/\/www.cdu-fraktion-hamburg-mitte.de\/cms\/elbinseln-auf-dem-medizinischen-abstellgleis-angekommen-rotgruene-konzeptlosigkeit-traegt-fruechte-krankenhaus-gross-sand-wird-geschlossen\/","og_locale":"de_DE","og_type":"article","og_title":"Elbinseln auf dem medizinischen Abstellgleis angekommen! Rotgr\u00fcne Konzeptlosigkeit tr\u00e4gt Fr\u00fcchte \u2013 Krankenhaus Gro\u00df Sand wird geschlossen! &#8226; CDU-Bezirksfraktion Hamburg-Mitte","og_description":"Bereits seit \u00fcber einem Jahr wog das Damokles-Schwert der Schlie\u00dfung des Katholischen Krankenhauses Gro\u00df Sand \u00fcber den Elbinseln und deren Nachbarn. Nunmehr gibt es kein Zur\u00fcck mehr. Die Katholische Kirche hat gestern das Ende des Betriebs bereits f\u00fcr Juni 2026 angek\u00fcndigt. &#8222;Auch wenn wir immer wieder die Hoffnung hatten, dass&hellip;","og_url":"https:\/\/www.cdu-fraktion-hamburg-mitte.de\/cms\/elbinseln-auf-dem-medizinischen-abstellgleis-angekommen-rotgruene-konzeptlosigkeit-traegt-fruechte-krankenhaus-gross-sand-wird-geschlossen\/","og_site_name":"CDU-Bezirksfraktion Hamburg-Mitte","article_published_time":"2026-03-19T08:02:22+00:00","og_image":[{"width":600,"height":600,"url":"https:\/\/www.cdu-fraktion-hamburg-mitte.de\/cms\/wp-content\/uploads\/2024\/07\/Frommann.jpg","type":"image\/jpeg"}],"author":"fraktion","twitter_card":"summary_large_image","twitter_misc":{"Verfasst von":"fraktion","Gesch\u00e4tzte Lesezeit":"2\u00a0Minuten"},"schema":{"@context":"https:\/\/schema.org","@graph":[{"@type":"Article","@id":"https:\/\/www.cdu-fraktion-hamburg-mitte.de\/cms\/elbinseln-auf-dem-medizinischen-abstellgleis-angekommen-rotgruene-konzeptlosigkeit-traegt-fruechte-krankenhaus-gross-sand-wird-geschlossen\/#article","isPartOf":{"@id":"https:\/\/www.cdu-fraktion-hamburg-mitte.de\/cms\/elbinseln-auf-dem-medizinischen-abstellgleis-angekommen-rotgruene-konzeptlosigkeit-traegt-fruechte-krankenhaus-gross-sand-wird-geschlossen\/"},"author":{"name":"fraktion","@id":"https:\/\/www.cdu-fraktion-hamburg-mitte.de\/cms\/#\/schema\/person\/01bd1301f44cce77a35a1506b8747e05"},"headline":"Elbinseln auf dem medizinischen Abstellgleis angekommen! Rotgr\u00fcne Konzeptlosigkeit tr\u00e4gt Fr\u00fcchte \u2013 Krankenhaus Gro\u00df Sand wird geschlossen!","datePublished":"2026-03-19T08:02:22+00:00","mainEntityOfPage":{"@id":"https:\/\/www.cdu-fraktion-hamburg-mitte.de\/cms\/elbinseln-auf-dem-medizinischen-abstellgleis-angekommen-rotgruene-konzeptlosigkeit-traegt-fruechte-krankenhaus-gross-sand-wird-geschlossen\/"},"wordCount":335,"publisher":{"@id":"https:\/\/www.cdu-fraktion-hamburg-mitte.de\/cms\/#organization"},"image":{"@id":"https:\/\/www.cdu-fraktion-hamburg-mitte.de\/cms\/elbinseln-auf-dem-medizinischen-abstellgleis-angekommen-rotgruene-konzeptlosigkeit-traegt-fruechte-krankenhaus-gross-sand-wird-geschlossen\/#primaryimage"},"thumbnailUrl":"https:\/\/www.cdu-fraktion-hamburg-mitte.de\/cms\/wp-content\/uploads\/2024\/07\/Frommann.jpg","keywords":["Gro\u00df Sand","J\u00f6rn Frommann","Krankenhaus","Wilhelmsburg"],"articleSection":["Pressemitteilungen"],"inLanguage":"de"},{"@type":"WebPage","@id":"https:\/\/www.cdu-fraktion-hamburg-mitte.de\/cms\/elbinseln-auf-dem-medizinischen-abstellgleis-angekommen-rotgruene-konzeptlosigkeit-traegt-fruechte-krankenhaus-gross-sand-wird-geschlossen\/","url":"https:\/\/www.cdu-fraktion-hamburg-mitte.de\/cms\/elbinseln-auf-dem-medizinischen-abstellgleis-angekommen-rotgruene-konzeptlosigkeit-traegt-fruechte-krankenhaus-gross-sand-wird-geschlossen\/","name":"Elbinseln auf dem medizinischen Abstellgleis angekommen! Rotgr\u00fcne Konzeptlosigkeit tr\u00e4gt Fr\u00fcchte \u2013 Krankenhaus Gro\u00df Sand wird geschlossen! &#8226; CDU-Bezirksfraktion Hamburg-Mitte","isPartOf":{"@id":"https:\/\/www.cdu-fraktion-hamburg-mitte.de\/cms\/#website"},"primaryImageOfPage":{"@id":"https:\/\/www.cdu-fraktion-hamburg-mitte.de\/cms\/elbinseln-auf-dem-medizinischen-abstellgleis-angekommen-rotgruene-konzeptlosigkeit-traegt-fruechte-krankenhaus-gross-sand-wird-geschlossen\/#primaryimage"},"image":{"@id":"https:\/\/www.cdu-fraktion-hamburg-mitte.de\/cms\/elbinseln-auf-dem-medizinischen-abstellgleis-angekommen-rotgruene-konzeptlosigkeit-traegt-fruechte-krankenhaus-gross-sand-wird-geschlossen\/#primaryimage"},"thumbnailUrl":"https:\/\/www.cdu-fraktion-hamburg-mitte.de\/cms\/wp-content\/uploads\/2024\/07\/Frommann.jpg","datePublished":"2026-03-19T08:02:22+00:00","breadcrumb":{"@id":"https:\/\/www.cdu-fraktion-hamburg-mitte.de\/cms\/elbinseln-auf-dem-medizinischen-abstellgleis-angekommen-rotgruene-konzeptlosigkeit-traegt-fruechte-krankenhaus-gross-sand-wird-geschlossen\/#breadcrumb"},"inLanguage":"de","potentialAction":[{"@type":"ReadAction","target":["https:\/\/www.cdu-fraktion-hamburg-mitte.de\/cms\/elbinseln-auf-dem-medizinischen-abstellgleis-angekommen-rotgruene-konzeptlosigkeit-traegt-fruechte-krankenhaus-gross-sand-wird-geschlossen\/"]}]},{"@type":"ImageObject","inLanguage":"de","@id":"https:\/\/www.cdu-fraktion-hamburg-mitte.de\/cms\/elbinseln-auf-dem-medizinischen-abstellgleis-angekommen-rotgruene-konzeptlosigkeit-traegt-fruechte-krankenhaus-gross-sand-wird-geschlossen\/#primaryimage","url":"https:\/\/www.cdu-fraktion-hamburg-mitte.de\/cms\/wp-content\/uploads\/2024\/07\/Frommann.jpg","contentUrl":"https:\/\/www.cdu-fraktion-hamburg-mitte.de\/cms\/wp-content\/uploads\/2024\/07\/Frommann.jpg","width":600,"height":600,"caption":"J\u00f6rn Frommann"},{"@type":"BreadcrumbList","@id":"https:\/\/www.cdu-fraktion-hamburg-mitte.de\/cms\/elbinseln-auf-dem-medizinischen-abstellgleis-angekommen-rotgruene-konzeptlosigkeit-traegt-fruechte-krankenhaus-gross-sand-wird-geschlossen\/#breadcrumb","itemListElement":[{"@type":"ListItem","position":1,"name":"Startseite","item":"https:\/\/www.cdu-fraktion-hamburg-mitte.de\/cms\/"},{"@type":"ListItem","position":2,"name":"Elbinseln auf dem medizinischen Abstellgleis angekommen! Rotgr\u00fcne Konzeptlosigkeit tr\u00e4gt Fr\u00fcchte \u2013 Krankenhaus Gro\u00df Sand wird geschlossen!"}]},{"@type":"WebSite","@id":"https:\/\/www.cdu-fraktion-hamburg-mitte.de\/cms\/#website","url":"https:\/\/www.cdu-fraktion-hamburg-mitte.de\/cms\/","name":"CDU-Bezirksfraktion Hamburg-Mitte","description":"Politik in der Bezirksversammlung Hamburg-Mitte","publisher":{"@id":"https:\/\/www.cdu-fraktion-hamburg-mitte.de\/cms\/#organization"},"potentialAction":[{"@type":"SearchAction","target":{"@type":"EntryPoint","urlTemplate":"https:\/\/www.cdu-fraktion-hamburg-mitte.de\/cms\/?s={search_term_string}"},"query-input":{"@type":"PropertyValueSpecification","valueRequired":true,"valueName":"search_term_string"}}],"inLanguage":"de"},{"@type":"Organization","@id":"https:\/\/www.cdu-fraktion-hamburg-mitte.de\/cms\/#organization","name":"CDU-B\u00fcrgerschaftsfraktion Hamburg","url":"https:\/\/www.cdu-fraktion-hamburg-mitte.de\/cms\/","logo":{"@type":"ImageObject","inLanguage":"de","@id":"https:\/\/www.cdu-fraktion-hamburg-mitte.de\/cms\/#\/schema\/logo\/image\/","url":"","contentUrl":"","caption":"CDU-B\u00fcrgerschaftsfraktion Hamburg"},"image":{"@id":"https:\/\/www.cdu-fraktion-hamburg-mitte.de\/cms\/#\/schema\/logo\/image\/"}},{"@type":"Person","@id":"https:\/\/www.cdu-fraktion-hamburg-mitte.de\/cms\/#\/schema\/person\/01bd1301f44cce77a35a1506b8747e05","name":"fraktion","image":{"@type":"ImageObject","inLanguage":"de","@id":"https:\/\/www.cdu-fraktion-hamburg-mitte.de\/cms\/wp-content\/uploads\/2023\/11\/CDU-Logo-Avatar-150x150.png","url":"https:\/\/www.cdu-fraktion-hamburg-mitte.de\/cms\/wp-content\/uploads\/2023\/11\/CDU-Logo-Avatar-150x150.png","contentUrl":"https:\/\/www.cdu-fraktion-hamburg-mitte.de\/cms\/wp-content\/uploads\/2023\/11\/CDU-Logo-Avatar-150x150.png","caption":"fraktion"},"url":"https:\/\/www.cdu-fraktion-hamburg-mitte.de\/cms\/author\/fraktion\/"}]}},"_links":{"self":[{"href":"https:\/\/www.cdu-fraktion-hamburg-mitte.de\/cms\/wp-json\/wp\/v2\/posts\/14109","targetHints":{"allow":["GET"]}}],"collection":[{"href":"https:\/\/www.cdu-fraktion-hamburg-mitte.de\/cms\/wp-json\/wp\/v2\/posts"}],"about":[{"href":"https:\/\/www.cdu-fraktion-hamburg-mitte.de\/cms\/wp-json\/wp\/v2\/types\/post"}],"author":[{"embeddable":true,"href":"https:\/\/www.cdu-fraktion-hamburg-mitte.de\/cms\/wp-json\/wp\/v2\/users\/45"}],"replies":[{"embeddable":true,"href":"https:\/\/www.cdu-fraktion-hamburg-mitte.de\/cms\/wp-json\/wp\/v2\/comments?post=14109"}],"version-history":[{"count":1,"href":"https:\/\/www.cdu-fraktion-hamburg-mitte.de\/cms\/wp-json\/wp\/v2\/posts\/14109\/revisions"}],"predecessor-version":[{"id":14110,"href":"https:\/\/www.cdu-fraktion-hamburg-mitte.de\/cms\/wp-json\/wp\/v2\/posts\/14109\/revisions\/14110"}],"wp:featuredmedia":[{"embeddable":true,"href":"https:\/\/www.cdu-fraktion-hamburg-mitte.de\/cms\/wp-json\/wp\/v2\/media\/13551"}],"wp:attachment":[{"href":"https:\/\/www.cdu-fraktion-hamburg-mitte.de\/cms\/wp-json\/wp\/v2\/media?parent=14109"}],"wp:term":[{"taxonomy":"category","embeddable":true,"href":"https:\/\/www.cdu-fraktion-hamburg-mitte.de\/cms\/wp-json\/wp\/v2\/categories?post=14109"},{"taxonomy":"post_tag","embeddable":true,"href":"https:\/\/www.cdu-fraktion-hamburg-mitte.de\/cms\/wp-json\/wp\/v2\/tags?post=14109"}],"curies":[{"name":"wp","href":"https:\/\/api.w.org\/{rel}","templated":true}]}}